{"id":5189,"date":"2020-12-21T10:04:32","date_gmt":"2020-12-21T09:04:32","guid":{"rendered":"https:\/\/agora.xtec.cat\/ceipsorianomontagut\/?p=5189"},"modified":"2020-12-21T19:41:31","modified_gmt":"2020-12-21T18:41:31","slug":"conte-de-nadal","status":"publish","type":"post","link":"https:\/\/agora.xtec.cat\/ceipsorianomontagut\/infantil\/conte-de-nadal\/","title":{"rendered":"CONTE DE NADAL"},"content":{"rendered":"<p>Benvolgudes fam\u00edlies,<\/p>\n<p>Aquest any tan at\u00edpic no hem pogut celebrar el nostre habitual festival de Nadal, per\u00f2 aix\u00f2 no ha impedit que aquestes \u00faltimes setmanes l&#8217;escola s&#8217;hagi omplert de nadales, m\u00fasica i alegria.<\/p>\n<p>Avui, per celebrar l&#8217;\u00faltim dia abans de vacances, hem gaudit tots del conte de Nadal que hem elaborat entre tota comunitat educativa.<\/p>\n<p>Us el compartim la llista de reproducci\u00f3 perqu\u00e8 pugueu veure els v\u00eddeos. Us demanem disculpes ja que el v\u00eddeo de p3 no el podem penjar per problemes de dret d&#8217;autor.<\/p>\n<div class=\"ast-oembed-container \" style=\"height: 100%;\"><iframe loading=\"lazy\" title=\"video nadal sense p3\" width=\"500\" height=\"281\" src=\"https:\/\/www.youtube.com\/embed\/K2IxfOJRdOA?feature=oembed\" frameborder=\"0\" allow=\"accelerometer; autoplay; clipboard-write; encrypted-media; gyroscope; picture-in-picture; web-share\" referrerpolicy=\"strict-origin-when-cross-origin\" allowfullscreen><\/iframe><\/div>\n<p>&nbsp;<\/p>\n<p><a href=\"https:\/\/www.youtube.com\/playlist?list=PL3E-PZBb9FC26RqFbsqX-jiD56LccB45U\">https:\/\/www.youtube.com\/playlist?list=PL3E-PZBb9FC26RqFbsqX-jiD56LccB45U<\/a><\/p>\n<p><a href=\"https:\/\/www.youtube.com\/watch?v=blxdFb0TbRk&#038;list=PL3E-PZBb9FC26RqFbsqX-jiD56LccB45U&#038;index=7\">https:\/\/www.youtube.com\/watch?v=blxdFb0TbRk&amp;list=PL3E-PZBb9FC26RqFbsqX-jiD56LccB45U&amp;index=7<\/a><\/p>\n<p><a href=\"https:\/\/www.youtube.com\/watch?v=AQuV53XRE7s&#038;list=PL3E-PZBb9FC26RqFbsqX-jiD56LccB45U&#038;index=9\">https:\/\/www.youtube.com\/watch?v=AQuV53XRE7s&amp;list=PL3E-PZBb9FC26RqFbsqX-jiD56LccB45U&amp;index=9<\/a><\/p>\n<p>&nbsp;<\/p>\n<p><a href=\"https:\/\/www.youtube.com\/watch?v=PmEucRaVszc&#038;list=PL3E-PZBb9FC26RqFbsqX-jiD56LccB45U&#038;index=10\">https:\/\/www.youtube.com\/watch?v=PmEucRaVszc&amp;list=PL3E-PZBb9FC26RqFbsqX-jiD56LccB45U&amp;index=10<\/a><\/p>\n<p><a href=\"https:\/\/www.youtube.com\/watch?v=Q0w5pH2Edls&#038;list=PL3E-PZBb9FC26RqFbsqX-jiD56LccB45U&#038;index=8\">https:\/\/www.youtube.com\/watch?v=Q0w5pH2Edls&amp;list=PL3E-PZBb9FC26RqFbsqX-jiD56LccB45U&amp;index=8<\/a><\/p>\n<p><a href=\"https:\/\/www.youtube.com\/watch?v=7FCHtt6NP00&#038;list=PL3E-PZBb9FC26RqFbsqX-jiD56LccB45U&#038;index=6\">https:\/\/www.youtube.com\/watch?v=7FCHtt6NP00&amp;list=PL3E-PZBb9FC26RqFbsqX-jiD56LccB45U&amp;index=6<\/a><\/p>\n<p><a href=\"https:\/\/www.youtube.com\/watch?v=-oc2QW5FzRc&#038;list=PL3E-PZBb9FC26RqFbsqX-jiD56LccB45U&#038;index=5\">https:\/\/www.youtube.com\/watch?v=-oc2QW5FzRc&amp;list=PL3E-PZBb9FC26RqFbsqX-jiD56LccB45U&amp;index=5<\/a><\/p>\n<p>&nbsp;<\/p>\n<p><a href=\"https:\/\/www.youtube.com\/watch?v=H-IPXSMMHgY&#038;list=PL3E-PZBb9FC26RqFbsqX-jiD56LccB45U&#038;index=4\">https:\/\/www.youtube.com\/watch?v=H-IPXSMMHgY&amp;list=PL3E-PZBb9FC26RqFbsqX-jiD56LccB45U&amp;index=4<\/a><\/p>\n<p>&nbsp;<\/p>\n<div class=\"ast-oembed-container \" style=\"height: 100%;\"><iframe loading=\"lazy\" title=\"mestres\" width=\"500\" height=\"281\" src=\"https:\/\/www.youtube.com\/embed\/50jwx195CRc?feature=oembed\" frameborder=\"0\" allow=\"accelerometer; autoplay; clipboard-write; encrypted-media; gyroscope; picture-in-picture; web-share\" referrerpolicy=\"strict-origin-when-cross-origin\" allowfullscreen><\/iframe><\/div>\n<p>Aprofitem per desitjar-vos molt bones festes!<\/p>\n","protected":false},"excerpt":{"rendered":"<p>Benvolgudes fam\u00edlies, Aquest any tan at\u00edpic no hem pogut celebrar el nostre habitual festival de Nadal, per\u00f2 aix\u00f2 no ha impedit que aquestes \u00faltimes setmanes l&#8217;escola s&#8217;hagi omplert de nadales, m\u00fasica i alegria. Avui, per celebrar l&#8217;\u00faltim dia abans de vacances, hem gaudit tots del conte de Nadal que hem elaborat entre tota comunitat educativa. [&hellip;]<\/p>\n","protected":false},"author":1,"featured_media":0,"comment_status":"open","ping_status":"closed","sticky":false,"template":"","format":"standard","meta":{"_bbp_topic_count":0,"_bbp_reply_count":0,"_bbp_total_topic_count":0,"_bbp_total_reply_count":0,"_bbp_voice_count":0,"_bbp_anonymous_reply_count":0,"_bbp_topic_count_hidden":0,"_bbp_reply_count_hidden":0,"_bbp_forum_subforum_count":0,"site-sidebar-layout":"default","site-content-layout":"","ast-site-content-layout":"","site-content-style":"default","site-sidebar-style":"default","ast-global-header-display":"","ast-banner-title-visibility":"","ast-main-header-display":"","ast-hfb-above-header-display":"","ast-hfb-below-header-display":"","ast-hfb-mobile-header-display":"","site-post-title":"","ast-breadcrumbs-content":"","ast-featured-img":"","footer-sml-layout":"","theme-transparent-header-meta":"","adv-header-id-meta":"","stick-header-meta":"","header-above-stick-meta":"","header-main-stick-meta":"","header-below-stick-meta":"","astra-migrate-meta-layouts":"default","ast-page-background-enabled":"default","ast-page-background-meta":{"desktop":{"background-color":"var(--ast-global-color-4)","background-image":"","background-repeat":"repeat","background-position":"center center","background-size":"auto","background-attachment":"scroll","background-type":"","background-media":"","overlay-type":"","overlay-color":"","overlay-opacity":"","overlay-gradient":""},"tablet":{"background-color":"","background-image":"","background-repeat":"repeat","background-position":"center center","background-size":"auto","background-attachment":"scroll","background-type":"","background-media":"","overlay-type":"","overlay-color":"","overlay-opacity":"","overlay-gradient":""},"mobile":{"background-color":"","background-image":"","background-repeat":"repeat","background-position":"center center","background-size":"auto","background-attachment":"scroll","background-type":"","background-media":"","overlay-type":"","overlay-color":"","overlay-opacity":"","overlay-gradient":""}},"ast-content-background-meta":{"desktop":{"background-color":"var(--ast-global-color-5)","background-image":"","background-repeat":"repeat","background-position":"center center","background-size":"auto","background-attachment":"scroll","background-type":"","background-media":"","overlay-type":"","overlay-color":"","overlay-opacity":"","overlay-gradient":""},"tablet":{"background-color":"var(--ast-global-color-5)","background-image":"","background-repeat":"repeat","background-position":"center center","background-size":"auto","background-attachment":"scroll","background-type":"","background-media":"","overlay-type":"","overlay-color":"","overlay-opacity":"","overlay-gradient":""},"mobile":{"background-color":"var(--ast-global-color-5)","background-image":"","background-repeat":"repeat","background-position":"center center","background-size":"auto","background-attachment":"scroll","background-type":"","background-media":"","overlay-type":"","overlay-color":"","overlay-opacity":"","overlay-gradient":""}},"footnotes":""},"categories":[2,4,5],"tags":[],"class_list":["post-5189","post","type-post","status-publish","format-standard","hentry","category-infantil","category-portada","category-primaria"],"post_mailing_queue_ids":[],"_links":{"self":[{"href":"https:\/\/agora.xtec.cat\/ceipsorianomontagut\/wp-json\/wp\/v2\/posts\/5189","targetHints":{"allow":["GET"]}}],"collection":[{"href":"https:\/\/agora.xtec.cat\/ceipsorianomontagut\/wp-json\/wp\/v2\/posts"}],"about":[{"href":"https:\/\/agora.xtec.cat\/ceipsorianomontagut\/wp-json\/wp\/v2\/types\/post"}],"author":[{"embeddable":true,"href":"https:\/\/agora.xtec.cat\/ceipsorianomontagut\/wp-json\/wp\/v2\/users\/1"}],"replies":[{"embeddable":true,"href":"https:\/\/agora.xtec.cat\/ceipsorianomontagut\/wp-json\/wp\/v2\/comments?post=5189"}],"version-history":[{"count":3,"href":"https:\/\/agora.xtec.cat\/ceipsorianomontagut\/wp-json\/wp\/v2\/posts\/5189\/revisions"}],"predecessor-version":[{"id":5193,"href":"https:\/\/agora.xtec.cat\/ceipsorianomontagut\/wp-json\/wp\/v2\/posts\/5189\/revisions\/5193"}],"wp:attachment":[{"href":"https:\/\/agora.xtec.cat\/ceipsorianomontagut\/wp-json\/wp\/v2\/media?parent=5189"}],"wp:term":[{"taxonomy":"category","embeddable":true,"href":"https:\/\/agora.xtec.cat\/ceipsorianomontagut\/wp-json\/wp\/v2\/categories?post=5189"},{"taxonomy":"post_tag","embeddable":true,"href":"https:\/\/agora.xtec.cat\/ceipsorianomontagut\/wp-json\/wp\/v2\/tags?post=5189"}],"curies":[{"name":"wp","href":"https:\/\/api.w.org\/{rel}","templated":true}]}}