{"id":4943,"date":"2020-10-26T12:18:25","date_gmt":"2020-10-26T11:18:25","guid":{"rendered":"https:\/\/agora.xtec.cat\/ceipsorianomontagut\/?p=4943"},"modified":"2020-10-26T12:19:43","modified_gmt":"2020-10-26T11:19:43","slug":"ukeleles-a-lescola","status":"publish","type":"post","link":"https:\/\/agora.xtec.cat\/ceipsorianomontagut\/portada\/ukeleles-a-lescola\/","title":{"rendered":"ukeleles a l&#8217;escola"},"content":{"rendered":"<p>Hola a tots i totes!<\/p>\n<p>Aquest any estem molt contents de poder estrenar els ukeleles a l&#8217;aula de m\u00fasica. Aquests instruments ens permetran acompanyar les nostres can\u00e7ons preferides i treballar la m\u00fasica des d&#8217;una altra vessant.<\/p>\n<p><a href=\"https:\/\/agora.xtec.cat\/ceipsorianomontagut\/wp-content\/uploads\/usu1929\/2020\/10\/WhatsApp-Image-2020-10-26-at-12.08.52.jpeg\"><img loading=\"lazy\" decoding=\"async\" class=\"aligncenter size-medium wp-image-4944\" src=\"https:\/\/agora.xtec.cat\/ceipsorianomontagut\/wp-content\/uploads\/usu1929\/2020\/10\/WhatsApp-Image-2020-10-26-at-12.08.52-225x300.jpeg\" alt=\"\" width=\"225\" height=\"300\" srcset=\"https:\/\/agora.xtec.cat\/ceipsorianomontagut\/wp-content\/uploads\/usu1929\/2020\/10\/WhatsApp-Image-2020-10-26-at-12.08.52-225x300.jpeg 225w, https:\/\/agora.xtec.cat\/ceipsorianomontagut\/wp-content\/uploads\/usu1929\/2020\/10\/WhatsApp-Image-2020-10-26-at-12.08.52-768x1024.jpeg 768w, https:\/\/agora.xtec.cat\/ceipsorianomontagut\/wp-content\/uploads\/usu1929\/2020\/10\/WhatsApp-Image-2020-10-26-at-12.08.52.jpeg 1200w\" sizes=\"auto, (max-width: 225px) 100vw, 225px\" \/><\/a> <a href=\"https:\/\/agora.xtec.cat\/ceipsorianomontagut\/wp-content\/uploads\/usu1929\/2020\/10\/WhatsApp-Image-2020-10-26-at-12.08.51-1.jpeg\"><img loading=\"lazy\" decoding=\"async\" class=\"aligncenter wp-image-4946\" src=\"https:\/\/agora.xtec.cat\/ceipsorianomontagut\/wp-content\/uploads\/usu1929\/2020\/10\/WhatsApp-Image-2020-10-26-at-12.08.51-1-300x123.jpeg\" alt=\"\" width=\"517\" height=\"212\" srcset=\"https:\/\/agora.xtec.cat\/ceipsorianomontagut\/wp-content\/uploads\/usu1929\/2020\/10\/WhatsApp-Image-2020-10-26-at-12.08.51-1-300x123.jpeg 300w, https:\/\/agora.xtec.cat\/ceipsorianomontagut\/wp-content\/uploads\/usu1929\/2020\/10\/WhatsApp-Image-2020-10-26-at-12.08.51-1-768x315.jpeg 768w, https:\/\/agora.xtec.cat\/ceipsorianomontagut\/wp-content\/uploads\/usu1929\/2020\/10\/WhatsApp-Image-2020-10-26-at-12.08.51-1-1024x420.jpeg 1024w, https:\/\/agora.xtec.cat\/ceipsorianomontagut\/wp-content\/uploads\/usu1929\/2020\/10\/WhatsApp-Image-2020-10-26-at-12.08.51-1.jpeg 1454w\" sizes=\"auto, (max-width: 517px) 100vw, 517px\" \/><\/a><\/p>\n","protected":false},"excerpt":{"rendered":"<p>Hola a tots i totes! Aquest any estem molt contents de poder estrenar els ukeleles a l&#8217;aula de m\u00fasica. Aquests instruments ens permetran acompanyar les nostres can\u00e7ons preferides i treballar la m\u00fasica des d&#8217;una altra vessant.<\/p>\n","protected":false},"author":1,"featured_media":4944,"comment_status":"open","ping_status":"closed","sticky":false,"template":"","format":"standard","meta":{"_bbp_topic_count":0,"_bbp_reply_count":0,"_bbp_total_topic_count":0,"_bbp_total_reply_count":0,"_bbp_voice_count":0,"_bbp_anonymous_reply_count":0,"_bbp_topic_count_hidden":0,"_bbp_reply_count_hidden":0,"_bbp_forum_subforum_count":0,"site-sidebar-layout":"default","site-content-layout":"","ast-site-content-layout":"","site-content-style":"default","site-sidebar-style":"default","ast-global-header-display":"","ast-banner-title-visibility":"","ast-main-header-display":"","ast-hfb-above-header-display":"","ast-hfb-below-header-display":"","ast-hfb-mobile-header-display":"","site-post-title":"","ast-breadcrumbs-content":"","ast-featured-img":"","footer-sml-layout":"","theme-transparent-header-meta":"","adv-header-id-meta":"","stick-header-meta":"","header-above-stick-meta":"","header-main-stick-meta":"","header-below-stick-meta":"","astra-migrate-meta-layouts":"default","ast-page-background-enabled":"default","ast-page-background-meta":{"desktop":{"background-color":"var(--ast-global-color-4)","background-image":"","background-repeat":"repeat","background-position":"center center","background-size":"auto","background-attachment":"scroll","background-type":"","background-media":"","overlay-type":"","overlay-color":"","overlay-opacity":"","overlay-gradient":""},"tablet":{"background-color":"","background-image":"","background-repeat":"repeat","background-position":"center center","background-size":"auto","background-attachment":"scroll","background-type":"","background-media":"","overlay-type":"","overlay-color":"","overlay-opacity":"","overlay-gradient":""},"mobile":{"background-color":"","background-image":"","background-repeat":"repeat","background-position":"center center","background-size":"auto","background-attachment":"scroll","background-type":"","background-media":"","overlay-type":"","overlay-color":"","overlay-opacity":"","overlay-gradient":""}},"ast-content-background-meta":{"desktop":{"background-color":"var(--ast-global-color-5)","background-image":"","background-repeat":"repeat","background-position":"center center","background-size":"auto","background-attachment":"scroll","background-type":"","background-media":"","overlay-type":"","overlay-color":"","overlay-opacity":"","overlay-gradient":""},"tablet":{"background-color":"var(--ast-global-color-5)","background-image":"","background-repeat":"repeat","background-position":"center center","background-size":"auto","background-attachment":"scroll","background-type":"","background-media":"","overlay-type":"","overlay-color":"","overlay-opacity":"","overlay-gradient":""},"mobile":{"background-color":"var(--ast-global-color-5)","background-image":"","background-repeat":"repeat","background-position":"center center","background-size":"auto","background-attachment":"scroll","background-type":"","background-media":"","overlay-type":"","overlay-color":"","overlay-opacity":"","overlay-gradient":""}},"footnotes":""},"categories":[88,97,4],"tags":[],"class_list":["post-4943","post","type-post","status-publish","format-standard","has-post-thumbnail","hentry","category-musica","category-musica-de-sise","category-portada"],"post_mailing_queue_ids":[],"_links":{"self":[{"href":"https:\/\/agora.xtec.cat\/ceipsorianomontagut\/wp-json\/wp\/v2\/posts\/4943","targetHints":{"allow":["GET"]}}],"collection":[{"href":"https:\/\/agora.xtec.cat\/ceipsorianomontagut\/wp-json\/wp\/v2\/posts"}],"about":[{"href":"https:\/\/agora.xtec.cat\/ceipsorianomontagut\/wp-json\/wp\/v2\/types\/post"}],"author":[{"embeddable":true,"href":"https:\/\/agora.xtec.cat\/ceipsorianomontagut\/wp-json\/wp\/v2\/users\/1"}],"replies":[{"embeddable":true,"href":"https:\/\/agora.xtec.cat\/ceipsorianomontagut\/wp-json\/wp\/v2\/comments?post=4943"}],"version-history":[{"count":2,"href":"https:\/\/agora.xtec.cat\/ceipsorianomontagut\/wp-json\/wp\/v2\/posts\/4943\/revisions"}],"predecessor-version":[{"id":4948,"href":"https:\/\/agora.xtec.cat\/ceipsorianomontagut\/wp-json\/wp\/v2\/posts\/4943\/revisions\/4948"}],"wp:featuredmedia":[{"embeddable":true,"href":"https:\/\/agora.xtec.cat\/ceipsorianomontagut\/wp-json\/wp\/v2\/media\/4944"}],"wp:attachment":[{"href":"https:\/\/agora.xtec.cat\/ceipsorianomontagut\/wp-json\/wp\/v2\/media?parent=4943"}],"wp:term":[{"taxonomy":"category","embeddable":true,"href":"https:\/\/agora.xtec.cat\/ceipsorianomontagut\/wp-json\/wp\/v2\/categories?post=4943"},{"taxonomy":"post_tag","embeddable":true,"href":"https:\/\/agora.xtec.cat\/ceipsorianomontagut\/wp-json\/wp\/v2\/tags?post=4943"}],"curies":[{"name":"wp","href":"https:\/\/api.w.org\/{rel}","templated":true}]}}