{"id":4810,"date":"2020-06-18T10:17:58","date_gmt":"2020-06-18T08:17:58","guid":{"rendered":"https:\/\/agora.xtec.cat\/ceipsorianomontagut\/?p=4810"},"modified":"2020-06-18T10:18:23","modified_gmt":"2020-06-18T08:18:23","slug":"escola-contagiada","status":"publish","type":"post","link":"https:\/\/agora.xtec.cat\/ceipsorianomontagut\/portada\/escola-contagiada\/","title":{"rendered":"ESCOLA CONTAGIADA?"},"content":{"rendered":"<p><strong><em>ESCOLA CONTAGIADA?<\/em><\/strong><\/p>\n<p>Ahir al programa de TV3 van parlar \u00a0de l\u2019escola i el covid 19 (escola contagiada), comen\u00e7a el Sr. Gonz\u00e1lez Cambray, parla molt b\u00e9 i molt educadament, com ho fan els pol\u00edtics, \u201cpol\u00edticament correcte\u201d, ens diu que tenen m\u00f2duls i que encara en posaran m\u00e9s si fa falta, el problema \u00e9s que aquests m\u00f2duls ja haurien d\u2019estar fora fa anys si s\u2019hagu\u00e9s invertit el suficient en \u201ceducaci\u00f3-ensenyament\u201d quan tocava, ara tot s\u00f3n presses.<\/p>\n<p>No ens explica prou clar que faran amb els especialistes, els convertiran en tutors i desapareixeran \u201cles maries\u201d, pl\u00e0stica, educaci\u00f3 f\u00edsica i m\u00fasica, assignatures que durant el confinament han estat imprescindibles? Tots serem tutors, tindrem la mateixa qualitat? Jo no s\u00f3c un expert en m\u00fasica, per\u00f2 l\u2019haur\u00e9 d\u2019impartir? O es deu simplement a interessos econ\u00f2mics?<\/p>\n<p>Qu\u00e8 farem en l\u2019escola inclusiva, socialitzadora, integradora, no segregadora, on quedar\u00e0?<\/p>\n<p>Tamb\u00e9 no deixa clar qu\u00e8 farem amb els alumnes, els tindrem per nivells o els agruparem per cicles si fa falta i aix\u00ed evitem desdoblar.<\/p>\n<p>La Sra. Mar Camacho diu que podem treballar digitalment, que no hi ha problema, us imagineu a infantil i prim\u00e0ria?<\/p>\n<p>I la formaci\u00f3 digital? Qui la fa i en quines condicions?Retallades en formaci\u00f3? Sempre vocaci\u00f3!<\/p>\n<p>Com b\u00e9 diu una de les tertulianes hem de diferenciar educaci\u00f3 d\u2019instrucci\u00f3, l\u2019oferta digital ha de ser un recurs per\u00f2 no la base principal, educar \u00e9s una altra cosa.<\/p>\n<p>Diuen que l\u2019obertura de centres ha estat un \u00e8xit per afavorir el dret a l\u2019educaci\u00f3, ho hagu\u00e9s estat si l\u2019obertura hagu\u00e9s sigut pera tothom,\u00a0 no nom\u00e9s per als alumnes d\u2019infantil i alguna tutoria puntual per als de prim\u00e0ria (no ha estat garantit), \u00a0nom\u00e9s us dono una dada per fer la valoraci\u00f3 que cregueu oportuna, en un centre de 420 alumnes, l\u2019assist\u00e8ncia ha estat de 2 alumnes durant el mes de juny, aix\u00f2 \u00e9s una valoraci\u00f3 positiva? Creieu que ens prenen el p\u00e8l?<\/p>\n<p>Jo en s\u00f3c partidari de la reobertura de centres i en tinc moltes ganes, la meva prioritat s\u00f3n els alumnes i les fam\u00edlies, per\u00f2 en les condicions i en el moment adequat, ho era ara?<\/p>\n<p>Damunt el Departament traspassa la responsabilitat de contagi d\u2019aquesta obertura als mestres i les fam\u00edlies fent signar obligat\u00f2riament una declaraci\u00f3 responsable de coses que no sabem amb certesa, jo no s\u00f3c metge per fer quines certes afirmacions, si volen ens poden fer proves m\u00e8diques.<\/p>\n<p>La valoraci\u00f3 digital \u00a0ha estat tamb\u00e9 positiva, han de dir que en part, malgrat l\u2019esfor\u00e7 de tothom, i aqu\u00ed si que incloc a tothom, mestres, pares, alumnes, departament..per\u00f2 hi ha hagut molts alumnes que han desconnectat, han abandonat, els m\u00e9s vulnerables, \u00a0i la bretxa digital, educativa \u00a0i socioecon\u00f2mica encara s\u2019ha fet m\u00e9s gran.<\/p>\n<p>Quan parlen de plantilles, diuen que contractaran els mestres que facin falta, per\u00f2 quants en\u00a0 fan falta? Parlar de n\u00fameros, si voleu \u00e9s molt f\u00e0cil, es poden fer quadrar com vulgues, nom\u00e9s cal adaptar les normes a la teva manera, redueixo metres de separaci\u00f3 i en lloc de desdoblar aules, de 2 en faig 3, ja he guanyat un mestre per nivell, aix\u00f2 suposa un gran estalvi de mestres i de diners, arreglat.<\/p>\n<p>Les r\u00e0tios, ja fa anys que estem demanant una baixada degut a la diversitat d\u2019alumnat i de les greus dificultats d\u2019aprenentatge que presenten molts. Qu\u00e8 ha passat? En lloc de baixar-les, el que feien era tancar l\u00ednies, ara ens trobem en aquest problema i sembla que baixant-les ara s\u00f3n uns herois, d\u2019aix\u00f2 se\u2019n diu retallades i no inversi\u00f3.<\/p>\n<p>Aix\u00f2 no vol dir que tot el que fa el Departament sigui negatiu, fa moltes coses ben fetes i s\u2019esfor\u00e7a, per\u00f2 encara som lluny d\u2019invertir el que caldria per tenir una \u201cEDUCACI\u00d3\u201d com toca.<\/p>\n<p>Han estat 3 hores de programa per deixar moltes coses a l\u2019aire, haurem d\u2019esperar instruccions concretes i clares.<\/p>\n<p>Segur que em deixo molts punts per parlar, per\u00f2 per aix\u00f2 estan els expert, jo nom\u00e9s parlo des de l\u2019experi\u00e8ncia d\u2019uns quans anys a l\u2019escola i a les aules.<\/p>\n<p>Conclusi\u00f3, aprofitem el que sabem i hem apr\u00e8s per no cometre errors i siguem positius.<\/p>\n<p>Reflexionem i parlem.<\/p>\n<p>Ens movem per la qualitat educativa o per interessos econ\u00f2mics i socials?<\/p>\n<p>El debat \u00e9s obert!<\/p>\n<p>&nbsp;<\/p>\n<p>Manel Estell\u00e9<\/p>\n","protected":false},"excerpt":{"rendered":"<p>ESCOLA CONTAGIADA? Ahir al programa de TV3 van parlar \u00a0de l\u2019escola i el covid 19 (escola contagiada), comen\u00e7a el Sr. Gonz\u00e1lez Cambray, parla molt b\u00e9 i molt educadament, com ho fan els pol\u00edtics, \u201cpol\u00edticament correcte\u201d, ens diu que tenen m\u00f2duls i que encara en posaran m\u00e9s si fa falta, el problema \u00e9s que aquests m\u00f2duls [&hellip;]<\/p>\n","protected":false},"author":1,"featured_media":0,"comment_status":"open","ping_status":"closed","sticky":false,"template":"","format":"standard","meta":{"_bbp_topic_count":0,"_bbp_reply_count":0,"_bbp_total_topic_count":0,"_bbp_total_reply_count":0,"_bbp_voice_count":0,"_bbp_anonymous_reply_count":0,"_bbp_topic_count_hidden":0,"_bbp_reply_count_hidden":0,"_bbp_forum_subforum_count":0,"site-sidebar-layout":"default","site-content-layout":"","ast-site-content-layout":"","site-content-style":"default","site-sidebar-style":"default","ast-global-header-display":"","ast-banner-title-visibility":"","ast-main-header-display":"","ast-hfb-above-header-display":"","ast-hfb-below-header-display":"","ast-hfb-mobile-header-display":"","site-post-title":"","ast-breadcrumbs-content":"","ast-featured-img":"","footer-sml-layout":"","theme-transparent-header-meta":"","adv-header-id-meta":"","stick-header-meta":"","header-above-stick-meta":"","header-main-stick-meta":"","header-below-stick-meta":"","astra-migrate-meta-layouts":"default","ast-page-background-enabled":"default","ast-page-background-meta":{"desktop":{"background-color":"var(--ast-global-color-4)","background-image":"","background-repeat":"repeat","background-position":"center center","background-size":"auto","background-attachment":"scroll","background-type":"","background-media":"","overlay-type":"","overlay-color":"","overlay-opacity":"","overlay-gradient":""},"tablet":{"background-color":"","background-image":"","background-repeat":"repeat","background-position":"center center","background-size":"auto","background-attachment":"scroll","background-type":"","background-media":"","overlay-type":"","overlay-color":"","overlay-opacity":"","overlay-gradient":""},"mobile":{"background-color":"","background-image":"","background-repeat":"repeat","background-position":"center center","background-size":"auto","background-attachment":"scroll","background-type":"","background-media":"","overlay-type":"","overlay-color":"","overlay-opacity":"","overlay-gradient":""}},"ast-content-background-meta":{"desktop":{"background-color":"var(--ast-global-color-5)","background-image":"","background-repeat":"repeat","background-position":"center center","background-size":"auto","background-attachment":"scroll","background-type":"","background-media":"","overlay-type":"","overlay-color":"","overlay-opacity":"","overlay-gradient":""},"tablet":{"background-color":"var(--ast-global-color-5)","background-image":"","background-repeat":"repeat","background-position":"center center","background-size":"auto","background-attachment":"scroll","background-type":"","background-media":"","overlay-type":"","overlay-color":"","overlay-opacity":"","overlay-gradient":""},"mobile":{"background-color":"var(--ast-global-color-5)","background-image":"","background-repeat":"repeat","background-position":"center center","background-size":"auto","background-attachment":"scroll","background-type":"","background-media":"","overlay-type":"","overlay-color":"","overlay-opacity":"","overlay-gradient":""}},"footnotes":""},"categories":[4],"tags":[],"class_list":["post-4810","post","type-post","status-publish","format-standard","hentry","category-portada"],"post_mailing_queue_ids":[],"_links":{"self":[{"href":"https:\/\/agora.xtec.cat\/ceipsorianomontagut\/wp-json\/wp\/v2\/posts\/4810","targetHints":{"allow":["GET"]}}],"collection":[{"href":"https:\/\/agora.xtec.cat\/ceipsorianomontagut\/wp-json\/wp\/v2\/posts"}],"about":[{"href":"https:\/\/agora.xtec.cat\/ceipsorianomontagut\/wp-json\/wp\/v2\/types\/post"}],"author":[{"embeddable":true,"href":"https:\/\/agora.xtec.cat\/ceipsorianomontagut\/wp-json\/wp\/v2\/users\/1"}],"replies":[{"embeddable":true,"href":"https:\/\/agora.xtec.cat\/ceipsorianomontagut\/wp-json\/wp\/v2\/comments?post=4810"}],"version-history":[{"count":1,"href":"https:\/\/agora.xtec.cat\/ceipsorianomontagut\/wp-json\/wp\/v2\/posts\/4810\/revisions"}],"predecessor-version":[{"id":4811,"href":"https:\/\/agora.xtec.cat\/ceipsorianomontagut\/wp-json\/wp\/v2\/posts\/4810\/revisions\/4811"}],"wp:attachment":[{"href":"https:\/\/agora.xtec.cat\/ceipsorianomontagut\/wp-json\/wp\/v2\/media?parent=4810"}],"wp:term":[{"taxonomy":"category","embeddable":true,"href":"https:\/\/agora.xtec.cat\/ceipsorianomontagut\/wp-json\/wp\/v2\/categories?post=4810"},{"taxonomy":"post_tag","embeddable":true,"href":"https:\/\/agora.xtec.cat\/ceipsorianomontagut\/wp-json\/wp\/v2\/tags?post=4810"}],"curies":[{"name":"wp","href":"https:\/\/api.w.org\/{rel}","templated":true}]}}