{"id":3746,"date":"2020-04-21T12:48:20","date_gmt":"2020-04-21T10:48:20","guid":{"rendered":"https:\/\/agora.xtec.cat\/ceipsorianomontagut\/?p=3746"},"modified":"2020-04-24T21:11:59","modified_gmt":"2020-04-24T19:11:59","slug":"sant-jordi-a-5e-opinions-de-llibres","status":"publish","type":"post","link":"https:\/\/agora.xtec.cat\/ceipsorianomontagut\/portada\/sant-jordi-a-5e-opinions-de-llibres\/","title":{"rendered":"Sant Jordi a 5\u00e8: Hadil, D\u00fania, Aroa, M.Missaoui, Iasmina, Marc, Sergi, Unai,\u00c0xel i Janet: opinions de llibres"},"content":{"rendered":"<p style=\"text-align: right;\">La Hadil de 5\u00e8 ens explica el llibre que m\u00e9s li ha agradat en aquest v\u00eddeo tan bonic que ens ha enviat. Felicitats Hadil. Els mestres de l&#8217;escola us trobem molt a faltar.<\/p>\n<div style=\"width: 640px;\" class=\"wp-video\"><!--[if lt IE 9]><script>document.createElement('video');<\/script><![endif]-->\n<video class=\"wp-video-shortcode\" id=\"video-3746-1\" width=\"640\" height=\"352\" preload=\"metadata\" controls=\"controls\"><source type=\"video\/mp4\" src=\"https:\/\/agora.xtec.cat\/ceipsorianomontagut\/wp-content\/uploads\/usu1929\/2020\/04\/VID-20200421-WA0012.mp4?_=1\" \/><a href=\"https:\/\/agora.xtec.cat\/ceipsorianomontagut\/wp-content\/uploads\/usu1929\/2020\/04\/VID-20200421-WA0012.mp4\">https:\/\/agora.xtec.cat\/ceipsorianomontagut\/wp-content\/uploads\/usu1929\/2020\/04\/VID-20200421-WA0012.mp4<\/a><\/video><\/div>\n<p>La D\u00fania tamb\u00e9 ens explica el seu llibre. Com es nota que t&#8217;encanta D\u00fania! Bona feina i una abra\u00e7ada!<\/p>\n<div style=\"width: 320px;\" class=\"wp-video\"><video class=\"wp-video-shortcode\" id=\"video-3746-2\" width=\"320\" height=\"320\" preload=\"metadata\" controls=\"controls\"><source type=\"video\/mp4\" src=\"https:\/\/agora.xtec.cat\/ceipsorianomontagut\/wp-content\/uploads\/usu1929\/2020\/04\/VID-20200421-WA0014.mp4?_=2\" \/><a href=\"https:\/\/agora.xtec.cat\/ceipsorianomontagut\/wp-content\/uploads\/usu1929\/2020\/04\/VID-20200421-WA0014.mp4\">https:\/\/agora.xtec.cat\/ceipsorianomontagut\/wp-content\/uploads\/usu1929\/2020\/04\/VID-20200421-WA0014.mp4<\/a><\/video><\/div>\n<p>L&#8217;Aroa ens explica el seu llibre d&#8217;una manera que ens agafen unes ganes de llegir-lo!! Una abra\u00e7ada bonica!!<\/p>\n<div style=\"width: 480px;\" class=\"wp-video\"><video class=\"wp-video-shortcode\" id=\"video-3746-3\" width=\"480\" height=\"270\" preload=\"metadata\" controls=\"controls\"><source type=\"video\/mp4\" src=\"https:\/\/agora.xtec.cat\/ceipsorianomontagut\/wp-content\/uploads\/usu1929\/2020\/04\/1_Grabaci\u00f3-o-escrit-dun-llibre-que-ens-ha-agradat-molt-21-abr.-2020-19-27-51.mp4?_=3\" \/><a href=\"https:\/\/agora.xtec.cat\/ceipsorianomontagut\/wp-content\/uploads\/usu1929\/2020\/04\/1_Grabaci\u00f3-o-escrit-dun-llibre-que-ens-ha-agradat-molt-21-abr.-2020-19-27-51.mp4\">https:\/\/agora.xtec.cat\/ceipsorianomontagut\/wp-content\/uploads\/usu1929\/2020\/04\/1_Grabaci\u00f3-o-escrit-dun-llibre-que-ens-ha-agradat-molt-21-abr.-2020-19-27-51.mp4<\/a><\/video><\/div>\n<p>El Mohamed Missaoui est\u00e0 fet un youtuber. Com li agrada aquest llibre que ha llegit! Moltes gr\u00e0cies Mohamed.<\/p>\n<div style=\"width: 240px;\" class=\"wp-video\"><video class=\"wp-video-shortcode\" id=\"video-3746-4\" width=\"240\" height=\"180\" preload=\"metadata\" controls=\"controls\"><source type=\"video\/mp4\" src=\"https:\/\/agora.xtec.cat\/ceipsorianomontagut\/wp-content\/uploads\/usu1929\/2020\/04\/Grabaci\u00f3-o-escrit-dun-llibre-que-ens-ha-agradat-molt-21-abr-2020-23-01.mp4?_=4\" \/><a href=\"https:\/\/agora.xtec.cat\/ceipsorianomontagut\/wp-content\/uploads\/usu1929\/2020\/04\/Grabaci\u00f3-o-escrit-dun-llibre-que-ens-ha-agradat-molt-21-abr-2020-23-01.mp4\">https:\/\/agora.xtec.cat\/ceipsorianomontagut\/wp-content\/uploads\/usu1929\/2020\/04\/Grabaci\u00f3-o-escrit-dun-llibre-que-ens-ha-agradat-molt-21-abr-2020-23-01.mp4<\/a><\/video><\/div>\n<p>La Iasmina ha fet un v\u00eddeo amb un muntatge de professionals. Felicitats Iasmina. I feli\u00e7 S. Jordi!<\/p>\n<div style=\"width: 340px;\" class=\"wp-video\"><video class=\"wp-video-shortcode\" id=\"video-3746-5\" width=\"340\" height=\"426\" preload=\"metadata\" controls=\"controls\"><source type=\"video\/mp4\" src=\"https:\/\/agora.xtec.cat\/ceipsorianomontagut\/wp-content\/uploads\/usu1929\/2020\/04\/1_Grabaci\u00f3-o-escrit-dun-llibre-que-ens-ha-agradat-molt-22-abr-2020-19-40.mp4?_=5\" \/><a href=\"https:\/\/agora.xtec.cat\/ceipsorianomontagut\/wp-content\/uploads\/usu1929\/2020\/04\/1_Grabaci\u00f3-o-escrit-dun-llibre-que-ens-ha-agradat-molt-22-abr-2020-19-40.mp4\">https:\/\/agora.xtec.cat\/ceipsorianomontagut\/wp-content\/uploads\/usu1929\/2020\/04\/1_Grabaci\u00f3-o-escrit-dun-llibre-que-ens-ha-agradat-molt-22-abr-2020-19-40.mp4<\/a><\/video><\/div>\n<p>El Marc ha contribu\u00eft amb unes recomanacions sobre uns llibres molt interessants. Gr\u00e0cies Marc!<\/p>\n<div style=\"width: 640px;\" class=\"wp-video\"><video class=\"wp-video-shortcode\" id=\"video-3746-6\" width=\"640\" height=\"360\" preload=\"metadata\" controls=\"controls\"><source type=\"video\/mp4\" src=\"https:\/\/agora.xtec.cat\/ceipsorianomontagut\/wp-content\/uploads\/usu1929\/2020\/04\/Sant-Jordi-Marc-Pellis\u00e9-.mp4?_=6\" \/><a href=\"https:\/\/agora.xtec.cat\/ceipsorianomontagut\/wp-content\/uploads\/usu1929\/2020\/04\/Sant-Jordi-Marc-Pellis\u00e9-.mp4\">https:\/\/agora.xtec.cat\/ceipsorianomontagut\/wp-content\/uploads\/usu1929\/2020\/04\/Sant-Jordi-Marc-Pellis\u00e9-.mp4<\/a><\/video><\/div>\n<p>Sergi ens parla d&#8217;un llibre que va de la f\u00f2rmula de l&#8217;eterna joventut! Oh qui la tingu\u00e9s!<\/p>\n<p><iframe loading=\"lazy\" src=\"\/\/www.youtube.com\/embed\/ZuutxjFvtgM\" width=\"560\" height=\"314\"><\/iframe>Unai t\u00e9 moltes coses que dir-nos sobre el seu llibre.<\/p>\n<div style=\"width: 240px;\" class=\"wp-video\"><video class=\"wp-video-shortcode\" id=\"video-3746-7\" width=\"240\" height=\"426\" preload=\"metadata\" controls=\"controls\"><source type=\"video\/mp4\" src=\"https:\/\/agora.xtec.cat\/ceipsorianomontagut\/wp-content\/uploads\/usu1929\/2020\/04\/VID_20200423_205804.mp4?_=7\" \/><a href=\"https:\/\/agora.xtec.cat\/ceipsorianomontagut\/wp-content\/uploads\/usu1929\/2020\/04\/VID_20200423_205804.mp4\">https:\/\/agora.xtec.cat\/ceipsorianomontagut\/wp-content\/uploads\/usu1929\/2020\/04\/VID_20200423_205804.mp4<\/a><\/video><\/div>\n<p>I \u00c0xel tamb\u00e9 est\u00e0 molt emocionat amb el seu llibre preferit. Una abra\u00e7ada a tots\u2764\ufe0f\u2764\ufe0f<\/p>\n<div style=\"width: 240px;\" class=\"wp-video\"><video class=\"wp-video-shortcode\" id=\"video-3746-8\" width=\"240\" height=\"426\" preload=\"metadata\" controls=\"controls\"><source type=\"video\/mp4\" src=\"https:\/\/agora.xtec.cat\/ceipsorianomontagut\/wp-content\/uploads\/usu1929\/2020\/04\/Grabaci\u00f3-o-escrit-dun-llibre-que-ens-ha-agradat-molt-24-d\u2019abr.-2020-11-41-14-1.mp4?_=8\" \/><a href=\"https:\/\/agora.xtec.cat\/ceipsorianomontagut\/wp-content\/uploads\/usu1929\/2020\/04\/Grabaci\u00f3-o-escrit-dun-llibre-que-ens-ha-agradat-molt-24-d\u2019abr.-2020-11-41-14-1.mp4\">https:\/\/agora.xtec.cat\/ceipsorianomontagut\/wp-content\/uploads\/usu1929\/2020\/04\/Grabaci\u00f3-o-escrit-dun-llibre-que-ens-ha-agradat-molt-24-d\u2019abr.-2020-11-41-14-1.mp4<\/a><\/video><\/div>\n<p>I Janet est\u00e0 feta una artista. Li agrada el llibre i s&#8217;expressa d&#8217;una manera que fa que t&#8217;agradi a tu tamb\u00e9. Ets una crack Janet!<\/p>\n<div style=\"width: 250px;\" class=\"wp-video\"><video class=\"wp-video-shortcode\" id=\"video-3746-9\" width=\"250\" height=\"444\" preload=\"metadata\" controls=\"controls\"><source type=\"video\/mp4\" src=\"https:\/\/agora.xtec.cat\/ceipsorianomontagut\/wp-content\/uploads\/usu1929\/2020\/04\/FullSizeRender.mp4?_=9\" \/><a href=\"https:\/\/agora.xtec.cat\/ceipsorianomontagut\/wp-content\/uploads\/usu1929\/2020\/04\/FullSizeRender.mp4\">https:\/\/agora.xtec.cat\/ceipsorianomontagut\/wp-content\/uploads\/usu1929\/2020\/04\/FullSizeRender.mp4<\/a><\/video><\/div>\n<p>&nbsp;<\/p>\n","protected":false},"excerpt":{"rendered":"<p>La Hadil de 5\u00e8 ens explica el llibre que m\u00e9s li ha agradat en aquest v\u00eddeo tan bonic que ens ha enviat. Felicitats Hadil. Els mestres de l&#8217;escola us trobem molt a faltar. La D\u00fania tamb\u00e9 ens explica el seu llibre. Com es nota que t&#8217;encanta D\u00fania! Bona feina i una abra\u00e7ada! L&#8217;Aroa ens explica [&hellip;]<\/p>\n","protected":false},"author":1,"featured_media":3749,"comment_status":"open","ping_status":"closed","sticky":false,"template":"","format":"standard","meta":{"_bbp_topic_count":0,"_bbp_reply_count":0,"_bbp_total_topic_count":0,"_bbp_total_reply_count":0,"_bbp_voice_count":0,"_bbp_anonymous_reply_count":0,"_bbp_topic_count_hidden":0,"_bbp_reply_count_hidden":0,"_bbp_forum_subforum_count":0,"site-sidebar-layout":"default","site-content-layout":"","ast-site-content-layout":"","site-content-style":"default","site-sidebar-style":"default","ast-global-header-display":"","ast-banner-title-visibility":"","ast-main-header-display":"","ast-hfb-above-header-display":"","ast-hfb-below-header-display":"","ast-hfb-mobile-header-display":"","site-post-title":"","ast-breadcrumbs-content":"","ast-featured-img":"","footer-sml-layout":"","theme-transparent-header-meta":"","adv-header-id-meta":"","stick-header-meta":"","header-above-stick-meta":"","header-main-stick-meta":"","header-below-stick-meta":"","astra-migrate-meta-layouts":"default","ast-page-background-enabled":"default","ast-page-background-meta":{"desktop":{"background-color":"var(--ast-global-color-4)","background-image":"","background-repeat":"repeat","background-position":"center center","background-size":"auto","background-attachment":"scroll","background-type":"","background-media":"","overlay-type":"","overlay-color":"","overlay-opacity":"","overlay-gradient":""},"tablet":{"background-color":"","background-image":"","background-repeat":"repeat","background-position":"center center","background-size":"auto","background-attachment":"scroll","background-type":"","background-media":"","overlay-type":"","overlay-color":"","overlay-opacity":"","overlay-gradient":""},"mobile":{"background-color":"","background-image":"","background-repeat":"repeat","background-position":"center center","background-size":"auto","background-attachment":"scroll","background-type":"","background-media":"","overlay-type":"","overlay-color":"","overlay-opacity":"","overlay-gradient":""}},"ast-content-background-meta":{"desktop":{"background-color":"var(--ast-global-color-5)","background-image":"","background-repeat":"repeat","background-position":"center center","background-size":"auto","background-attachment":"scroll","background-type":"","background-media":"","overlay-type":"","overlay-color":"","overlay-opacity":"","overlay-gradient":""},"tablet":{"background-color":"var(--ast-global-color-5)","background-image":"","background-repeat":"repeat","background-position":"center center","background-size":"auto","background-attachment":"scroll","background-type":"","background-media":"","overlay-type":"","overlay-color":"","overlay-opacity":"","overlay-gradient":""},"mobile":{"background-color":"var(--ast-global-color-5)","background-image":"","background-repeat":"repeat","background-position":"center center","background-size":"auto","background-attachment":"scroll","background-type":"","background-media":"","overlay-type":"","overlay-color":"","overlay-opacity":"","overlay-gradient":""}},"footnotes":""},"categories":[14,4],"tags":[],"class_list":["post-3746","post","type-post","status-publish","format-standard","has-post-thumbnail","hentry","category-5e","category-portada"],"post_mailing_queue_ids":[],"_links":{"self":[{"href":"https:\/\/agora.xtec.cat\/ceipsorianomontagut\/wp-json\/wp\/v2\/posts\/3746","targetHints":{"allow":["GET"]}}],"collection":[{"href":"https:\/\/agora.xtec.cat\/ceipsorianomontagut\/wp-json\/wp\/v2\/posts"}],"about":[{"href":"https:\/\/agora.xtec.cat\/ceipsorianomontagut\/wp-json\/wp\/v2\/types\/post"}],"author":[{"embeddable":true,"href":"https:\/\/agora.xtec.cat\/ceipsorianomontagut\/wp-json\/wp\/v2\/users\/1"}],"replies":[{"embeddable":true,"href":"https:\/\/agora.xtec.cat\/ceipsorianomontagut\/wp-json\/wp\/v2\/comments?post=3746"}],"version-history":[{"count":3,"href":"https:\/\/agora.xtec.cat\/ceipsorianomontagut\/wp-json\/wp\/v2\/posts\/3746\/revisions"}],"predecessor-version":[{"id":3837,"href":"https:\/\/agora.xtec.cat\/ceipsorianomontagut\/wp-json\/wp\/v2\/posts\/3746\/revisions\/3837"}],"wp:featuredmedia":[{"embeddable":true,"href":"https:\/\/agora.xtec.cat\/ceipsorianomontagut\/wp-json\/wp\/v2\/media\/3749"}],"wp:attachment":[{"href":"https:\/\/agora.xtec.cat\/ceipsorianomontagut\/wp-json\/wp\/v2\/media?parent=3746"}],"wp:term":[{"taxonomy":"category","embeddable":true,"href":"https:\/\/agora.xtec.cat\/ceipsorianomontagut\/wp-json\/wp\/v2\/categories?post=3746"},{"taxonomy":"post_tag","embeddable":true,"href":"https:\/\/agora.xtec.cat\/ceipsorianomontagut\/wp-json\/wp\/v2\/tags?post=3746"}],"curies":[{"name":"wp","href":"https:\/\/api.w.org\/{rel}","templated":true}]}}