{"id":3607,"date":"2020-04-16T10:15:10","date_gmt":"2020-04-16T08:15:10","guid":{"rendered":"https:\/\/agora.xtec.cat\/ceipsorianomontagut\/?p=3607"},"modified":"2020-04-16T10:24:34","modified_gmt":"2020-04-16T08:24:34","slug":"dia-mundial-de-la-veu","status":"publish","type":"post","link":"https:\/\/agora.xtec.cat\/ceipsorianomontagut\/portada\/dia-mundial-de-la-veu\/","title":{"rendered":"DIA MUNDIAL DE LA VEU"},"content":{"rendered":"<p>L&#8217;utilitzem cada dia per parlar i cantar, i, a vegades la maltractem cridant o for\u00e7ant&#8230; La nostra veu ens identifica i ens ajuda a comunicar-nos, ho hav\u00edeu pensat mai l&#8217;important que \u00e9s?<\/p>\n<p>Avui, 16 d&#8217;abril \u00e9s el DIA MUNDIAL DE LA VEU.<\/p>\n<p><img loading=\"lazy\" decoding=\"async\" class=\"alignnone \" src=\"https:\/\/criatures.ara.cat\/2017\/09\/23\/Voice-Changer-AndroidRock-Verne-Himalayas_1874822519_47124734_1500x1061.jpg\" width=\"683\" height=\"483\" \/><\/p>\n<pre>FONT: https:\/\/criatures.ara.cat\/oci\/la-veu_0_1874812509.html<\/pre>\n<p>&nbsp;<\/p>\n<p><a href=\"https:\/\/criatures.ara.cat\/oci\/la-veu_0_1874812509.html\"><img loading=\"lazy\" decoding=\"async\" class=\"alignnone size-large\" src=\"https:\/\/www.cambrils.cat\/biblioteca\/fitxers\/imatges\/lletrespersabernemes.png\/image_preview\" width=\"223\" height=\"102\" \/><\/a><\/p>\n<p>UNA ACTIVITAT PER ESCOLTAR I CON\u00c8IXER ELS DIFERENTS TIPUS DE VEUS<\/p>\n<p>&nbsp;<\/p>\n<p><a href=\"http:\/\/www.edu365.cat\/eso\/musica\/historic\/veu\/index.htm\"><img loading=\"lazy\" decoding=\"async\" class=\"alignnone size-large\" src=\"https:\/\/4.bp.blogspot.com\/_V2TY9kwQRVk\/TI3YVSafK5I\/AAAAAAAACDg\/4cBY1-muMZw\/w1200-h630-p-k-no-nu\/Dibujoveu.bmp\" width=\"599\" height=\"462\" \/><\/a><\/p>\n<p>V\u00cdDEOS PER GAUDIR DE DIFERENTS VEUS.<\/p>\n<div class=\"ast-oembed-container \" style=\"height: 100%;\"><iframe loading=\"lazy\" title=\"SING auditions scene but every song is replaced with the original\" width=\"500\" height=\"281\" src=\"https:\/\/www.youtube.com\/embed\/e4LqXoqAY8Y?feature=oembed\" frameborder=\"0\" allow=\"accelerometer; autoplay; clipboard-write; encrypted-media; gyroscope; picture-in-picture; web-share\" referrerpolicy=\"strict-origin-when-cross-origin\" allowfullscreen><\/iframe><\/div>\n<div class=\"ast-oembed-container \" style=\"height: 100%;\"><iframe loading=\"lazy\" title=\"V\u00e1zquez Sounds Adele - Rolling In The Deep (Cover)\" width=\"500\" height=\"281\" src=\"https:\/\/www.youtube.com\/embed\/SsmQimPDbXQ?feature=oembed\" frameborder=\"0\" allow=\"accelerometer; autoplay; clipboard-write; encrypted-media; gyroscope; picture-in-picture; web-share\" referrerpolicy=\"strict-origin-when-cross-origin\" allowfullscreen><\/iframe><\/div>\n<div class=\"ast-oembed-container \" style=\"height: 100%;\"><iframe loading=\"lazy\" title=\"Luis \u00c1ngel G\u00f3mez Jaramillo, Gael Garc\u00eda Bernal - Un Poco Loco (De &quot;Coco&quot;)\" width=\"500\" height=\"281\" src=\"https:\/\/www.youtube.com\/embed\/yZ7cBunq8xo?feature=oembed\" frameborder=\"0\" allow=\"accelerometer; autoplay; clipboard-write; encrypted-media; gyroscope; picture-in-picture; web-share\" referrerpolicy=\"strict-origin-when-cross-origin\" allowfullscreen><\/iframe><\/div>\n<div class=\"ast-oembed-container \" style=\"height: 100%;\"><iframe loading=\"lazy\" title=\"Voca People en la fiesta de La Tele (19 de abril de 2015) Completo\" width=\"500\" height=\"281\" src=\"https:\/\/www.youtube.com\/embed\/JpPfK9dWDwk?feature=oembed\" frameborder=\"0\" allow=\"accelerometer; autoplay; clipboard-write; encrypted-media; gyroscope; picture-in-picture; web-share\" referrerpolicy=\"strict-origin-when-cross-origin\" allowfullscreen><\/iframe><\/div>\n<div class=\"ast-oembed-container \" style=\"height: 100%;\"><iframe loading=\"lazy\" title=\"Vaiana: Videoclip &#039;Qu\u00e9 hay m\u00e1s all\u00e1&#039; con Mar\u00eda Parrado |  Disney Oficial | HD\" width=\"500\" height=\"281\" src=\"https:\/\/www.youtube.com\/embed\/TsI7co5OWtg?feature=oembed\" frameborder=\"0\" allow=\"accelerometer; autoplay; clipboard-write; encrypted-media; gyroscope; picture-in-picture; web-share\" referrerpolicy=\"strict-origin-when-cross-origin\" allowfullscreen><\/iframe><\/div>\n<div class=\"ast-oembed-container \" style=\"height: 100%;\"><iframe loading=\"lazy\" title=\"He escrito una canci\u00f3n solo con frases de mi infancia\" width=\"500\" height=\"281\" src=\"https:\/\/www.youtube.com\/embed\/Eq0J2W7vkDQ?feature=oembed\" frameborder=\"0\" allow=\"accelerometer; autoplay; clipboard-write; encrypted-media; gyroscope; picture-in-picture; web-share\" referrerpolicy=\"strict-origin-when-cross-origin\" allowfullscreen><\/iframe><\/div>\n<p><iframe loading=\"lazy\" src=\"https:\/\/www.youtube.com\/embed\/zeJrkHZpN30\" width=\"560\" height=\"315\" frameborder=\"0\"><\/iframe><\/p>\n<div class=\"ast-oembed-container \" style=\"height: 100%;\"><iframe loading=\"lazy\" title=\"Sing - Meena Sings! Scene | Fandango Family\" width=\"500\" height=\"281\" src=\"https:\/\/www.youtube.com\/embed\/bfTv6A1Wn4k?feature=oembed\" frameborder=\"0\" allow=\"accelerometer; autoplay; clipboard-write; encrypted-media; gyroscope; picture-in-picture; web-share\" referrerpolicy=\"strict-origin-when-cross-origin\" allowfullscreen><\/iframe><\/div>\n<div class=\"ast-oembed-container \" style=\"height: 100%;\"><iframe loading=\"lazy\" title=\"Disney&#039;s Circle of Stars - Do You Want To Build A Snowman (from Frozen)\" width=\"500\" height=\"281\" src=\"https:\/\/www.youtube.com\/embed\/1APv9t_LyOY?feature=oembed\" frameborder=\"0\" allow=\"accelerometer; autoplay; clipboard-write; encrypted-media; gyroscope; picture-in-picture; web-share\" referrerpolicy=\"strict-origin-when-cross-origin\" allowfullscreen><\/iframe><\/div>\n<p>I A VOSALTRES, QUINA VEU US AGRADA?<\/p>\n","protected":false},"excerpt":{"rendered":"<p>L&#8217;utilitzem cada dia per parlar i cantar, i, a vegades la maltractem cridant o for\u00e7ant&#8230; La nostra veu ens identifica i ens ajuda a comunicar-nos, ho hav\u00edeu pensat mai l&#8217;important que \u00e9s? Avui, 16 d&#8217;abril \u00e9s el DIA MUNDIAL DE LA VEU. FONT: https:\/\/criatures.ara.cat\/oci\/la-veu_0_1874812509.html &nbsp; UNA ACTIVITAT PER ESCOLTAR I CON\u00c8IXER ELS DIFERENTS TIPUS DE [&hellip;]<\/p>\n","protected":false},"author":1,"featured_media":3609,"comment_status":"open","ping_status":"closed","sticky":false,"template":"","format":"standard","meta":{"_bbp_topic_count":0,"_bbp_reply_count":0,"_bbp_total_topic_count":0,"_bbp_total_reply_count":0,"_bbp_voice_count":0,"_bbp_anonymous_reply_count":0,"_bbp_topic_count_hidden":0,"_bbp_reply_count_hidden":0,"_bbp_forum_subforum_count":0,"site-sidebar-layout":"default","site-content-layout":"","ast-site-content-layout":"","site-content-style":"default","site-sidebar-style":"default","ast-global-header-display":"","ast-banner-title-visibility":"","ast-main-header-display":"","ast-hfb-above-header-display":"","ast-hfb-below-header-display":"","ast-hfb-mobile-header-display":"","site-post-title":"","ast-breadcrumbs-content":"","ast-featured-img":"","footer-sml-layout":"","theme-transparent-header-meta":"","adv-header-id-meta":"","stick-header-meta":"","header-above-stick-meta":"","header-main-stick-meta":"","header-below-stick-meta":"","astra-migrate-meta-layouts":"default","ast-page-background-enabled":"default","ast-page-background-meta":{"desktop":{"background-color":"var(--ast-global-color-4)","background-image":"","background-repeat":"repeat","background-position":"center center","background-size":"auto","background-attachment":"scroll","background-type":"","background-media":"","overlay-type":"","overlay-color":"","overlay-opacity":"","overlay-gradient":""},"tablet":{"background-color":"","background-image":"","background-repeat":"repeat","background-position":"center center","background-size":"auto","background-attachment":"scroll","background-type":"","background-media":"","overlay-type":"","overlay-color":"","overlay-opacity":"","overlay-gradient":""},"mobile":{"background-color":"","background-image":"","background-repeat":"repeat","background-position":"center center","background-size":"auto","background-attachment":"scroll","background-type":"","background-media":"","overlay-type":"","overlay-color":"","overlay-opacity":"","overlay-gradient":""}},"ast-content-background-meta":{"desktop":{"background-color":"var(--ast-global-color-5)","background-image":"","background-repeat":"repeat","background-position":"center center","background-size":"auto","background-attachment":"scroll","background-type":"","background-media":"","overlay-type":"","overlay-color":"","overlay-opacity":"","overlay-gradient":""},"tablet":{"background-color":"var(--ast-global-color-5)","background-image":"","background-repeat":"repeat","background-position":"center center","background-size":"auto","background-attachment":"scroll","background-type":"","background-media":"","overlay-type":"","overlay-color":"","overlay-opacity":"","overlay-gradient":""},"mobile":{"background-color":"var(--ast-global-color-5)","background-image":"","background-repeat":"repeat","background-position":"center center","background-size":"auto","background-attachment":"scroll","background-type":"","background-media":"","overlay-type":"","overlay-color":"","overlay-opacity":"","overlay-gradient":""}},"footnotes":""},"categories":[88,96,89,90,91,92,95,93,97,94,4],"tags":[],"class_list":["post-3607","post","type-post","status-publish","format-standard","has-post-thumbnail","hentry","category-musica","category-musica-de-cinque","category-musica-de-p3","category-musica-de-p4","category-musica-de-p5","category-musica-de-primer","category-musica-de-quart","category-musica-de-segon","category-musica-de-sise","category-musica-de-tercer","category-portada"],"post_mailing_queue_ids":[],"_links":{"self":[{"href":"https:\/\/agora.xtec.cat\/ceipsorianomontagut\/wp-json\/wp\/v2\/posts\/3607","targetHints":{"allow":["GET"]}}],"collection":[{"href":"https:\/\/agora.xtec.cat\/ceipsorianomontagut\/wp-json\/wp\/v2\/posts"}],"about":[{"href":"https:\/\/agora.xtec.cat\/ceipsorianomontagut\/wp-json\/wp\/v2\/types\/post"}],"author":[{"embeddable":true,"href":"https:\/\/agora.xtec.cat\/ceipsorianomontagut\/wp-json\/wp\/v2\/users\/1"}],"replies":[{"embeddable":true,"href":"https:\/\/agora.xtec.cat\/ceipsorianomontagut\/wp-json\/wp\/v2\/comments?post=3607"}],"version-history":[{"count":4,"href":"https:\/\/agora.xtec.cat\/ceipsorianomontagut\/wp-json\/wp\/v2\/posts\/3607\/revisions"}],"predecessor-version":[{"id":3616,"href":"https:\/\/agora.xtec.cat\/ceipsorianomontagut\/wp-json\/wp\/v2\/posts\/3607\/revisions\/3616"}],"wp:featuredmedia":[{"embeddable":true,"href":"https:\/\/agora.xtec.cat\/ceipsorianomontagut\/wp-json\/wp\/v2\/media\/3609"}],"wp:attachment":[{"href":"https:\/\/agora.xtec.cat\/ceipsorianomontagut\/wp-json\/wp\/v2\/media?parent=3607"}],"wp:term":[{"taxonomy":"category","embeddable":true,"href":"https:\/\/agora.xtec.cat\/ceipsorianomontagut\/wp-json\/wp\/v2\/categories?post=3607"},{"taxonomy":"post_tag","embeddable":true,"href":"https:\/\/agora.xtec.cat\/ceipsorianomontagut\/wp-json\/wp\/v2\/tags?post=3607"}],"curies":[{"name":"wp","href":"https:\/\/api.w.org\/{rel}","templated":true}]}}