{"id":3465,"date":"2020-04-01T20:40:53","date_gmt":"2020-04-01T18:40:53","guid":{"rendered":"https:\/\/agora.xtec.cat\/ceipsorianomontagut\/?p=3465"},"modified":"2020-04-01T20:40:53","modified_gmt":"2020-04-01T18:40:53","slug":"tasques-de-5e-per-a-la-setmana-dabans-de-vacances","status":"publish","type":"post","link":"https:\/\/agora.xtec.cat\/ceipsorianomontagut\/primaria\/5e\/tasques-de-5e-per-a-la-setmana-dabans-de-vacances\/","title":{"rendered":"TASQUES DE 5\u00c8 PER A LA SETMANA D&#8217;ABANS DE VACANCES"},"content":{"rendered":"<p>Benvolguts\/es alumnes de 5\u00e8:<\/p>\n<p>Abans de marxar us vam repartir un full amb feina per a 15 dies. Com aquests 15 dies ja han passat us enviem feina per a la propera setmana. Quan sigui la setmana de vacances: del 6 al 13 d&#8217;abril, no tindreu deures. I el 14 d&#8217;abril, esperem poder tornar a la normalitat.<\/p>\n<p>Si teniu algun dubte us poseu en contacte amb nosaltres i us l&#8217;aclarirem.<\/p>\n<p>Matem\u00e0tiques: T\u00edtol del tema 6. Llegir la teoria i fer els seg\u00fcents exercicis. P\u00e0g. 112:2; p\u00e0g. 113: 3; P\u00e0g.114: 4;. P\u00e0g. 115: 5. I una altra l\u00ednia del full de divisions.<\/p>\n<p>Lengua castellana: Leer la teor\u00eda y hacer los siguientes ejercicios. P\u00e1g. 104: 1. P\u00e1g. 105: 3, 4, 5 y 1. P\u00e1g. 106: 2, 3 y 4.<\/p>\n<p>Naturals: Llegir la teoria i fer els seg\u00fcents exercicis. P\u00e0g. 56: 1,2.<\/p>\n<p>Socials: Llegir la teoria i fer els seg\u00fcents exercicis. P\u00e0g. 41: 1 i 2.<\/p>\n<p>Llengua catalana: Llegir la p\u00e0g. 94 i 95. Despr\u00e9s fer els seg\u00fcents exercicis. P\u00e0g. 105: 16. Omplir el quadre lila de l&#8217;exercici 18 per\u00f2 amb una not\u00edcia que parli sobre el corona virus i el confinament al qual estem tots sotmesos. Tot seguit escriure la not\u00edcia en brut. Comprovar que hi s\u00f3n totes les parts i que \u00e9s coherent i no hi ha faltes. Finalment passar-la a net en un full o a l\u2019ordinador.<\/p>\n<p>Cuideu-vos molt i feu bondat. Una abra\u00e7ada.<\/p>\n<p>&nbsp;<\/p>\n","protected":false},"excerpt":{"rendered":"<p>Benvolguts\/es alumnes de 5\u00e8: Abans de marxar us vam repartir un full amb feina per a 15 dies. Com aquests 15 dies ja han passat us enviem feina per a la propera setmana. Quan sigui la setmana de vacances: del 6 al 13 d&#8217;abril, no tindreu deures. I el 14 d&#8217;abril, esperem poder tornar a [&hellip;]<\/p>\n","protected":false},"author":1,"featured_media":3466,"comment_status":"open","ping_status":"closed","sticky":false,"template":"","format":"standard","meta":{"_bbp_topic_count":0,"_bbp_reply_count":0,"_bbp_total_topic_count":0,"_bbp_total_reply_count":0,"_bbp_voice_count":0,"_bbp_anonymous_reply_count":0,"_bbp_topic_count_hidden":0,"_bbp_reply_count_hidden":0,"_bbp_forum_subforum_count":0,"site-sidebar-layout":"default","site-content-layout":"","ast-site-content-layout":"","site-content-style":"default","site-sidebar-style":"default","ast-global-header-display":"","ast-banner-title-visibility":"","ast-main-header-display":"","ast-hfb-above-header-display":"","ast-hfb-below-header-display":"","ast-hfb-mobile-header-display":"","site-post-title":"","ast-breadcrumbs-content":"","ast-featured-img":"","footer-sml-layout":"","theme-transparent-header-meta":"","adv-header-id-meta":"","stick-header-meta":"","header-above-stick-meta":"","header-main-stick-meta":"","header-below-stick-meta":"","astra-migrate-meta-layouts":"default","ast-page-background-enabled":"default","ast-page-background-meta":{"desktop":{"background-color":"var(--ast-global-color-4)","background-image":"","background-repeat":"repeat","background-position":"center center","background-size":"auto","background-attachment":"scroll","background-type":"","background-media":"","overlay-type":"","overlay-color":"","overlay-opacity":"","overlay-gradient":""},"tablet":{"background-color":"","background-image":"","background-repeat":"repeat","background-position":"center center","background-size":"auto","background-attachment":"scroll","background-type":"","background-media":"","overlay-type":"","overlay-color":"","overlay-opacity":"","overlay-gradient":""},"mobile":{"background-color":"","background-image":"","background-repeat":"repeat","background-position":"center center","background-size":"auto","background-attachment":"scroll","background-type":"","background-media":"","overlay-type":"","overlay-color":"","overlay-opacity":"","overlay-gradient":""}},"ast-content-background-meta":{"desktop":{"background-color":"var(--ast-global-color-5)","background-image":"","background-repeat":"repeat","background-position":"center center","background-size":"auto","background-attachment":"scroll","background-type":"","background-media":"","overlay-type":"","overlay-color":"","overlay-opacity":"","overlay-gradient":""},"tablet":{"background-color":"var(--ast-global-color-5)","background-image":"","background-repeat":"repeat","background-position":"center center","background-size":"auto","background-attachment":"scroll","background-type":"","background-media":"","overlay-type":"","overlay-color":"","overlay-opacity":"","overlay-gradient":""},"mobile":{"background-color":"var(--ast-global-color-5)","background-image":"","background-repeat":"repeat","background-position":"center center","background-size":"auto","background-attachment":"scroll","background-type":"","background-media":"","overlay-type":"","overlay-color":"","overlay-opacity":"","overlay-gradient":""}},"footnotes":""},"categories":[14],"tags":[],"class_list":["post-3465","post","type-post","status-publish","format-standard","has-post-thumbnail","hentry","category-5e"],"post_mailing_queue_ids":[],"_links":{"self":[{"href":"https:\/\/agora.xtec.cat\/ceipsorianomontagut\/wp-json\/wp\/v2\/posts\/3465","targetHints":{"allow":["GET"]}}],"collection":[{"href":"https:\/\/agora.xtec.cat\/ceipsorianomontagut\/wp-json\/wp\/v2\/posts"}],"about":[{"href":"https:\/\/agora.xtec.cat\/ceipsorianomontagut\/wp-json\/wp\/v2\/types\/post"}],"author":[{"embeddable":true,"href":"https:\/\/agora.xtec.cat\/ceipsorianomontagut\/wp-json\/wp\/v2\/users\/1"}],"replies":[{"embeddable":true,"href":"https:\/\/agora.xtec.cat\/ceipsorianomontagut\/wp-json\/wp\/v2\/comments?post=3465"}],"version-history":[{"count":1,"href":"https:\/\/agora.xtec.cat\/ceipsorianomontagut\/wp-json\/wp\/v2\/posts\/3465\/revisions"}],"predecessor-version":[{"id":3467,"href":"https:\/\/agora.xtec.cat\/ceipsorianomontagut\/wp-json\/wp\/v2\/posts\/3465\/revisions\/3467"}],"wp:featuredmedia":[{"embeddable":true,"href":"https:\/\/agora.xtec.cat\/ceipsorianomontagut\/wp-json\/wp\/v2\/media\/3466"}],"wp:attachment":[{"href":"https:\/\/agora.xtec.cat\/ceipsorianomontagut\/wp-json\/wp\/v2\/media?parent=3465"}],"wp:term":[{"taxonomy":"category","embeddable":true,"href":"https:\/\/agora.xtec.cat\/ceipsorianomontagut\/wp-json\/wp\/v2\/categories?post=3465"},{"taxonomy":"post_tag","embeddable":true,"href":"https:\/\/agora.xtec.cat\/ceipsorianomontagut\/wp-json\/wp\/v2\/tags?post=3465"}],"curies":[{"name":"wp","href":"https:\/\/api.w.org\/{rel}","templated":true}]}}