{"id":3279,"date":"2020-03-23T09:28:41","date_gmt":"2020-03-23T08:28:41","guid":{"rendered":"https:\/\/agora.xtec.cat\/ceipsorianomontagut\/?p=3279"},"modified":"2026-01-22T23:02:09","modified_gmt":"2026-01-22T22:02:09","slug":"correus-de-contacte-amb-lescola","status":"publish","type":"post","link":"https:\/\/agora.xtec.cat\/ceipsorianomontagut\/portada\/correus-de-contacte-amb-lescola\/","title":{"rendered":"Contacte amb l&#8217;escola"},"content":{"rendered":"<p style=\"text-align: center;\">Adre\u00e7a postal<\/p>\n<p style=\"text-align: center;\">c. Balada, s\/n<\/p>\n<p style=\"text-align: center;\">Codi postal i localitat<\/p>\n<p style=\"text-align: center;\">43870 Amposta<\/p>\n<p style=\"text-align: center;\">N\u00famero de tel\u00e8fon<\/p>\n<p style=\"text-align: center;\">977702014\/ 630767506<\/p>\n<p style=\"text-align: center;\">Per tal de poder mantenir contacte amb els mestres de l&#8217;escola, hem habilitat l&#8217;aplicaci\u00f3 Classdojo al qual alumnes i fam\u00edlies us podreu adre\u00e7ar per comunicar-se amb el professorat.<\/p>\n<p><a href=\"https:\/\/www.classdojo.com\/es-es\/?redirect=true\" target=\"_blank\" rel=\"https:\/\/www.classdojo.com\/es-es\/?redirect=true noopener noreferrer\"><img loading=\"lazy\" decoding=\"async\" class=\"aligncenter wp-image-4933 size-full\" src=\"https:\/\/agora.xtec.cat\/ceipsorianomontagut\/wp-content\/uploads\/usu1929\/2020\/03\/classdojo.jpg\" alt=\"\" width=\"290\" height=\"174\" \/><\/a><\/p>\n<p style=\"text-align: center;\">Per a qualsevol consulta a la direcci\u00f3 del centre teniu el correu electr\u00f2nic<\/p>\n<p style=\"text-align: center;\"><a href=\"mailto:e3006186@xtec.cat\">e3006186@xtec.cat<\/a><\/p>\n<p>&nbsp;<\/p>\n<p style=\"text-align: center;\">O tamb\u00e9 a trav\u00e9s del Classdojo<\/p>\n<p>&nbsp;<\/p>\n<p>&nbsp;<\/p>\n<p>&nbsp;<\/p>\n","protected":false},"excerpt":{"rendered":"<p>Adre\u00e7a postal c. Balada, s\/n Codi postal i localitat 43870 Amposta N\u00famero de tel\u00e8fon 977702014\/ 630767506 Per tal de poder mantenir contacte amb els mestres de l&#8217;escola, hem habilitat l&#8217;aplicaci\u00f3 Classdojo al qual alumnes i fam\u00edlies us podreu adre\u00e7ar per comunicar-se amb el professorat. Per a qualsevol consulta a la direcci\u00f3 del centre teniu el [&hellip;]<\/p>\n","protected":false},"author":1,"featured_media":0,"comment_status":"open","ping_status":"closed","sticky":false,"template":"","format":"standard","meta":{"_bbp_topic_count":0,"_bbp_reply_count":0,"_bbp_total_topic_count":0,"_bbp_total_reply_count":0,"_bbp_voice_count":0,"_bbp_anonymous_reply_count":0,"_bbp_topic_count_hidden":0,"_bbp_reply_count_hidden":0,"_bbp_forum_subforum_count":0,"site-sidebar-layout":"default","site-content-layout":"","ast-site-content-layout":"default","site-content-style":"default","site-sidebar-style":"default","ast-global-header-display":"","ast-banner-title-visibility":"","ast-main-header-display":"","ast-hfb-above-header-display":"","ast-hfb-below-header-display":"","ast-hfb-mobile-header-display":"","site-post-title":"","ast-breadcrumbs-content":"","ast-featured-img":"","footer-sml-layout":"","theme-transparent-header-meta":"default","adv-header-id-meta":"","stick-header-meta":"","header-above-stick-meta":"","header-main-stick-meta":"","header-below-stick-meta":"","astra-migrate-meta-layouts":"set","ast-page-background-enabled":"default","ast-page-background-meta":{"desktop":{"background-color":"var(--ast-global-color-4)","background-image":"","background-repeat":"repeat","background-position":"center center","background-size":"auto","background-attachment":"scroll","background-type":"","background-media":"","overlay-type":"","overlay-color":"","overlay-opacity":"","overlay-gradient":""},"tablet":{"background-color":"","background-image":"","background-repeat":"repeat","background-position":"center center","background-size":"auto","background-attachment":"scroll","background-type":"","background-media":"","overlay-type":"","overlay-color":"","overlay-opacity":"","overlay-gradient":""},"mobile":{"background-color":"","background-image":"","background-repeat":"repeat","background-position":"center center","background-size":"auto","background-attachment":"scroll","background-type":"","background-media":"","overlay-type":"","overlay-color":"","overlay-opacity":"","overlay-gradient":""}},"ast-content-background-meta":{"desktop":{"background-color":"var(--ast-global-color-5)","background-image":"","background-repeat":"repeat","background-position":"center center","background-size":"auto","background-attachment":"scroll","background-type":"","background-media":"","overlay-type":"","overlay-color":"","overlay-opacity":"","overlay-gradient":""},"tablet":{"background-color":"var(--ast-global-color-5)","background-image":"","background-repeat":"repeat","background-position":"center center","background-size":"auto","background-attachment":"scroll","background-type":"","background-media":"","overlay-type":"","overlay-color":"","overlay-opacity":"","overlay-gradient":""},"mobile":{"background-color":"var(--ast-global-color-5)","background-image":"","background-repeat":"repeat","background-position":"center center","background-size":"auto","background-attachment":"scroll","background-type":"","background-media":"","overlay-type":"","overlay-color":"","overlay-opacity":"","overlay-gradient":""}},"footnotes":""},"categories":[4],"tags":[],"class_list":["post-3279","post","type-post","status-publish","format-standard","hentry","category-portada"],"post_mailing_queue_ids":[],"_links":{"self":[{"href":"https:\/\/agora.xtec.cat\/ceipsorianomontagut\/wp-json\/wp\/v2\/posts\/3279","targetHints":{"allow":["GET"]}}],"collection":[{"href":"https:\/\/agora.xtec.cat\/ceipsorianomontagut\/wp-json\/wp\/v2\/posts"}],"about":[{"href":"https:\/\/agora.xtec.cat\/ceipsorianomontagut\/wp-json\/wp\/v2\/types\/post"}],"author":[{"embeddable":true,"href":"https:\/\/agora.xtec.cat\/ceipsorianomontagut\/wp-json\/wp\/v2\/users\/1"}],"replies":[{"embeddable":true,"href":"https:\/\/agora.xtec.cat\/ceipsorianomontagut\/wp-json\/wp\/v2\/comments?post=3279"}],"version-history":[{"count":4,"href":"https:\/\/agora.xtec.cat\/ceipsorianomontagut\/wp-json\/wp\/v2\/posts\/3279\/revisions"}],"predecessor-version":[{"id":9118,"href":"https:\/\/agora.xtec.cat\/ceipsorianomontagut\/wp-json\/wp\/v2\/posts\/3279\/revisions\/9118"}],"wp:attachment":[{"href":"https:\/\/agora.xtec.cat\/ceipsorianomontagut\/wp-json\/wp\/v2\/media?parent=3279"}],"wp:term":[{"taxonomy":"category","embeddable":true,"href":"https:\/\/agora.xtec.cat\/ceipsorianomontagut\/wp-json\/wp\/v2\/categories?post=3279"},{"taxonomy":"post_tag","embeddable":true,"href":"https:\/\/agora.xtec.cat\/ceipsorianomontagut\/wp-json\/wp\/v2\/tags?post=3279"}],"curies":[{"name":"wp","href":"https:\/\/api.w.org\/{rel}","templated":true}]}}