{"id":2893,"date":"2020-02-25T17:49:03","date_gmt":"2020-02-25T16:49:03","guid":{"rendered":"https:\/\/agora.xtec.cat\/ceipsorianomontagut\/?p=2893"},"modified":"2020-02-25T17:49:03","modified_gmt":"2020-02-25T16:49:03","slug":"la-marfanta-del-lligallo","status":"publish","type":"post","link":"https:\/\/agora.xtec.cat\/ceipsorianomontagut\/general\/la-marfanta-del-lligallo\/","title":{"rendered":"LA MARFANTA DEL LLIGALLO"},"content":{"rendered":"<p><a href=\"https:\/\/agora.xtec.cat\/ceipsorianomontagut\/wp-content\/uploads\/usu1929\/2020\/02\/IMG-20200219-WA0009.jpg\"><img loading=\"lazy\" decoding=\"async\" class=\"aligncenter  wp-image-2895\" src=\"https:\/\/agora.xtec.cat\/ceipsorianomontagut\/wp-content\/uploads\/usu1929\/2020\/02\/IMG-20200219-WA0009-768x1024.jpg\" alt=\"\" width=\"252\" height=\"336\" srcset=\"https:\/\/agora.xtec.cat\/ceipsorianomontagut\/wp-content\/uploads\/usu1929\/2020\/02\/IMG-20200219-WA0009-768x1024.jpg 768w, https:\/\/agora.xtec.cat\/ceipsorianomontagut\/wp-content\/uploads\/usu1929\/2020\/02\/IMG-20200219-WA0009-225x300.jpg 225w, https:\/\/agora.xtec.cat\/ceipsorianomontagut\/wp-content\/uploads\/usu1929\/2020\/02\/IMG-20200219-WA0009.jpg 1200w\" sizes=\"auto, (max-width: 252px) 100vw, 252px\" \/><\/a><br \/>\nDespr\u00e8s d\u2019estar molts anys voltant pel m\u00f3n, aquest 19 de febrer de 2020 he decidit tornar al \u201cSoriano\u201d, la meva antiga casa, per veure com estava.<br \/>\nQuina sorpresa he tingut quan he vist tants xiquets i xiquetes disfressats, m\u2019he adonat que era carnaval i que hi havia festa i xerinola.<br \/>\nS\u00f3c una \u201cmarfanta bona\u201d i he tornat per ajudar-vos<br \/>\nDormir\u00e9 a les \u201cgolfes\u201d, vigilar\u00e9 com es porta tot l\u2019alumnat i observar\u00e9 qu\u00e8 passa pel poble i pel nostre pa\u00eds.<br \/>\nM\u2019he posat trista al veure que el nostre delta est\u00e0 en perill i que si no el cuidem pot arribar a desapar\u00e8ixer.<br \/>\nTamb\u00e9 he escoltat que hi ha uns personatges que s\u2019han inventat no s\u00e9 qu\u00e8 d\u2019un \u201cpin parental i d\u2019adoctrinar\u201d, no deuen saber qu\u00e8 \u00e9s una escola ni la feina que fan els i les mestres. (potser pertanyen a alguna secta?)<br \/>\nTamb\u00e9 he vist uns lla\u00e7os grocs penjants pels balcons i la gent del poble m\u2019ha comentat que eren per uns \u201cpresos pol\u00edtics\u201d.<br \/>\nA les pistes, he escoltat com es cantava una can\u00e7\u00f3 que deia alguna cosa de \u201cvolem un gimn\u00e0s\u201d, no s\u00e9 per qu\u00e8 deu ser!<br \/>\nJa m\u2019ho explicareu!<br \/>\nB\u00e9, despr\u00e9s d\u2019aquest llarg viatge, estic una mica cansada, avui ja me\u2019n vaig a dormir, per\u00f2 penseu que encara que no em veieu, estar\u00e9 observant i vigilant que f\u00e9ssiu les coses b\u00e9.<br \/>\nEns veiem aviat \u201camiguets i amiguetes\u201d, com deia un tal \u201cRamon\u201d.<br \/>\nBona nit!<br \/>\nUuuuuuuuuuuuuuuh!!<\/p>\n<p><a href=\"https:\/\/agora.xtec.cat\/ceipsorianomontagut\/wp-content\/uploads\/usu1929\/2020\/02\/IMG-20200219-WA0002.jpg\"><img loading=\"lazy\" decoding=\"async\" class=\"aligncenter  wp-image-2894\" src=\"https:\/\/agora.xtec.cat\/ceipsorianomontagut\/wp-content\/uploads\/usu1929\/2020\/02\/IMG-20200219-WA0002-576x1024.jpg\" alt=\"\" width=\"386\" height=\"687\" srcset=\"https:\/\/agora.xtec.cat\/ceipsorianomontagut\/wp-content\/uploads\/usu1929\/2020\/02\/IMG-20200219-WA0002-576x1024.jpg 576w, https:\/\/agora.xtec.cat\/ceipsorianomontagut\/wp-content\/uploads\/usu1929\/2020\/02\/IMG-20200219-WA0002-169x300.jpg 169w, https:\/\/agora.xtec.cat\/ceipsorianomontagut\/wp-content\/uploads\/usu1929\/2020\/02\/IMG-20200219-WA0002-768x1364.jpg 768w, https:\/\/agora.xtec.cat\/ceipsorianomontagut\/wp-content\/uploads\/usu1929\/2020\/02\/IMG-20200219-WA0002.jpg 900w\" sizes=\"auto, (max-width: 386px) 100vw, 386px\" \/><\/a><\/p>\n<p>&nbsp;<\/p>\n","protected":false},"excerpt":{"rendered":"<p>Despr\u00e8s d\u2019estar molts anys voltant pel m\u00f3n, aquest 19 de febrer de 2020 he decidit tornar al \u201cSoriano\u201d, la meva antiga casa, per veure com estava. Quina sorpresa he tingut quan he vist tants xiquets i xiquetes disfressats, m\u2019he adonat que era carnaval i que hi havia festa i xerinola. S\u00f3c una \u201cmarfanta bona\u201d i [&hellip;]<\/p>\n","protected":false},"author":1,"featured_media":2894,"comment_status":"open","ping_status":"closed","sticky":false,"template":"","format":"standard","meta":{"_bbp_topic_count":0,"_bbp_reply_count":0,"_bbp_total_topic_count":0,"_bbp_total_reply_count":0,"_bbp_voice_count":0,"_bbp_anonymous_reply_count":0,"_bbp_topic_count_hidden":0,"_bbp_reply_count_hidden":0,"_bbp_forum_subforum_count":0,"site-sidebar-layout":"default","site-content-layout":"","ast-site-content-layout":"","site-content-style":"default","site-sidebar-style":"default","ast-global-header-display":"","ast-banner-title-visibility":"","ast-main-header-display":"","ast-hfb-above-header-display":"","ast-hfb-below-header-display":"","ast-hfb-mobile-header-display":"","site-post-title":"","ast-breadcrumbs-content":"","ast-featured-img":"","footer-sml-layout":"","theme-transparent-header-meta":"","adv-header-id-meta":"","stick-header-meta":"","header-above-stick-meta":"","header-main-stick-meta":"","header-below-stick-meta":"","astra-migrate-meta-layouts":"default","ast-page-background-enabled":"default","ast-page-background-meta":{"desktop":{"background-color":"var(--ast-global-color-4)","background-image":"","background-repeat":"repeat","background-position":"center center","background-size":"auto","background-attachment":"scroll","background-type":"","background-media":"","overlay-type":"","overlay-color":"","overlay-opacity":"","overlay-gradient":""},"tablet":{"background-color":"","background-image":"","background-repeat":"repeat","background-position":"center center","background-size":"auto","background-attachment":"scroll","background-type":"","background-media":"","overlay-type":"","overlay-color":"","overlay-opacity":"","overlay-gradient":""},"mobile":{"background-color":"","background-image":"","background-repeat":"repeat","background-position":"center center","background-size":"auto","background-attachment":"scroll","background-type":"","background-media":"","overlay-type":"","overlay-color":"","overlay-opacity":"","overlay-gradient":""}},"ast-content-background-meta":{"desktop":{"background-color":"var(--ast-global-color-5)","background-image":"","background-repeat":"repeat","background-position":"center center","background-size":"auto","background-attachment":"scroll","background-type":"","background-media":"","overlay-type":"","overlay-color":"","overlay-opacity":"","overlay-gradient":""},"tablet":{"background-color":"var(--ast-global-color-5)","background-image":"","background-repeat":"repeat","background-position":"center center","background-size":"auto","background-attachment":"scroll","background-type":"","background-media":"","overlay-type":"","overlay-color":"","overlay-opacity":"","overlay-gradient":""},"mobile":{"background-color":"var(--ast-global-color-5)","background-image":"","background-repeat":"repeat","background-position":"center center","background-size":"auto","background-attachment":"scroll","background-type":"","background-media":"","overlay-type":"","overlay-color":"","overlay-opacity":"","overlay-gradient":""}},"footnotes":""},"categories":[1,4],"tags":[],"class_list":["post-2893","post","type-post","status-publish","format-standard","has-post-thumbnail","hentry","category-general","category-portada"],"post_mailing_queue_ids":[],"_links":{"self":[{"href":"https:\/\/agora.xtec.cat\/ceipsorianomontagut\/wp-json\/wp\/v2\/posts\/2893","targetHints":{"allow":["GET"]}}],"collection":[{"href":"https:\/\/agora.xtec.cat\/ceipsorianomontagut\/wp-json\/wp\/v2\/posts"}],"about":[{"href":"https:\/\/agora.xtec.cat\/ceipsorianomontagut\/wp-json\/wp\/v2\/types\/post"}],"author":[{"embeddable":true,"href":"https:\/\/agora.xtec.cat\/ceipsorianomontagut\/wp-json\/wp\/v2\/users\/1"}],"replies":[{"embeddable":true,"href":"https:\/\/agora.xtec.cat\/ceipsorianomontagut\/wp-json\/wp\/v2\/comments?post=2893"}],"version-history":[{"count":1,"href":"https:\/\/agora.xtec.cat\/ceipsorianomontagut\/wp-json\/wp\/v2\/posts\/2893\/revisions"}],"predecessor-version":[{"id":2896,"href":"https:\/\/agora.xtec.cat\/ceipsorianomontagut\/wp-json\/wp\/v2\/posts\/2893\/revisions\/2896"}],"wp:featuredmedia":[{"embeddable":true,"href":"https:\/\/agora.xtec.cat\/ceipsorianomontagut\/wp-json\/wp\/v2\/media\/2894"}],"wp:attachment":[{"href":"https:\/\/agora.xtec.cat\/ceipsorianomontagut\/wp-json\/wp\/v2\/media?parent=2893"}],"wp:term":[{"taxonomy":"category","embeddable":true,"href":"https:\/\/agora.xtec.cat\/ceipsorianomontagut\/wp-json\/wp\/v2\/categories?post=2893"},{"taxonomy":"post_tag","embeddable":true,"href":"https:\/\/agora.xtec.cat\/ceipsorianomontagut\/wp-json\/wp\/v2\/tags?post=2893"}],"curies":[{"name":"wp","href":"https:\/\/api.w.org\/{rel}","templated":true}]}}