{"id":2330,"date":"2020-01-08T22:31:59","date_gmt":"2020-01-08T21:31:59","guid":{"rendered":"https:\/\/agora.xtec.cat\/ceipsorianomontagut\/?p=2330"},"modified":"2020-01-08T22:31:59","modified_gmt":"2020-01-08T21:31:59","slug":"raco-fem-volar-la-nostra-imaginacio","status":"publish","type":"post","link":"https:\/\/agora.xtec.cat\/ceipsorianomontagut\/portada\/raco-fem-volar-la-nostra-imaginacio\/","title":{"rendered":"RAC\u00d3 FEM VOLAR LA NOSTRA IMAGINACI\u00d3"},"content":{"rendered":"<p>I per \u00faltim, parlem del rac\u00f3 FEM VOLAR LA NOSTRA IMAGINACI\u00d3!<\/p>\n<p>En aquest rac\u00f3 pretenem imaginar un m\u00f3n al nostre abast, a la nostra mida. Experimentem amb diferents materials i elements que ens permeten gaudir de i amb cadascun de nosaltres.<\/p>\n<p>Una de les activitats que hem fet ha estat anar al pati on amb guixos de colors hem reseguit els nostres contorns. Hem observat l&#8217;ombra, hem fet cacera d&#8217;ombres, les hem resseguit i hem observat que era molt m\u00e9s gran que nosaltres mateixos.<\/p>\n<p>Tamb\u00e9 hem manipulat elements naturals com l&#8217;aigua. Hem agafat esponges i hem deixat VOLAR LA NOSTRA IMAGINACI\u00d3!<\/p>\n<p>Per\u00f2 no tot \u00e9s dibuixar a l&#8217;aire lliure. A tamb\u00e9 l&#8217;aula hem fet creacions. All\u00ed amb diferents materials hem creat un petit m\u00f3n que surt directament de la nostra imaginaci\u00f3.<\/p>\n<p>I, ara, amb mateiral de rebuig estem creant una ciutat. A veure qu\u00e8 sortir\u00e1! Estem molt emocionats!<\/p>\n<p>&nbsp;<\/p>\n<p><a href=\"https:\/\/www.youtube.com\/watch?v=R8uac9Q9ca4&amp;feature=youtu.be\">https:\/\/www.youtube.com\/watch?v=R8uac9Q9ca4&amp;feature=youtu.be<\/a><\/p>\n","protected":false},"excerpt":{"rendered":"<p>I per \u00faltim, parlem del rac\u00f3 FEM VOLAR LA NOSTRA IMAGINACI\u00d3! En aquest rac\u00f3 pretenem imaginar un m\u00f3n al nostre abast, a la nostra mida. Experimentem amb diferents materials i elements que ens permeten gaudir de i amb cadascun de nosaltres. Una de les activitats que hem fet ha estat anar al pati on amb [&hellip;]<\/p>\n","protected":false},"author":1,"featured_media":2331,"comment_status":"open","ping_status":"closed","sticky":false,"template":"","format":"standard","meta":{"_bbp_topic_count":0,"_bbp_reply_count":0,"_bbp_total_topic_count":0,"_bbp_total_reply_count":0,"_bbp_voice_count":0,"_bbp_anonymous_reply_count":0,"_bbp_topic_count_hidden":0,"_bbp_reply_count_hidden":0,"_bbp_forum_subforum_count":0,"site-sidebar-layout":"default","site-content-layout":"","ast-site-content-layout":"","site-content-style":"default","site-sidebar-style":"default","ast-global-header-display":"","ast-banner-title-visibility":"","ast-main-header-display":"","ast-hfb-above-header-display":"","ast-hfb-below-header-display":"","ast-hfb-mobile-header-display":"","site-post-title":"","ast-breadcrumbs-content":"","ast-featured-img":"","footer-sml-layout":"","theme-transparent-header-meta":"","adv-header-id-meta":"","stick-header-meta":"","header-above-stick-meta":"","header-main-stick-meta":"","header-below-stick-meta":"","astra-migrate-meta-layouts":"default","ast-page-background-enabled":"default","ast-page-background-meta":{"desktop":{"background-color":"var(--ast-global-color-4)","background-image":"","background-repeat":"repeat","background-position":"center center","background-size":"auto","background-attachment":"scroll","background-type":"","background-media":"","overlay-type":"","overlay-color":"","overlay-opacity":"","overlay-gradient":""},"tablet":{"background-color":"","background-image":"","background-repeat":"repeat","background-position":"center center","background-size":"auto","background-attachment":"scroll","background-type":"","background-media":"","overlay-type":"","overlay-color":"","overlay-opacity":"","overlay-gradient":""},"mobile":{"background-color":"","background-image":"","background-repeat":"repeat","background-position":"center center","background-size":"auto","background-attachment":"scroll","background-type":"","background-media":"","overlay-type":"","overlay-color":"","overlay-opacity":"","overlay-gradient":""}},"ast-content-background-meta":{"desktop":{"background-color":"var(--ast-global-color-5)","background-image":"","background-repeat":"repeat","background-position":"center center","background-size":"auto","background-attachment":"scroll","background-type":"","background-media":"","overlay-type":"","overlay-color":"","overlay-opacity":"","overlay-gradient":""},"tablet":{"background-color":"var(--ast-global-color-5)","background-image":"","background-repeat":"repeat","background-position":"center center","background-size":"auto","background-attachment":"scroll","background-type":"","background-media":"","overlay-type":"","overlay-color":"","overlay-opacity":"","overlay-gradient":""},"mobile":{"background-color":"var(--ast-global-color-5)","background-image":"","background-repeat":"repeat","background-position":"center center","background-size":"auto","background-attachment":"scroll","background-type":"","background-media":"","overlay-type":"","overlay-color":"","overlay-opacity":"","overlay-gradient":""}},"footnotes":""},"categories":[10,11,70,4],"tags":[],"class_list":["post-2330","post","type-post","status-publish","format-standard","has-post-thumbnail","hentry","category-1r","category-2n","category-cicle-mitja","category-portada"],"post_mailing_queue_ids":[],"_links":{"self":[{"href":"https:\/\/agora.xtec.cat\/ceipsorianomontagut\/wp-json\/wp\/v2\/posts\/2330","targetHints":{"allow":["GET"]}}],"collection":[{"href":"https:\/\/agora.xtec.cat\/ceipsorianomontagut\/wp-json\/wp\/v2\/posts"}],"about":[{"href":"https:\/\/agora.xtec.cat\/ceipsorianomontagut\/wp-json\/wp\/v2\/types\/post"}],"author":[{"embeddable":true,"href":"https:\/\/agora.xtec.cat\/ceipsorianomontagut\/wp-json\/wp\/v2\/users\/1"}],"replies":[{"embeddable":true,"href":"https:\/\/agora.xtec.cat\/ceipsorianomontagut\/wp-json\/wp\/v2\/comments?post=2330"}],"version-history":[{"count":1,"href":"https:\/\/agora.xtec.cat\/ceipsorianomontagut\/wp-json\/wp\/v2\/posts\/2330\/revisions"}],"predecessor-version":[{"id":2332,"href":"https:\/\/agora.xtec.cat\/ceipsorianomontagut\/wp-json\/wp\/v2\/posts\/2330\/revisions\/2332"}],"wp:featuredmedia":[{"embeddable":true,"href":"https:\/\/agora.xtec.cat\/ceipsorianomontagut\/wp-json\/wp\/v2\/media\/2331"}],"wp:attachment":[{"href":"https:\/\/agora.xtec.cat\/ceipsorianomontagut\/wp-json\/wp\/v2\/media?parent=2330"}],"wp:term":[{"taxonomy":"category","embeddable":true,"href":"https:\/\/agora.xtec.cat\/ceipsorianomontagut\/wp-json\/wp\/v2\/categories?post=2330"},{"taxonomy":"post_tag","embeddable":true,"href":"https:\/\/agora.xtec.cat\/ceipsorianomontagut\/wp-json\/wp\/v2\/tags?post=2330"}],"curies":[{"name":"wp","href":"https:\/\/api.w.org\/{rel}","templated":true}]}}