{"id":1213,"date":"2019-10-03T15:15:26","date_gmt":"2019-10-03T13:15:26","guid":{"rendered":"https:\/\/agora.xtec.cat\/ceipsorianomontagut\/?p=1213"},"modified":"2019-10-03T15:15:26","modified_gmt":"2019-10-03T13:15:26","slug":"racons-internivells-1r-i-2n","status":"publish","type":"post","link":"https:\/\/agora.xtec.cat\/ceipsorianomontagut\/general\/racons-internivells-1r-i-2n\/","title":{"rendered":"RACONS INTERNIVELLS 1R I 2N"},"content":{"rendered":"<p>Ahir vam comen\u00e7ar els racons a Cicle Inicial. Els alumnes de 1r i 2n ens vam repartir en 5 racons diferents:<\/p>\n<ul>\n<li>Llengua.<\/li>\n<li>Matem\u00e0tiques.<\/li>\n<li>Lectura.<\/li>\n<li>Experimentaci\u00f3.<\/li>\n<li>Fem volar la imaginaci\u00f3.<\/li>\n<\/ul>\n<p>Vam escollir el rac\u00f3 i all\u00ed ten\u00edem preparades diferents activitats a fer.<\/p>\n<p>Al rac\u00f3 de matem\u00e0tiques vam jugar al bingo, vam sumar amb el domin\u00f3 i vam fer formes geom\u00e8triques.<\/p>\n<p><a href=\"https:\/\/agora.xtec.cat\/ceipsorianomontagut\/wp-content\/uploads\/usu1929\/2019\/10\/PHOTO-2019-10-02-17-39-05.jpg\"><img loading=\"lazy\" decoding=\"async\" class=\"alignleft wp-image-1216\" src=\"https:\/\/agora.xtec.cat\/ceipsorianomontagut\/wp-content\/uploads\/usu1929\/2019\/10\/PHOTO-2019-10-02-17-39-05-1024x768.jpg\" alt=\"\" width=\"770\" height=\"577\" srcset=\"https:\/\/agora.xtec.cat\/ceipsorianomontagut\/wp-content\/uploads\/usu1929\/2019\/10\/PHOTO-2019-10-02-17-39-05-1024x768.jpg 1024w, https:\/\/agora.xtec.cat\/ceipsorianomontagut\/wp-content\/uploads\/usu1929\/2019\/10\/PHOTO-2019-10-02-17-39-05-300x225.jpg 300w, https:\/\/agora.xtec.cat\/ceipsorianomontagut\/wp-content\/uploads\/usu1929\/2019\/10\/PHOTO-2019-10-02-17-39-05-768x576.jpg 768w, https:\/\/agora.xtec.cat\/ceipsorianomontagut\/wp-content\/uploads\/usu1929\/2019\/10\/PHOTO-2019-10-02-17-39-05-200x150.jpg 200w, https:\/\/agora.xtec.cat\/ceipsorianomontagut\/wp-content\/uploads\/usu1929\/2019\/10\/PHOTO-2019-10-02-17-39-05.jpg 1600w\" sizes=\"auto, (max-width: 770px) 100vw, 770px\" \/><\/a> <a href=\"https:\/\/agora.xtec.cat\/ceipsorianomontagut\/wp-content\/uploads\/usu1929\/2019\/10\/PHOTO-2019-10-02-17-39-04.jpg\"><img loading=\"lazy\" decoding=\"async\" class=\"alignleft size-large wp-image-1215\" src=\"https:\/\/agora.xtec.cat\/ceipsorianomontagut\/wp-content\/uploads\/usu1929\/2019\/10\/PHOTO-2019-10-02-17-39-04-768x1024.jpg\" alt=\"\" width=\"768\" height=\"1024\" srcset=\"https:\/\/agora.xtec.cat\/ceipsorianomontagut\/wp-content\/uploads\/usu1929\/2019\/10\/PHOTO-2019-10-02-17-39-04-768x1024.jpg 768w, https:\/\/agora.xtec.cat\/ceipsorianomontagut\/wp-content\/uploads\/usu1929\/2019\/10\/PHOTO-2019-10-02-17-39-04-225x300.jpg 225w, https:\/\/agora.xtec.cat\/ceipsorianomontagut\/wp-content\/uploads\/usu1929\/2019\/10\/PHOTO-2019-10-02-17-39-04.jpg 1200w\" sizes=\"auto, (max-width: 768px) 100vw, 768px\" \/><\/a> <a href=\"https:\/\/agora.xtec.cat\/ceipsorianomontagut\/wp-content\/uploads\/usu1929\/2019\/10\/PHOTO-2019-10-02-17-39-04-2.jpg\"><img loading=\"lazy\" decoding=\"async\" class=\"alignleft size-large wp-image-1214\" src=\"https:\/\/agora.xtec.cat\/ceipsorianomontagut\/wp-content\/uploads\/usu1929\/2019\/10\/PHOTO-2019-10-02-17-39-04-2-768x1024.jpg\" alt=\"\" width=\"768\" height=\"1024\" srcset=\"https:\/\/agora.xtec.cat\/ceipsorianomontagut\/wp-content\/uploads\/usu1929\/2019\/10\/PHOTO-2019-10-02-17-39-04-2-768x1024.jpg 768w, https:\/\/agora.xtec.cat\/ceipsorianomontagut\/wp-content\/uploads\/usu1929\/2019\/10\/PHOTO-2019-10-02-17-39-04-2-225x300.jpg 225w, https:\/\/agora.xtec.cat\/ceipsorianomontagut\/wp-content\/uploads\/usu1929\/2019\/10\/PHOTO-2019-10-02-17-39-04-2.jpg 1200w\" sizes=\"auto, (max-width: 768px) 100vw, 768px\" \/><\/a><\/p>\n<p>&nbsp;<\/p>\n<p>&nbsp;<\/p>\n<p>&nbsp;<\/p>\n<p>&nbsp;<\/p>\n<p>&nbsp;<\/p>\n<p>&nbsp;<\/p>\n<p>&nbsp;<\/p>\n<p>&nbsp;<\/p>\n<p>&nbsp;<\/p>\n<p>&nbsp;<\/p>\n<p>&nbsp;<\/p>\n<p>&nbsp;<\/p>\n<p>&nbsp;<\/p>\n<p>&nbsp;<\/p>\n<p>&nbsp;<\/p>\n<p>&nbsp;<\/p>\n<p>&nbsp;<\/p>\n<p>&nbsp;<\/p>\n<p>&nbsp;<\/p>\n<p>&nbsp;<\/p>\n<p>&nbsp;<\/p>\n<p>&nbsp;<\/p>\n<p>&nbsp;<\/p>\n<p>&nbsp;<\/p>\n<p>&nbsp;<\/p>\n<p>&nbsp;<\/p>\n<p>&nbsp;<\/p>\n<p>&nbsp;<\/p>\n<p>&nbsp;<\/p>\n<p>&nbsp;<\/p>\n<p>&nbsp;<\/p>\n<p>&nbsp;<\/p>\n<p>&nbsp;<\/p>\n<p>&nbsp;<\/p>\n<p>&nbsp;<\/p>\n<p>&nbsp;<\/p>\n<p>&nbsp;<\/p>\n<p>&nbsp;<\/p>\n<p>&nbsp;<\/p>\n<p>&nbsp;<\/p>\n<p>&nbsp;<\/p>\n<p>&nbsp;<\/p>\n<p>&nbsp;<\/p>\n<p>&nbsp;<\/p>\n<p>&nbsp;<\/p>\n<p>&nbsp;<\/p>\n<p>&nbsp;<\/p>\n<p>&nbsp;<\/p>\n<p>&nbsp;<\/p>\n<p>&nbsp;<\/p>\n<p>&nbsp;<\/p>\n<p>&nbsp;<\/p>\n<p>&nbsp;<\/p>\n<p>&nbsp;<\/p>\n<p>&nbsp;<\/p>\n<p>&nbsp;<\/p>\n<p>&nbsp;<\/p>\n<p>&nbsp;<\/p>\n<p>&nbsp;<\/p>\n<p>Al rac\u00f3 d&#8217;experimentaci\u00f3 vam observar insectes, vam haver d&#8217;esbrinar qu\u00e8 hi havia dins d&#8217;unes bosses, una era per als m\u00e9s valents i valentes, i tamb\u00e9 vam anotar canvis en diferents productes.<\/p>\n<p><a href=\"https:\/\/agora.xtec.cat\/ceipsorianomontagut\/wp-content\/uploads\/usu1929\/2019\/10\/PHOTO-2019-10-02-17-16-37-2.jpg\"><img loading=\"lazy\" decoding=\"async\" class=\"alignleft wp-image-1217\" src=\"https:\/\/agora.xtec.cat\/ceipsorianomontagut\/wp-content\/uploads\/usu1929\/2019\/10\/PHOTO-2019-10-02-17-16-37-2-1024x576.jpg\" alt=\"\" width=\"775\" height=\"436\" srcset=\"https:\/\/agora.xtec.cat\/ceipsorianomontagut\/wp-content\/uploads\/usu1929\/2019\/10\/PHOTO-2019-10-02-17-16-37-2-1024x576.jpg 1024w, https:\/\/agora.xtec.cat\/ceipsorianomontagut\/wp-content\/uploads\/usu1929\/2019\/10\/PHOTO-2019-10-02-17-16-37-2-300x169.jpg 300w, https:\/\/agora.xtec.cat\/ceipsorianomontagut\/wp-content\/uploads\/usu1929\/2019\/10\/PHOTO-2019-10-02-17-16-37-2-768x432.jpg 768w, https:\/\/agora.xtec.cat\/ceipsorianomontagut\/wp-content\/uploads\/usu1929\/2019\/10\/PHOTO-2019-10-02-17-16-37-2.jpg 1328w\" sizes=\"auto, (max-width: 775px) 100vw, 775px\" \/><\/a> <a href=\"https:\/\/agora.xtec.cat\/ceipsorianomontagut\/wp-content\/uploads\/usu1929\/2019\/10\/PHOTO-2019-10-02-17-16-37-3.jpg\"><img loading=\"lazy\" decoding=\"async\" class=\"alignleft wp-image-1218\" src=\"https:\/\/agora.xtec.cat\/ceipsorianomontagut\/wp-content\/uploads\/usu1929\/2019\/10\/PHOTO-2019-10-02-17-16-37-3-1024x576.jpg\" alt=\"\" width=\"777\" height=\"437\" srcset=\"https:\/\/agora.xtec.cat\/ceipsorianomontagut\/wp-content\/uploads\/usu1929\/2019\/10\/PHOTO-2019-10-02-17-16-37-3-1024x576.jpg 1024w, https:\/\/agora.xtec.cat\/ceipsorianomontagut\/wp-content\/uploads\/usu1929\/2019\/10\/PHOTO-2019-10-02-17-16-37-3-300x169.jpg 300w, https:\/\/agora.xtec.cat\/ceipsorianomontagut\/wp-content\/uploads\/usu1929\/2019\/10\/PHOTO-2019-10-02-17-16-37-3-768x432.jpg 768w, https:\/\/agora.xtec.cat\/ceipsorianomontagut\/wp-content\/uploads\/usu1929\/2019\/10\/PHOTO-2019-10-02-17-16-37-3.jpg 1328w\" sizes=\"auto, (max-width: 777px) 100vw, 777px\" \/><\/a> <a href=\"https:\/\/agora.xtec.cat\/ceipsorianomontagut\/wp-content\/uploads\/usu1929\/2019\/10\/PHOTO-2019-10-02-17-16-37.jpg\"><img loading=\"lazy\" decoding=\"async\" class=\"alignleft wp-image-1219\" src=\"https:\/\/agora.xtec.cat\/ceipsorianomontagut\/wp-content\/uploads\/usu1929\/2019\/10\/PHOTO-2019-10-02-17-16-37-1024x576.jpg\" alt=\"\" width=\"775\" height=\"436\" srcset=\"https:\/\/agora.xtec.cat\/ceipsorianomontagut\/wp-content\/uploads\/usu1929\/2019\/10\/PHOTO-2019-10-02-17-16-37-1024x576.jpg 1024w, https:\/\/agora.xtec.cat\/ceipsorianomontagut\/wp-content\/uploads\/usu1929\/2019\/10\/PHOTO-2019-10-02-17-16-37-300x169.jpg 300w, https:\/\/agora.xtec.cat\/ceipsorianomontagut\/wp-content\/uploads\/usu1929\/2019\/10\/PHOTO-2019-10-02-17-16-37-768x432.jpg 768w, https:\/\/agora.xtec.cat\/ceipsorianomontagut\/wp-content\/uploads\/usu1929\/2019\/10\/PHOTO-2019-10-02-17-16-37.jpg 1328w\" sizes=\"auto, (max-width: 775px) 100vw, 775px\" \/><\/a><\/p>\n<p>&nbsp;<\/p>\n<p>&nbsp;<\/p>\n<p>&nbsp;<\/p>\n<p>&nbsp;<\/p>\n<p>&nbsp;<\/p>\n<p>&nbsp;<\/p>\n<p>&nbsp;<\/p>\n<p>&nbsp;<\/p>\n<p>&nbsp;<\/p>\n<p>&nbsp;<\/p>\n<p>&nbsp;<\/p>\n<p>&nbsp;<\/p>\n<p>&nbsp;<\/p>\n<p>&nbsp;<\/p>\n<p>&nbsp;<\/p>\n<p>&nbsp;<\/p>\n<p>&nbsp;<\/p>\n<p>&nbsp;<\/p>\n<p>&nbsp;<\/p>\n<p>&nbsp;<\/p>\n<p>&nbsp;<\/p>\n<p>&nbsp;<\/p>\n<p>&nbsp;<\/p>\n<p>&nbsp;<\/p>\n<p>&nbsp;<\/p>\n<p>&nbsp;<\/p>\n<p>&nbsp;<\/p>\n<p>&nbsp;<\/p>\n<p>&nbsp;<\/p>\n<p>&nbsp;<\/p>\n<p>Al rac\u00f3 de llengua vam relacionar so-grafia, vam fer tra\u00e7 en sal i vam classificar paraules tenint en compte el nombre de s\u00edl\u00b7labes.<\/p>\n<p><a href=\"https:\/\/agora.xtec.cat\/ceipsorianomontagut\/wp-content\/uploads\/usu1929\/2019\/10\/PHOTO-2019-10-03-10-34-50.jpg\"><img loading=\"lazy\" decoding=\"async\" class=\"alignleft wp-image-1220\" src=\"https:\/\/agora.xtec.cat\/ceipsorianomontagut\/wp-content\/uploads\/usu1929\/2019\/10\/PHOTO-2019-10-03-10-34-50-1024x760.jpg\" alt=\"\" width=\"784\" height=\"582\" srcset=\"https:\/\/agora.xtec.cat\/ceipsorianomontagut\/wp-content\/uploads\/usu1929\/2019\/10\/PHOTO-2019-10-03-10-34-50-1024x760.jpg 1024w, https:\/\/agora.xtec.cat\/ceipsorianomontagut\/wp-content\/uploads\/usu1929\/2019\/10\/PHOTO-2019-10-03-10-34-50-300x223.jpg 300w, https:\/\/agora.xtec.cat\/ceipsorianomontagut\/wp-content\/uploads\/usu1929\/2019\/10\/PHOTO-2019-10-03-10-34-50-768x570.jpg 768w, https:\/\/agora.xtec.cat\/ceipsorianomontagut\/wp-content\/uploads\/usu1929\/2019\/10\/PHOTO-2019-10-03-10-34-50.jpg 1599w\" sizes=\"auto, (max-width: 784px) 100vw, 784px\" \/><\/a> <a href=\"https:\/\/agora.xtec.cat\/ceipsorianomontagut\/wp-content\/uploads\/usu1929\/2019\/10\/PHOTO-2019-10-03-10-34-51-2.jpg\"><img loading=\"lazy\" decoding=\"async\" class=\"alignleft wp-image-1221\" src=\"https:\/\/agora.xtec.cat\/ceipsorianomontagut\/wp-content\/uploads\/usu1929\/2019\/10\/PHOTO-2019-10-03-10-34-51-2-1024x760.jpg\" alt=\"\" width=\"779\" height=\"578\" srcset=\"https:\/\/agora.xtec.cat\/ceipsorianomontagut\/wp-content\/uploads\/usu1929\/2019\/10\/PHOTO-2019-10-03-10-34-51-2-1024x760.jpg 1024w, https:\/\/agora.xtec.cat\/ceipsorianomontagut\/wp-content\/uploads\/usu1929\/2019\/10\/PHOTO-2019-10-03-10-34-51-2-300x223.jpg 300w, https:\/\/agora.xtec.cat\/ceipsorianomontagut\/wp-content\/uploads\/usu1929\/2019\/10\/PHOTO-2019-10-03-10-34-51-2-768x570.jpg 768w, https:\/\/agora.xtec.cat\/ceipsorianomontagut\/wp-content\/uploads\/usu1929\/2019\/10\/PHOTO-2019-10-03-10-34-51-2.jpg 1599w\" sizes=\"auto, (max-width: 779px) 100vw, 779px\" \/><\/a> <a href=\"https:\/\/agora.xtec.cat\/ceipsorianomontagut\/wp-content\/uploads\/usu1929\/2019\/10\/PHOTO-2019-10-03-10-34-51.jpg\"><img loading=\"lazy\" decoding=\"async\" class=\"alignleft wp-image-1222\" src=\"https:\/\/agora.xtec.cat\/ceipsorianomontagut\/wp-content\/uploads\/usu1929\/2019\/10\/PHOTO-2019-10-03-10-34-51-1024x760.jpg\" alt=\"\" width=\"780\" height=\"579\" srcset=\"https:\/\/agora.xtec.cat\/ceipsorianomontagut\/wp-content\/uploads\/usu1929\/2019\/10\/PHOTO-2019-10-03-10-34-51-1024x760.jpg 1024w, https:\/\/agora.xtec.cat\/ceipsorianomontagut\/wp-content\/uploads\/usu1929\/2019\/10\/PHOTO-2019-10-03-10-34-51-300x223.jpg 300w, https:\/\/agora.xtec.cat\/ceipsorianomontagut\/wp-content\/uploads\/usu1929\/2019\/10\/PHOTO-2019-10-03-10-34-51-768x570.jpg 768w, https:\/\/agora.xtec.cat\/ceipsorianomontagut\/wp-content\/uploads\/usu1929\/2019\/10\/PHOTO-2019-10-03-10-34-51.jpg 1599w\" sizes=\"auto, (max-width: 780px) 100vw, 780px\" \/><\/a><\/p>\n<p>&nbsp;<\/p>\n<p>&nbsp;<\/p>\n<p>&nbsp;<\/p>\n<p>&nbsp;<\/p>\n<p>&nbsp;<\/p>\n<p>&nbsp;<\/p>\n<p>&nbsp;<\/p>\n<p>&nbsp;<\/p>\n<p>&nbsp;<\/p>\n<p>&nbsp;<\/p>\n<p>&nbsp;<\/p>\n<p>&nbsp;<\/p>\n<p>&nbsp;<\/p>\n<p>&nbsp;<\/p>\n<p>&nbsp;<\/p>\n<p>&nbsp;<\/p>\n<p>&nbsp;<\/p>\n<p>&nbsp;<\/p>\n<p>&nbsp;<\/p>\n<p>&nbsp;<\/p>\n<p>&nbsp;<\/p>\n<p>&nbsp;<\/p>\n<p>&nbsp;<\/p>\n<p>&nbsp;<\/p>\n<p>&nbsp;<\/p>\n<p>&nbsp;<\/p>\n<p>&nbsp;<\/p>\n<p>&nbsp;<\/p>\n<p>&nbsp;<\/p>\n<p>&nbsp;<\/p>\n<p>&nbsp;<\/p>\n<p>&nbsp;<\/p>\n<p>&nbsp;<\/p>\n<p>&nbsp;<\/p>\n<p>&nbsp;<\/p>\n<p>&nbsp;<\/p>\n<p>&nbsp;<\/p>\n<p>&nbsp;<\/p>\n<p>&nbsp;<\/p>\n<p>Al rac\u00f3 de lectura vam anar a la biblioteca de l&#8217;escola on ens vam relaxar llegint contes, vam ordenar lletres per formar paraules i vam fer curses de paraules.<\/p>\n<p><a href=\"https:\/\/agora.xtec.cat\/ceipsorianomontagut\/wp-content\/uploads\/usu1929\/2019\/10\/PHOTO-2019-10-02-18-38-16-1.jpg\"><img loading=\"lazy\" decoding=\"async\" class=\"alignleft wp-image-1227\" src=\"https:\/\/agora.xtec.cat\/ceipsorianomontagut\/wp-content\/uploads\/usu1929\/2019\/10\/PHOTO-2019-10-02-18-38-16-1-1024x768.jpg\" alt=\"\" width=\"793\" height=\"595\" srcset=\"https:\/\/agora.xtec.cat\/ceipsorianomontagut\/wp-content\/uploads\/usu1929\/2019\/10\/PHOTO-2019-10-02-18-38-16-1-1024x768.jpg 1024w, https:\/\/agora.xtec.cat\/ceipsorianomontagut\/wp-content\/uploads\/usu1929\/2019\/10\/PHOTO-2019-10-02-18-38-16-1-300x225.jpg 300w, https:\/\/agora.xtec.cat\/ceipsorianomontagut\/wp-content\/uploads\/usu1929\/2019\/10\/PHOTO-2019-10-02-18-38-16-1-768x576.jpg 768w, https:\/\/agora.xtec.cat\/ceipsorianomontagut\/wp-content\/uploads\/usu1929\/2019\/10\/PHOTO-2019-10-02-18-38-16-1-200x150.jpg 200w, https:\/\/agora.xtec.cat\/ceipsorianomontagut\/wp-content\/uploads\/usu1929\/2019\/10\/PHOTO-2019-10-02-18-38-16-1.jpg 1600w\" sizes=\"auto, (max-width: 793px) 100vw, 793px\" \/><\/a> <a href=\"https:\/\/agora.xtec.cat\/ceipsorianomontagut\/wp-content\/uploads\/usu1929\/2019\/10\/PHOTO-2019-10-02-18-38-17-1.jpg\"><img loading=\"lazy\" decoding=\"async\" class=\"alignleft wp-image-1228\" src=\"https:\/\/agora.xtec.cat\/ceipsorianomontagut\/wp-content\/uploads\/usu1929\/2019\/10\/PHOTO-2019-10-02-18-38-17-1-1024x768.jpg\" alt=\"\" width=\"783\" height=\"587\" srcset=\"https:\/\/agora.xtec.cat\/ceipsorianomontagut\/wp-content\/uploads\/usu1929\/2019\/10\/PHOTO-2019-10-02-18-38-17-1-1024x768.jpg 1024w, https:\/\/agora.xtec.cat\/ceipsorianomontagut\/wp-content\/uploads\/usu1929\/2019\/10\/PHOTO-2019-10-02-18-38-17-1-300x225.jpg 300w, https:\/\/agora.xtec.cat\/ceipsorianomontagut\/wp-content\/uploads\/usu1929\/2019\/10\/PHOTO-2019-10-02-18-38-17-1-768x576.jpg 768w, https:\/\/agora.xtec.cat\/ceipsorianomontagut\/wp-content\/uploads\/usu1929\/2019\/10\/PHOTO-2019-10-02-18-38-17-1-200x150.jpg 200w, https:\/\/agora.xtec.cat\/ceipsorianomontagut\/wp-content\/uploads\/usu1929\/2019\/10\/PHOTO-2019-10-02-18-38-17-1.jpg 1600w\" sizes=\"auto, (max-width: 783px) 100vw, 783px\" \/><\/a> <a href=\"https:\/\/agora.xtec.cat\/ceipsorianomontagut\/wp-content\/uploads\/usu1929\/2019\/10\/PHOTO-2019-10-02-18-38-46-1.jpg\"><img loading=\"lazy\" decoding=\"async\" class=\"alignleft wp-image-1229\" src=\"https:\/\/agora.xtec.cat\/ceipsorianomontagut\/wp-content\/uploads\/usu1929\/2019\/10\/PHOTO-2019-10-02-18-38-46-1-1024x768.jpg\" alt=\"\" width=\"783\" height=\"587\" srcset=\"https:\/\/agora.xtec.cat\/ceipsorianomontagut\/wp-content\/uploads\/usu1929\/2019\/10\/PHOTO-2019-10-02-18-38-46-1-1024x768.jpg 1024w, https:\/\/agora.xtec.cat\/ceipsorianomontagut\/wp-content\/uploads\/usu1929\/2019\/10\/PHOTO-2019-10-02-18-38-46-1-300x225.jpg 300w, https:\/\/agora.xtec.cat\/ceipsorianomontagut\/wp-content\/uploads\/usu1929\/2019\/10\/PHOTO-2019-10-02-18-38-46-1-768x576.jpg 768w, https:\/\/agora.xtec.cat\/ceipsorianomontagut\/wp-content\/uploads\/usu1929\/2019\/10\/PHOTO-2019-10-02-18-38-46-1-200x150.jpg 200w, https:\/\/agora.xtec.cat\/ceipsorianomontagut\/wp-content\/uploads\/usu1929\/2019\/10\/PHOTO-2019-10-02-18-38-46-1.jpg 1600w\" sizes=\"auto, (max-width: 783px) 100vw, 783px\" \/><\/a> <a href=\"https:\/\/agora.xtec.cat\/ceipsorianomontagut\/wp-content\/uploads\/usu1929\/2019\/10\/PHOTO-2019-10-02-18-43-40-1.jpg\"><img loading=\"lazy\" decoding=\"async\" class=\"alignleft wp-image-1230\" src=\"https:\/\/agora.xtec.cat\/ceipsorianomontagut\/wp-content\/uploads\/usu1929\/2019\/10\/PHOTO-2019-10-02-18-43-40-1-1024x768.jpg\" alt=\"\" width=\"784\" height=\"588\" srcset=\"https:\/\/agora.xtec.cat\/ceipsorianomontagut\/wp-content\/uploads\/usu1929\/2019\/10\/PHOTO-2019-10-02-18-43-40-1-1024x768.jpg 1024w, https:\/\/agora.xtec.cat\/ceipsorianomontagut\/wp-content\/uploads\/usu1929\/2019\/10\/PHOTO-2019-10-02-18-43-40-1-300x225.jpg 300w, https:\/\/agora.xtec.cat\/ceipsorianomontagut\/wp-content\/uploads\/usu1929\/2019\/10\/PHOTO-2019-10-02-18-43-40-1-768x576.jpg 768w, https:\/\/agora.xtec.cat\/ceipsorianomontagut\/wp-content\/uploads\/usu1929\/2019\/10\/PHOTO-2019-10-02-18-43-40-1-200x150.jpg 200w, https:\/\/agora.xtec.cat\/ceipsorianomontagut\/wp-content\/uploads\/usu1929\/2019\/10\/PHOTO-2019-10-02-18-43-40-1.jpg 1600w\" sizes=\"auto, (max-width: 784px) 100vw, 784px\" \/><\/a><\/p>\n<p>&nbsp;<\/p>\n<p>&nbsp;<\/p>\n<p>&nbsp;<\/p>\n<p>&nbsp;<\/p>\n<p>&nbsp;<\/p>\n<p>&nbsp;<\/p>\n<p>&nbsp;<\/p>\n<p>&nbsp;<\/p>\n<p>&nbsp;<\/p>\n<p>&nbsp;<\/p>\n<p>&nbsp;<\/p>\n<p>&nbsp;<\/p>\n<p>&nbsp;<\/p>\n<p>&nbsp;<\/p>\n<p>&nbsp;<\/p>\n<p>&nbsp;<\/p>\n<p>&nbsp;<\/p>\n<p>&nbsp;<\/p>\n<p>&nbsp;<\/p>\n<p>&nbsp;<\/p>\n<p>&nbsp;<\/p>\n<p>&nbsp;<\/p>\n<p>&nbsp;<\/p>\n<p>&nbsp;<\/p>\n<p>&nbsp;<\/p>\n<p>&nbsp;<\/p>\n<p>&nbsp;<\/p>\n<p>&nbsp;<\/p>\n<p>&nbsp;<\/p>\n<p>&nbsp;<\/p>\n<p>&nbsp;<\/p>\n<p>&nbsp;<\/p>\n<p>&nbsp;<\/p>\n<p>&nbsp;<\/p>\n<p>&nbsp;<\/p>\n<p>&nbsp;<\/p>\n<p>&nbsp;<\/p>\n<p>&nbsp;<\/p>\n<p>&nbsp;<\/p>\n<p>&nbsp;<\/p>\n<p>&nbsp;<\/p>\n<p>&nbsp;<\/p>\n<p>&nbsp;<\/p>\n<p>&nbsp;<\/p>\n<p>&nbsp;<\/p>\n<p>&nbsp;<\/p>\n<p>&nbsp;<\/p>\n<p>&nbsp;<\/p>\n<p>&nbsp;<\/p>\n<p>&nbsp;<\/p>\n<p>&nbsp;<\/p>\n<p>&nbsp;<\/p>\n<p>&nbsp;<\/p>\n<p>Al rac\u00f3 de fem volar la imaginaci\u00f3 vam anar al pati de l&#8217;escola on en parelles ens vam resseguir amb guix les nostres siluetes i despr\u00e9s ens vam dibuixar la roba, disfressa, esquelet&#8230; despr\u00e9s vam dibuixar lliurement i vam fer molts de cors. Un altre rac\u00f3 va ser amb esponges i aigua,amb les quals hav\u00edem d&#8217;escriure i dibuixar a la pista de futbol.<\/p>\n<p><a href=\"https:\/\/agora.xtec.cat\/ceipsorianomontagut\/wp-content\/uploads\/usu1929\/2019\/10\/IMG_1199.jpg\"><img loading=\"lazy\" decoding=\"async\" class=\"alignleft wp-image-1232\" src=\"https:\/\/agora.xtec.cat\/ceipsorianomontagut\/wp-content\/uploads\/usu1929\/2019\/10\/IMG_1199.jpg\" alt=\"\" width=\"792\" height=\"594\" srcset=\"https:\/\/agora.xtec.cat\/ceipsorianomontagut\/wp-content\/uploads\/usu1929\/2019\/10\/IMG_1199.jpg 640w, https:\/\/agora.xtec.cat\/ceipsorianomontagut\/wp-content\/uploads\/usu1929\/2019\/10\/IMG_1199-300x225.jpg 300w, https:\/\/agora.xtec.cat\/ceipsorianomontagut\/wp-content\/uploads\/usu1929\/2019\/10\/IMG_1199-200x150.jpg 200w\" sizes=\"auto, (max-width: 792px) 100vw, 792px\" \/><\/a><\/p>\n<p>&nbsp;<\/p>\n<p>&nbsp;<\/p>\n<p>&nbsp;<\/p>\n<p>&nbsp;<\/p>\n<p>&nbsp;<\/p>\n<p>&nbsp;<\/p>\n<p>&nbsp;<\/p>\n<p>&nbsp;<\/p>\n<p>&nbsp;<\/p>\n<p>&nbsp;<\/p>\n<p>&nbsp;<\/p>\n<p>&nbsp;<\/p>\n<p>&nbsp;<\/p>\n<p><a href=\"https:\/\/agora.xtec.cat\/ceipsorianomontagut\/wp-content\/uploads\/usu1929\/2019\/10\/IMG_1154.jpg\"><img loading=\"lazy\" decoding=\"async\" class=\"alignleft  wp-image-1234\" src=\"https:\/\/agora.xtec.cat\/ceipsorianomontagut\/wp-content\/uploads\/usu1929\/2019\/10\/IMG_1154.jpg\" alt=\"\" width=\"792\" height=\"594\" srcset=\"https:\/\/agora.xtec.cat\/ceipsorianomontagut\/wp-content\/uploads\/usu1929\/2019\/10\/IMG_1154.jpg 640w, https:\/\/agora.xtec.cat\/ceipsorianomontagut\/wp-content\/uploads\/usu1929\/2019\/10\/IMG_1154-300x225.jpg 300w, https:\/\/agora.xtec.cat\/ceipsorianomontagut\/wp-content\/uploads\/usu1929\/2019\/10\/IMG_1154-200x150.jpg 200w\" sizes=\"auto, (max-width: 792px) 100vw, 792px\" \/><\/a> <a href=\"https:\/\/agora.xtec.cat\/ceipsorianomontagut\/wp-content\/uploads\/usu1929\/2019\/10\/IMG_1171.jpg\"><img loading=\"lazy\" decoding=\"async\" class=\"alignleft  wp-image-1235\" src=\"https:\/\/agora.xtec.cat\/ceipsorianomontagut\/wp-content\/uploads\/usu1929\/2019\/10\/IMG_1171.jpg\" alt=\"\" width=\"792\" height=\"594\" srcset=\"https:\/\/agora.xtec.cat\/ceipsorianomontagut\/wp-content\/uploads\/usu1929\/2019\/10\/IMG_1171.jpg 640w, https:\/\/agora.xtec.cat\/ceipsorianomontagut\/wp-content\/uploads\/usu1929\/2019\/10\/IMG_1171-300x225.jpg 300w, https:\/\/agora.xtec.cat\/ceipsorianomontagut\/wp-content\/uploads\/usu1929\/2019\/10\/IMG_1171-200x150.jpg 200w\" sizes=\"auto, (max-width: 792px) 100vw, 792px\" \/><\/a><\/p>\n<p>&nbsp;<\/p>\n<p>&nbsp;<\/p>\n<p>&nbsp;<\/p>\n<p>&nbsp;<\/p>\n<p>&nbsp;<\/p>\n<p>&nbsp;<\/p>\n<p>&nbsp;<\/p>\n<p>&nbsp;<\/p>\n<p>&nbsp;<\/p>\n<p>&nbsp;<\/p>\n<p>&nbsp;<\/p>\n<p>&nbsp;<\/p>\n<p>&nbsp;<\/p>\n<p>&nbsp;<\/p>\n<p>&nbsp;<\/p>\n<p>&nbsp;<\/p>\n<p>&nbsp;<\/p>\n<p>&nbsp;<\/p>\n<p>&nbsp;<\/p>\n<p>&nbsp;<\/p>\n<p>&nbsp;<\/p>\n<p>&nbsp;<\/p>\n<p>&nbsp;<\/p>\n<p>&nbsp;<\/p>\n<p>&nbsp;<\/p>\n<p>&nbsp;<\/p>\n<p>&nbsp;<\/p>\n<p>&nbsp;<\/p>\n<p>&nbsp;<\/p>\n<p><a href=\"https:\/\/agora.xtec.cat\/ceipsorianomontagut\/wp-content\/uploads\/usu1929\/2019\/10\/PHOTO-2019-10-02-17-39-05.jpg\">\u00a0<\/a><\/p>\n<p>&nbsp;<\/p>\n","protected":false},"excerpt":{"rendered":"<p>Ahir vam comen\u00e7ar els racons a Cicle Inicial. Els alumnes de 1r i 2n ens vam repartir en 5 racons diferents: Llengua. Matem\u00e0tiques. Lectura. Experimentaci\u00f3. Fem volar la imaginaci\u00f3. Vam escollir el rac\u00f3 i all\u00ed ten\u00edem preparades diferents activitats a fer. Al rac\u00f3 de matem\u00e0tiques vam jugar al bingo, vam sumar amb el domin\u00f3 i [&hellip;]<\/p>\n","protected":false},"author":1,"featured_media":0,"comment_status":"open","ping_status":"closed","sticky":false,"template":"","format":"standard","meta":{"_bbp_topic_count":0,"_bbp_reply_count":0,"_bbp_total_topic_count":0,"_bbp_total_reply_count":0,"_bbp_voice_count":0,"_bbp_anonymous_reply_count":0,"_bbp_topic_count_hidden":0,"_bbp_reply_count_hidden":0,"_bbp_forum_subforum_count":0,"site-sidebar-layout":"default","site-content-layout":"","ast-site-content-layout":"","site-content-style":"default","site-sidebar-style":"default","ast-global-header-display":"","ast-banner-title-visibility":"","ast-main-header-display":"","ast-hfb-above-header-display":"","ast-hfb-below-header-display":"","ast-hfb-mobile-header-display":"","site-post-title":"","ast-breadcrumbs-content":"","ast-featured-img":"","footer-sml-layout":"","theme-transparent-header-meta":"","adv-header-id-meta":"","stick-header-meta":"","header-above-stick-meta":"","header-main-stick-meta":"","header-below-stick-meta":"","astra-migrate-meta-layouts":"default","ast-page-background-enabled":"default","ast-page-background-meta":{"desktop":{"background-color":"var(--ast-global-color-4)","background-image":"","background-repeat":"repeat","background-position":"center center","background-size":"auto","background-attachment":"scroll","background-type":"","background-media":"","overlay-type":"","overlay-color":"","overlay-opacity":"","overlay-gradient":""},"tablet":{"background-color":"","background-image":"","background-repeat":"repeat","background-position":"center center","background-size":"auto","background-attachment":"scroll","background-type":"","background-media":"","overlay-type":"","overlay-color":"","overlay-opacity":"","overlay-gradient":""},"mobile":{"background-color":"","background-image":"","background-repeat":"repeat","background-position":"center center","background-size":"auto","background-attachment":"scroll","background-type":"","background-media":"","overlay-type":"","overlay-color":"","overlay-opacity":"","overlay-gradient":""}},"ast-content-background-meta":{"desktop":{"background-color":"var(--ast-global-color-5)","background-image":"","background-repeat":"repeat","background-position":"center center","background-size":"auto","background-attachment":"scroll","background-type":"","background-media":"","overlay-type":"","overlay-color":"","overlay-opacity":"","overlay-gradient":""},"tablet":{"background-color":"var(--ast-global-color-5)","background-image":"","background-repeat":"repeat","background-position":"center center","background-size":"auto","background-attachment":"scroll","background-type":"","background-media":"","overlay-type":"","overlay-color":"","overlay-opacity":"","overlay-gradient":""},"mobile":{"background-color":"var(--ast-global-color-5)","background-image":"","background-repeat":"repeat","background-position":"center center","background-size":"auto","background-attachment":"scroll","background-type":"","background-media":"","overlay-type":"","overlay-color":"","overlay-opacity":"","overlay-gradient":""}},"footnotes":""},"categories":[10,11,1,4],"tags":[],"class_list":["post-1213","post","type-post","status-publish","format-standard","hentry","category-1r","category-2n","category-general","category-portada"],"post_mailing_queue_ids":[],"_links":{"self":[{"href":"https:\/\/agora.xtec.cat\/ceipsorianomontagut\/wp-json\/wp\/v2\/posts\/1213","targetHints":{"allow":["GET"]}}],"collection":[{"href":"https:\/\/agora.xtec.cat\/ceipsorianomontagut\/wp-json\/wp\/v2\/posts"}],"about":[{"href":"https:\/\/agora.xtec.cat\/ceipsorianomontagut\/wp-json\/wp\/v2\/types\/post"}],"author":[{"embeddable":true,"href":"https:\/\/agora.xtec.cat\/ceipsorianomontagut\/wp-json\/wp\/v2\/users\/1"}],"replies":[{"embeddable":true,"href":"https:\/\/agora.xtec.cat\/ceipsorianomontagut\/wp-json\/wp\/v2\/comments?post=1213"}],"version-history":[{"count":4,"href":"https:\/\/agora.xtec.cat\/ceipsorianomontagut\/wp-json\/wp\/v2\/posts\/1213\/revisions"}],"predecessor-version":[{"id":1238,"href":"https:\/\/agora.xtec.cat\/ceipsorianomontagut\/wp-json\/wp\/v2\/posts\/1213\/revisions\/1238"}],"wp:attachment":[{"href":"https:\/\/agora.xtec.cat\/ceipsorianomontagut\/wp-json\/wp\/v2\/media?parent=1213"}],"wp:term":[{"taxonomy":"category","embeddable":true,"href":"https:\/\/agora.xtec.cat\/ceipsorianomontagut\/wp-json\/wp\/v2\/categories?post=1213"},{"taxonomy":"post_tag","embeddable":true,"href":"https:\/\/agora.xtec.cat\/ceipsorianomontagut\/wp-json\/wp\/v2\/tags?post=1213"}],"curies":[{"name":"wp","href":"https:\/\/api.w.org\/{rel}","templated":true}]}}