{"id":1079,"date":"2019-09-22T20:43:40","date_gmt":"2019-09-22T18:43:40","guid":{"rendered":"https:\/\/agora.xtec.cat\/ceipsorianomontagut\/?p=1079"},"modified":"2019-09-22T20:43:40","modified_gmt":"2019-09-22T18:43:40","slug":"primers-contactes-amb-les-families","status":"publish","type":"post","link":"https:\/\/agora.xtec.cat\/ceipsorianomontagut\/portada\/primers-contactes-amb-les-families\/","title":{"rendered":"PRIMERS CONTACTES AMB LES FAM\u00cdLIES"},"content":{"rendered":"<p>Una vegada m\u00e1s, com \u00e9s habitual a l&#8217;inici de curs, reiniciem els contactes amb les fam\u00edlies. Aquesta vegada, les fam\u00edlies de primer i segon es van trobar una petita sorpresa.<\/p>\n<p>Els xiquets i xiquetes de primer van fer un dibuix que els pares i les mares van haver d&#8217;acabar. Ha estat un dibuix cooperatiu entre fam\u00edlies que ens ha servit per estretir vincles. Per\u00f2 no solament els pares havien de tenir sorpresa. Les mestres tamb\u00e9 vam pensar amb el seu alumnat. Les fam\u00edlies havien de preparar juntament amb els seus fills i filles la silueta de la seua m\u00e0. Per a qu\u00e8? Per a decorar-la, escriture una qualitat del seu fill o falla a cada dit, posar-li el nom i penjar-la a les cadires. D&#8217;aquesta manera, ja ten\u00e9m la primera participaci\u00f3 de les familias a l&#8217;aula!<\/p>\n<p>Per altra banda, els de segon van posar a prova els pares i mares. Durant els primers dies d&#8217;escola van fer uns banderins on hi van posar els anys que tenien, la classe on anaven, el color, menjar i animal preferit &#8230; El dia de la reuni\u00f3 ells havien d&#8217;esbrinar quin era el bander\u00ed del seu fill o filla. Va ser molt divertit!<\/p>\n<p>Aqu\u00ed est\u00e1n les fam\u00edlies molt concentrades amb les sorpreses.<\/p>\n<p><a href=\"https:\/\/agora.xtec.cat\/ceipsorianomontagut\/wp-content\/uploads\/usu1929\/2019\/09\/PHOTO-2019-09-22-12-13-05.jpg\"><img loading=\"lazy\" decoding=\"async\" class=\"alignleft size-large wp-image-1082\" src=\"https:\/\/agora.xtec.cat\/ceipsorianomontagut\/wp-content\/uploads\/usu1929\/2019\/09\/PHOTO-2019-09-22-12-13-05-1024x768.jpg\" alt=\"\" width=\"1024\" height=\"768\" srcset=\"https:\/\/agora.xtec.cat\/ceipsorianomontagut\/wp-content\/uploads\/usu1929\/2019\/09\/PHOTO-2019-09-22-12-13-05-1024x768.jpg 1024w, https:\/\/agora.xtec.cat\/ceipsorianomontagut\/wp-content\/uploads\/usu1929\/2019\/09\/PHOTO-2019-09-22-12-13-05-300x225.jpg 300w, https:\/\/agora.xtec.cat\/ceipsorianomontagut\/wp-content\/uploads\/usu1929\/2019\/09\/PHOTO-2019-09-22-12-13-05-768x576.jpg 768w, https:\/\/agora.xtec.cat\/ceipsorianomontagut\/wp-content\/uploads\/usu1929\/2019\/09\/PHOTO-2019-09-22-12-13-05-200x150.jpg 200w, https:\/\/agora.xtec.cat\/ceipsorianomontagut\/wp-content\/uploads\/usu1929\/2019\/09\/PHOTO-2019-09-22-12-13-05.jpg 1600w\" sizes=\"auto, (max-width: 1024px) 100vw, 1024px\" \/><\/a><\/p>\n<p><a href=\"https:\/\/agora.xtec.cat\/ceipsorianomontagut\/wp-content\/uploads\/usu1929\/2019\/09\/PHOTO-2019-09-20-12-41-09.jpg\"><img loading=\"lazy\" decoding=\"async\" class=\"alignleft size-large wp-image-1084\" src=\"https:\/\/agora.xtec.cat\/ceipsorianomontagut\/wp-content\/uploads\/usu1929\/2019\/09\/PHOTO-2019-09-20-12-41-09-1024x576.jpg\" alt=\"\" width=\"1024\" height=\"576\" srcset=\"https:\/\/agora.xtec.cat\/ceipsorianomontagut\/wp-content\/uploads\/usu1929\/2019\/09\/PHOTO-2019-09-20-12-41-09-1024x576.jpg 1024w, https:\/\/agora.xtec.cat\/ceipsorianomontagut\/wp-content\/uploads\/usu1929\/2019\/09\/PHOTO-2019-09-20-12-41-09-300x169.jpg 300w, https:\/\/agora.xtec.cat\/ceipsorianomontagut\/wp-content\/uploads\/usu1929\/2019\/09\/PHOTO-2019-09-20-12-41-09-768x432.jpg 768w, https:\/\/agora.xtec.cat\/ceipsorianomontagut\/wp-content\/uploads\/usu1929\/2019\/09\/PHOTO-2019-09-20-12-41-09.jpg 1599w\" sizes=\"auto, (max-width: 1024px) 100vw, 1024px\" \/><\/a> <a href=\"https:\/\/agora.xtec.cat\/ceipsorianomontagut\/wp-content\/uploads\/usu1929\/2019\/09\/PHOTO-2019-09-20-12-41-08.jpg\"><img loading=\"lazy\" decoding=\"async\" class=\"alignleft size-large wp-image-1083\" src=\"https:\/\/agora.xtec.cat\/ceipsorianomontagut\/wp-content\/uploads\/usu1929\/2019\/09\/PHOTO-2019-09-20-12-41-08-1024x576.jpg\" alt=\"\" width=\"1024\" height=\"576\" srcset=\"https:\/\/agora.xtec.cat\/ceipsorianomontagut\/wp-content\/uploads\/usu1929\/2019\/09\/PHOTO-2019-09-20-12-41-08-1024x576.jpg 1024w, https:\/\/agora.xtec.cat\/ceipsorianomontagut\/wp-content\/uploads\/usu1929\/2019\/09\/PHOTO-2019-09-20-12-41-08-300x169.jpg 300w, https:\/\/agora.xtec.cat\/ceipsorianomontagut\/wp-content\/uploads\/usu1929\/2019\/09\/PHOTO-2019-09-20-12-41-08-768x432.jpg 768w, https:\/\/agora.xtec.cat\/ceipsorianomontagut\/wp-content\/uploads\/usu1929\/2019\/09\/PHOTO-2019-09-20-12-41-08.jpg 1599w\" sizes=\"auto, (max-width: 1024px) 100vw, 1024px\" \/><\/a><br \/>\n<a href=\"https:\/\/agora.xtec.cat\/ceipsorianomontagut\/wp-content\/uploads\/usu1929\/2019\/09\/PHOTO-2019-09-20-15-21-41.jpg\"><img loading=\"lazy\" decoding=\"async\" class=\"alignleft size-large wp-image-1081\" src=\"https:\/\/agora.xtec.cat\/ceipsorianomontagut\/wp-content\/uploads\/usu1929\/2019\/09\/PHOTO-2019-09-20-15-21-41-1024x768.jpg\" alt=\"\" width=\"1024\" height=\"768\" srcset=\"https:\/\/agora.xtec.cat\/ceipsorianomontagut\/wp-content\/uploads\/usu1929\/2019\/09\/PHOTO-2019-09-20-15-21-41-1024x768.jpg 1024w, https:\/\/agora.xtec.cat\/ceipsorianomontagut\/wp-content\/uploads\/usu1929\/2019\/09\/PHOTO-2019-09-20-15-21-41-300x225.jpg 300w, https:\/\/agora.xtec.cat\/ceipsorianomontagut\/wp-content\/uploads\/usu1929\/2019\/09\/PHOTO-2019-09-20-15-21-41-768x576.jpg 768w, https:\/\/agora.xtec.cat\/ceipsorianomontagut\/wp-content\/uploads\/usu1929\/2019\/09\/PHOTO-2019-09-20-15-21-41-200x150.jpg 200w, https:\/\/agora.xtec.cat\/ceipsorianomontagut\/wp-content\/uploads\/usu1929\/2019\/09\/PHOTO-2019-09-20-15-21-41.jpg 1600w\" sizes=\"auto, (max-width: 1024px) 100vw, 1024px\" \/><\/a><\/p>\n","protected":false},"excerpt":{"rendered":"<p>Una vegada m\u00e1s, com \u00e9s habitual a l&#8217;inici de curs, reiniciem els contactes amb les fam\u00edlies. Aquesta vegada, les fam\u00edlies de primer i segon es van trobar una petita sorpresa. Els xiquets i xiquetes de primer van fer un dibuix que els pares i les mares van haver d&#8217;acabar. Ha estat un dibuix cooperatiu entre [&hellip;]<\/p>\n","protected":false},"author":1,"featured_media":0,"comment_status":"open","ping_status":"closed","sticky":false,"template":"","format":"standard","meta":{"_bbp_topic_count":0,"_bbp_reply_count":0,"_bbp_total_topic_count":0,"_bbp_total_reply_count":0,"_bbp_voice_count":0,"_bbp_anonymous_reply_count":0,"_bbp_topic_count_hidden":0,"_bbp_reply_count_hidden":0,"_bbp_forum_subforum_count":0,"site-sidebar-layout":"default","site-content-layout":"","ast-site-content-layout":"","site-content-style":"default","site-sidebar-style":"default","ast-global-header-display":"","ast-banner-title-visibility":"","ast-main-header-display":"","ast-hfb-above-header-display":"","ast-hfb-below-header-display":"","ast-hfb-mobile-header-display":"","site-post-title":"","ast-breadcrumbs-content":"","ast-featured-img":"","footer-sml-layout":"","theme-transparent-header-meta":"","adv-header-id-meta":"","stick-header-meta":"","header-above-stick-meta":"","header-main-stick-meta":"","header-below-stick-meta":"","astra-migrate-meta-layouts":"default","ast-page-background-enabled":"default","ast-page-background-meta":{"desktop":{"background-color":"var(--ast-global-color-4)","background-image":"","background-repeat":"repeat","background-position":"center center","background-size":"auto","background-attachment":"scroll","background-type":"","background-media":"","overlay-type":"","overlay-color":"","overlay-opacity":"","overlay-gradient":""},"tablet":{"background-color":"","background-image":"","background-repeat":"repeat","background-position":"center center","background-size":"auto","background-attachment":"scroll","background-type":"","background-media":"","overlay-type":"","overlay-color":"","overlay-opacity":"","overlay-gradient":""},"mobile":{"background-color":"","background-image":"","background-repeat":"repeat","background-position":"center center","background-size":"auto","background-attachment":"scroll","background-type":"","background-media":"","overlay-type":"","overlay-color":"","overlay-opacity":"","overlay-gradient":""}},"ast-content-background-meta":{"desktop":{"background-color":"var(--ast-global-color-5)","background-image":"","background-repeat":"repeat","background-position":"center center","background-size":"auto","background-attachment":"scroll","background-type":"","background-media":"","overlay-type":"","overlay-color":"","overlay-opacity":"","overlay-gradient":""},"tablet":{"background-color":"var(--ast-global-color-5)","background-image":"","background-repeat":"repeat","background-position":"center center","background-size":"auto","background-attachment":"scroll","background-type":"","background-media":"","overlay-type":"","overlay-color":"","overlay-opacity":"","overlay-gradient":""},"mobile":{"background-color":"var(--ast-global-color-5)","background-image":"","background-repeat":"repeat","background-position":"center center","background-size":"auto","background-attachment":"scroll","background-type":"","background-media":"","overlay-type":"","overlay-color":"","overlay-opacity":"","overlay-gradient":""}},"footnotes":""},"categories":[10,11,4,5],"tags":[],"class_list":["post-1079","post","type-post","status-publish","format-standard","hentry","category-1r","category-2n","category-portada","category-primaria"],"post_mailing_queue_ids":[],"_links":{"self":[{"href":"https:\/\/agora.xtec.cat\/ceipsorianomontagut\/wp-json\/wp\/v2\/posts\/1079","targetHints":{"allow":["GET"]}}],"collection":[{"href":"https:\/\/agora.xtec.cat\/ceipsorianomontagut\/wp-json\/wp\/v2\/posts"}],"about":[{"href":"https:\/\/agora.xtec.cat\/ceipsorianomontagut\/wp-json\/wp\/v2\/types\/post"}],"author":[{"embeddable":true,"href":"https:\/\/agora.xtec.cat\/ceipsorianomontagut\/wp-json\/wp\/v2\/users\/1"}],"replies":[{"embeddable":true,"href":"https:\/\/agora.xtec.cat\/ceipsorianomontagut\/wp-json\/wp\/v2\/comments?post=1079"}],"version-history":[{"count":3,"href":"https:\/\/agora.xtec.cat\/ceipsorianomontagut\/wp-json\/wp\/v2\/posts\/1079\/revisions"}],"predecessor-version":[{"id":1086,"href":"https:\/\/agora.xtec.cat\/ceipsorianomontagut\/wp-json\/wp\/v2\/posts\/1079\/revisions\/1086"}],"wp:attachment":[{"href":"https:\/\/agora.xtec.cat\/ceipsorianomontagut\/wp-json\/wp\/v2\/media?parent=1079"}],"wp:term":[{"taxonomy":"category","embeddable":true,"href":"https:\/\/agora.xtec.cat\/ceipsorianomontagut\/wp-json\/wp\/v2\/categories?post=1079"},{"taxonomy":"post_tag","embeddable":true,"href":"https:\/\/agora.xtec.cat\/ceipsorianomontagut\/wp-json\/wp\/v2\/tags?post=1079"}],"curies":[{"name":"wp","href":"https:\/\/api.w.org\/{rel}","templated":true}]}}