{"id":986,"date":"2020-04-20T17:08:40","date_gmt":"2020-04-20T15:08:40","guid":{"rendered":"https:\/\/agora.xtec.cat\/ceipsfamiliascg\/?p=986"},"modified":"2020-04-20T17:11:21","modified_gmt":"2020-04-20T15:11:21","slug":"propostes-p3-setmana-4-20-04","status":"publish","type":"post","link":"https:\/\/agora.xtec.cat\/ceipsfamiliascg\/infantil\/p3\/propostes-p3-setmana-4-20-04\/","title":{"rendered":"PROPOSTES P3 &#8211; SETMANA 4 &#8211; 20\/04"},"content":{"rendered":"<p><span style=\"font-weight: 400\">AQU\u00cd TENIU LES PROPOSTES PER AQUESTA SETMANA: del 20 d\u2019abril al 24 d\u2019abril<\/span><\/p>\n<p><span style=\"font-weight: 400\">Recordeu que el dia 23 d\u2019abril se celebra la Diada de Sant Jordi, \u00e9s per aix\u00f2 que hi ha propostes a l\u2019entorn d\u2019aquesta festa. Ens agradaria molt que continueu gaudint sempre de la lectura en fam\u00edlia i us desitgem una BONA DIADA DE SANT JORDI!!!!<\/span><\/p>\n<p><span style=\"text-decoration: underline\"><b>DESCOBERTA D\u2019UN MATEIX<\/b><\/span><\/p>\n<ul>\n<li>JOC I MOVIMENT<\/li>\n<li><span style=\"font-weight: 400\">Podeu crear un CIRCUIT per saltar amb papers de colors que es pot canviar al vostre gust<\/span><\/li>\n<\/ul>\n<p><a href=\"https:\/\/www.youtube.com\/watch?v=wWSrSX7RYN8\"><span style=\"font-weight: 400\">https:\/\/www.youtube.com\/watch?v=wWSrSX7RYN8<\/span><\/a><\/p>\n<ul>\n<li><b>EMOCIONS<\/b><\/li>\n<\/ul>\n<p><span style=\"font-weight: 400\">* CONTE: \u201cEL cuento de las mariposas\u201d Yoga para ni\u00f1os <\/span><a href=\"https:\/\/www.youtube.com\/watch?v=MI1S5rM0ou0\"><span style=\"font-weight: 400\">https:\/\/www.youtube.com\/watch?v=MI1S5rM0ou0<\/span><\/a><\/p>\n<ul>\n<li><span style=\"text-decoration: underline\"><b>DESCOBERTA DE L\u2019ENTORN I COMUNICACI\u00d3 I LLENGUATGES<\/b><\/span><\/li>\n<li><strong>LLENGUA<\/strong><\/li>\n<li style=\"list-style-type: none\">\n<ul>\n<li style=\"font-weight: 400\"><span style=\"font-weight: 400\">CONTE: <\/span><span style=\"font-weight: 400\">La llegenda de Sant Jordi<\/span><\/li>\n<\/ul>\n<\/li>\n<\/ul>\n<p><a href=\"http:\/\/www.edu365.cat\/primaria\/catala\/historic\/contes_spc\/jordi\/index.htm\"><span style=\"font-weight: 400\">http:\/\/www.edu365.cat\/primaria\/catala\/historic\/contes_spc\/jordi\/index.htm<\/span><\/a><\/p>\n<p><a href=\"https:\/\/www.youtube.com\/watch?v=Y3H_Qe4gqpM\"><span style=\"font-weight: 400\">https:\/\/www.youtube.com\/watch?v=Y3H_Qe4gqpM<\/span><\/a><\/p>\n<ul>\n<li style=\"font-weight: 400\"><span style=\"font-weight: 400\">Us animeu a fer la representaci\u00f3? La podeu fer amb titelles de dit\u00a0<\/span><\/li>\n<\/ul>\n<p><a href=\"http:\/\/www.rocenaccio.cat\/2016\/04\/titelles-per-sant-jordi.html\"><span style=\"font-weight: 400\">http:\/\/www.rocenaccio.cat\/2016\/04\/titelles-per-sant-jordi.html<\/span><\/a><\/p>\n<p><span style=\"font-weight: 400\">O amb robes i objectes que tingueu per casa.<\/span><\/p>\n<p><span style=\"font-weight: 400\">ESPEREM LES VOSTRES FOTOS O V\u00cdDEOS AMB MOLTA IL\u00b7LUSI\u00d3!!<\/span><\/p>\n<ul>\n<li><b>MATES<\/b><\/li>\n<li style=\"list-style-type: none\">\n<ul>\n<li style=\"list-style-type: none\">\n<ul>\n<li style=\"font-weight: 400\"><span style=\"font-weight: 400\">S\u00c8RIES I QUANTITATS: <\/span><a href=\"https:\/\/www.weeras.com\/ebook\/html5\/?editorial_guid=C800259A-E103-4039-8F31-C23D12543CED&amp;book_guid=E0764D25-B4BC-4425-9272-873ED187DE79&amp;content=142331\"><span style=\"font-weight: 400\">Clica aqu\u00ed<\/span><\/a><span style=\"font-weight: 400\"> i fes les propostes 3 i 5.<\/span><\/li>\n<\/ul>\n<\/li>\n<\/ul>\n<\/li>\n<li><b>ART\u00cdSTIC<\/b><\/li>\n<li style=\"list-style-type: none\">\n<ul>\n<li style=\"font-weight: 400\"><span style=\"font-weight: 400\">T\u2019animes a fer una ROSA de Sant Jordi? La pots dibuixar i pintar, o b\u00e9 mirar el material que tens per casa (oueres, plastilina, pintura, paper de diari, &#8230;) i fer-la en volum. Per les xarxes hi ha moltes idees senzilles<\/span><\/li>\n<\/ul>\n<\/li>\n<\/ul>\n<p><a href=\"http:\/\/marta345.blogspot.com\/2013\/12\/roses-de-sant-jordi.html\"><span style=\"font-weight: 400\">http:\/\/marta345.blogspot.com\/2013\/12\/roses-de-sant-jordi.html<\/span><\/a><\/p>\n<p><a href=\"https:\/\/totnens.cat\/roses-de-sant-jordi-per-fer-amb-nens\/\"><span style=\"font-weight: 400\">https:\/\/totnens.cat\/roses-de-sant-jordi-per-fer-amb-nens\/<\/span><\/a><\/p>\n<ul>\n<li style=\"list-style-type: none\">\n<ul>\n<li style=\"font-weight: 400\"><b>M\u00daSICA (CONXI)<\/b><\/li>\n<\/ul>\n<\/li>\n<\/ul>\n<table>\n<tbody>\n<tr>\n<td><b>Holaaa!!<\/b><\/p>\n<p><span style=\"font-weight: 400\">Per celebrar durant aquesta setmana la diada de Sant Jordi us proposo que canteu i balleu les can\u00e7ons que trobareu en el seg\u00fcents enlla\u00e7os:<\/span><\/p>\n<p><span style=\"font-weight: 400\">\u00a0\u00a0\u00a0\u00a0\u00a0\u00a0\u00a0\u00a0\u00a0\u00a0\u00a0\u00a0\u00a0\u00a0\u00a0\u00a0\u00a0\u00a0\u00a0\u00a0\u00a0<\/span><a href=\"https:\/\/www.youtube.com\/watch?v=1-FbrOgWlnE\"><span style=\"font-weight: 400\">https:\/\/www.youtube.com\/watch?v=1-FbrOgWlnE<\/span><\/a><\/p>\n<p><span style=\"font-weight: 400\">\u00a0\u00a0\u00a0\u00a0\u00a0\u00a0\u00a0\u00a0\u00a0\u00a0\u00a0\u00a0\u00a0\u00a0\u00a0\u00a0\u00a0\u00a0\u00a0\u00a0\u00a0<\/span><a href=\"https:\/\/www.youtube.com\/watch?v=-4wkoJ_ekBE\"><span style=\"font-weight: 400\">https:\/\/www.youtube.com\/watch?v=-4wkoJ_ekBE<\/span><\/a><\/p>\n<p><span style=\"font-weight: 400\">RECORDEU: El meu\u00a0 correu \u00e9s: <\/span><a href=\"mailto:safasantacolomamu@gmail.com\"><span style=\"font-weight: 400\">safasantacolomamu@gmail.com<\/span><\/a><\/p>\n<p><b>Gaudiu de la m\u00fasica!!!<\/b><\/td>\n<\/tr>\n<\/tbody>\n<\/table>\n<p>&nbsp;<\/p>\n<p><span style=\"font-weight: 400\">ANIMEU-VOS A FER-NOS UN RETORN AL NOSTRE CORREU ELECTR\u00d2NIC DE\u00a0<\/span><\/p>\n<p><span style=\"font-weight: 400\">P3: <\/span><a href=\"mailto:SafaSantaColomaP3@gmail.com\"><span style=\"font-weight: 400\">SafaSantaColomaP3@gmail.com<\/span><\/a><\/p>\n<p><b>.- <\/b><span style=\"font-weight: 400\">FINS LA SETMANA VINENT NENS I NENES ESPEREM QUE GAUDIU MOLT\u00cdSSIM, UNA FORTA ABRA\u00c7ADA.US HI ESPEREM!!<\/span><\/p>\n","protected":false},"excerpt":{"rendered":"<p>AQU\u00cd TENIU LES PROPOSTES PER AQUESTA SETMANA: del 20 d\u2019abril al 24 d\u2019abril Recordeu que el dia 23 d\u2019abril se celebra la Diada de Sant Jordi, \u00e9s per aix\u00f2 que hi ha propostes a l\u2019entorn d\u2019aquesta festa. Ens agradaria molt que continueu gaudint sempre de la lectura en fam\u00edlia i us desitgem una BONA DIADA [&hellip;]<\/p>\n","protected":false},"author":8,"featured_media":0,"comment_status":"open","ping_status":"closed","sticky":false,"template":"","format":"standard","meta":{"_bbp_topic_count":0,"_bbp_reply_count":0,"_bbp_total_topic_count":0,"_bbp_total_reply_count":0,"_bbp_voice_count":0,"_bbp_anonymous_reply_count":0,"_bbp_topic_count_hidden":0,"_bbp_reply_count_hidden":0,"_bbp_forum_subforum_count":0,"site-sidebar-layout":"default","site-content-layout":"","ast-site-content-layout":"","site-content-style":"default","site-sidebar-style":"default","ast-global-header-display":"","ast-banner-title-visibility":"","ast-main-header-display":"","ast-hfb-above-header-display":"","ast-hfb-below-header-display":"","ast-hfb-mobile-header-display":"","site-post-title":"","ast-breadcrumbs-content":"","ast-featured-img":"","footer-sml-layout":"","theme-transparent-header-meta":"","adv-header-id-meta":"","stick-header-meta":"","header-above-stick-meta":"","header-main-stick-meta":"","header-below-stick-meta":"","astra-migrate-meta-layouts":"default","ast-page-background-enabled":"default","ast-page-background-meta":{"desktop":{"background-color":"var(--ast-global-color-4)","background-image":"","background-repeat":"repeat","background-position":"center center","background-size":"auto","background-attachment":"scroll","background-type":"","background-media":"","overlay-type":"","overlay-color":"","overlay-opacity":"","overlay-gradient":""},"tablet":{"background-color":"","background-image":"","background-repeat":"repeat","background-position":"center center","background-size":"auto","background-attachment":"scroll","background-type":"","background-media":"","overlay-type":"","overlay-color":"","overlay-opacity":"","overlay-gradient":""},"mobile":{"background-color":"","background-image":"","background-repeat":"repeat","background-position":"center center","background-size":"auto","background-attachment":"scroll","background-type":"","background-media":"","overlay-type":"","overlay-color":"","overlay-opacity":"","overlay-gradient":""}},"ast-content-background-meta":{"desktop":{"background-color":"var(--ast-global-color-5)","background-image":"","background-repeat":"repeat","background-position":"center center","background-size":"auto","background-attachment":"scroll","background-type":"","background-media":"","overlay-type":"","overlay-color":"","overlay-opacity":"","overlay-gradient":""},"tablet":{"background-color":"var(--ast-global-color-5)","background-image":"","background-repeat":"repeat","background-position":"center center","background-size":"auto","background-attachment":"scroll","background-type":"","background-media":"","overlay-type":"","overlay-color":"","overlay-opacity":"","overlay-gradient":""},"mobile":{"background-color":"var(--ast-global-color-5)","background-image":"","background-repeat":"repeat","background-position":"center center","background-size":"auto","background-attachment":"scroll","background-type":"","background-media":"","overlay-type":"","overlay-color":"","overlay-opacity":"","overlay-gradient":""}},"footnotes":""},"categories":[3],"tags":[],"class_list":["post-986","post","type-post","status-publish","format-standard","hentry","category-p3"],"post_mailing_queue_ids":[],"_links":{"self":[{"href":"https:\/\/agora.xtec.cat\/ceipsfamiliascg\/wp-json\/wp\/v2\/posts\/986","targetHints":{"allow":["GET"]}}],"collection":[{"href":"https:\/\/agora.xtec.cat\/ceipsfamiliascg\/wp-json\/wp\/v2\/posts"}],"about":[{"href":"https:\/\/agora.xtec.cat\/ceipsfamiliascg\/wp-json\/wp\/v2\/types\/post"}],"author":[{"embeddable":true,"href":"https:\/\/agora.xtec.cat\/ceipsfamiliascg\/wp-json\/wp\/v2\/users\/8"}],"replies":[{"embeddable":true,"href":"https:\/\/agora.xtec.cat\/ceipsfamiliascg\/wp-json\/wp\/v2\/comments?post=986"}],"version-history":[{"count":3,"href":"https:\/\/agora.xtec.cat\/ceipsfamiliascg\/wp-json\/wp\/v2\/posts\/986\/revisions"}],"predecessor-version":[{"id":1042,"href":"https:\/\/agora.xtec.cat\/ceipsfamiliascg\/wp-json\/wp\/v2\/posts\/986\/revisions\/1042"}],"wp:attachment":[{"href":"https:\/\/agora.xtec.cat\/ceipsfamiliascg\/wp-json\/wp\/v2\/media?parent=986"}],"wp:term":[{"taxonomy":"category","embeddable":true,"href":"https:\/\/agora.xtec.cat\/ceipsfamiliascg\/wp-json\/wp\/v2\/categories?post=986"},{"taxonomy":"post_tag","embeddable":true,"href":"https:\/\/agora.xtec.cat\/ceipsfamiliascg\/wp-json\/wp\/v2\/tags?post=986"}],"curies":[{"name":"wp","href":"https:\/\/api.w.org\/{rel}","templated":true}]}}