{"id":959,"date":"2020-04-14T12:00:15","date_gmt":"2020-04-14T10:00:15","guid":{"rendered":"https:\/\/agora.xtec.cat\/ceipsfamiliascg\/?p=959"},"modified":"2020-04-13T15:16:33","modified_gmt":"2020-04-13T13:16:33","slug":"proposta-musica-infantil","status":"publish","type":"post","link":"https:\/\/agora.xtec.cat\/ceipsfamiliascg\/infantil\/proposta-musica-infantil\/","title":{"rendered":"PROPOSTA M\u00daSICA INFANTIL"},"content":{"rendered":"<p style=\"text-align: center\"><b>M\u00daSICA<\/b><\/p>\n<p><b>Hola nens i nenes!! S\u00f3c Conchi, la mestra de m\u00fasica: Us trobo molt a faltar i de que cantem, ballem , toquem instruments\u2026..<\/b><\/p>\n<p><span style=\"font-weight: 400\">De moment, escolteu aquest conte que trobareu al seg\u00fcent enlla\u00e7. Surten dos instruments, un d\u2019ells l\u2019hem treballat aquest curs. Us en recordeu?<\/span><\/p>\n<p><span style=\"font-weight: 400\">Un dels instruments \u00e9s el clarinet i l\u2019altre la tuba<\/span><\/p>\n<p>&nbsp;<\/p>\n<p><b>EL CONTE DEL SABATER<\/b><\/p>\n<p><span style=\"font-weight: 400\">INSTAGRAM: <\/span><a href=\"https:\/\/www.instagram.com\/tv\/B99fRjhpY7U\/?igshid=1pm5309ib3k1b\"><span style=\"font-weight: 400\">https:\/\/www.instagram.com\/tv\/B99fRjhpY7U\/?igshid=1pm5309ib3k1b<\/span><span style=\"font-weight: 400\"><br \/>\n<\/span><\/a><span style=\"font-weight: 400\">FACEBOOK:<\/span><a href=\"https:\/\/m.facebook.com\/story.php?story_fbid=200990497898273&amp;id=100039619715229\"><span style=\"font-weight: 400\">https:\/\/m.facebook.com\/story.php?story_fbid=200990497898273&amp;id=100039619715229<\/span><\/a><\/p>\n<p><span style=\"font-weight: 400\">Si voleu fer-me algun comentari ho podeu fer al meu correu <\/span><a href=\"mailto:safasantacolomamu@xtec.cat\"><span style=\"font-weight: 400\">safasantacolomamu@xtec.cat<\/span><\/a><\/p>\n<p>&nbsp;<\/p>\n<p><b>Fins aviat!!<\/b><\/p>\n","protected":false},"excerpt":{"rendered":"<p>M\u00daSICA Hola nens i nenes!! S\u00f3c Conchi, la mestra de m\u00fasica: Us trobo molt a faltar i de que cantem, ballem , toquem instruments\u2026.. De moment, escolteu aquest conte que trobareu al seg\u00fcent enlla\u00e7. Surten dos instruments, un d\u2019ells l\u2019hem treballat aquest curs. Us en recordeu? Un dels instruments \u00e9s el clarinet i l\u2019altre la [&hellip;]<\/p>\n","protected":false},"author":1,"featured_media":0,"comment_status":"open","ping_status":"closed","sticky":false,"template":"","format":"standard","meta":{"_bbp_topic_count":0,"_bbp_reply_count":0,"_bbp_total_topic_count":0,"_bbp_total_reply_count":0,"_bbp_voice_count":0,"_bbp_anonymous_reply_count":0,"_bbp_topic_count_hidden":0,"_bbp_reply_count_hidden":0,"_bbp_forum_subforum_count":0,"site-sidebar-layout":"default","site-content-layout":"","ast-site-content-layout":"","site-content-style":"default","site-sidebar-style":"default","ast-global-header-display":"","ast-banner-title-visibility":"","ast-main-header-display":"","ast-hfb-above-header-display":"","ast-hfb-below-header-display":"","ast-hfb-mobile-header-display":"","site-post-title":"","ast-breadcrumbs-content":"","ast-featured-img":"","footer-sml-layout":"","theme-transparent-header-meta":"","adv-header-id-meta":"","stick-header-meta":"","header-above-stick-meta":"","header-main-stick-meta":"","header-below-stick-meta":"","astra-migrate-meta-layouts":"default","ast-page-background-enabled":"default","ast-page-background-meta":{"desktop":{"background-color":"var(--ast-global-color-4)","background-image":"","background-repeat":"repeat","background-position":"center center","background-size":"auto","background-attachment":"scroll","background-type":"","background-media":"","overlay-type":"","overlay-color":"","overlay-opacity":"","overlay-gradient":""},"tablet":{"background-color":"","background-image":"","background-repeat":"repeat","background-position":"center center","background-size":"auto","background-attachment":"scroll","background-type":"","background-media":"","overlay-type":"","overlay-color":"","overlay-opacity":"","overlay-gradient":""},"mobile":{"background-color":"","background-image":"","background-repeat":"repeat","background-position":"center center","background-size":"auto","background-attachment":"scroll","background-type":"","background-media":"","overlay-type":"","overlay-color":"","overlay-opacity":"","overlay-gradient":""}},"ast-content-background-meta":{"desktop":{"background-color":"var(--ast-global-color-5)","background-image":"","background-repeat":"repeat","background-position":"center center","background-size":"auto","background-attachment":"scroll","background-type":"","background-media":"","overlay-type":"","overlay-color":"","overlay-opacity":"","overlay-gradient":""},"tablet":{"background-color":"var(--ast-global-color-5)","background-image":"","background-repeat":"repeat","background-position":"center center","background-size":"auto","background-attachment":"scroll","background-type":"","background-media":"","overlay-type":"","overlay-color":"","overlay-opacity":"","overlay-gradient":""},"mobile":{"background-color":"var(--ast-global-color-5)","background-image":"","background-repeat":"repeat","background-position":"center center","background-size":"auto","background-attachment":"scroll","background-type":"","background-media":"","overlay-type":"","overlay-color":"","overlay-opacity":"","overlay-gradient":""}},"footnotes":""},"categories":[2,3,8,9],"tags":[64,74,65,66,67,75],"class_list":["post-959","post","type-post","status-publish","format-standard","hentry","category-infantil","category-p3","category-p4","category-p5","tag-infantil","tag-musica","tag-p3","tag-p4","tag-p5","tag-proposta"],"post_mailing_queue_ids":[],"_links":{"self":[{"href":"https:\/\/agora.xtec.cat\/ceipsfamiliascg\/wp-json\/wp\/v2\/posts\/959","targetHints":{"allow":["GET"]}}],"collection":[{"href":"https:\/\/agora.xtec.cat\/ceipsfamiliascg\/wp-json\/wp\/v2\/posts"}],"about":[{"href":"https:\/\/agora.xtec.cat\/ceipsfamiliascg\/wp-json\/wp\/v2\/types\/post"}],"author":[{"embeddable":true,"href":"https:\/\/agora.xtec.cat\/ceipsfamiliascg\/wp-json\/wp\/v2\/users\/1"}],"replies":[{"embeddable":true,"href":"https:\/\/agora.xtec.cat\/ceipsfamiliascg\/wp-json\/wp\/v2\/comments?post=959"}],"version-history":[{"count":1,"href":"https:\/\/agora.xtec.cat\/ceipsfamiliascg\/wp-json\/wp\/v2\/posts\/959\/revisions"}],"predecessor-version":[{"id":960,"href":"https:\/\/agora.xtec.cat\/ceipsfamiliascg\/wp-json\/wp\/v2\/posts\/959\/revisions\/960"}],"wp:attachment":[{"href":"https:\/\/agora.xtec.cat\/ceipsfamiliascg\/wp-json\/wp\/v2\/media?parent=959"}],"wp:term":[{"taxonomy":"category","embeddable":true,"href":"https:\/\/agora.xtec.cat\/ceipsfamiliascg\/wp-json\/wp\/v2\/categories?post=959"},{"taxonomy":"post_tag","embeddable":true,"href":"https:\/\/agora.xtec.cat\/ceipsfamiliascg\/wp-json\/wp\/v2\/tags?post=959"}],"curies":[{"name":"wp","href":"https:\/\/api.w.org\/{rel}","templated":true}]}}