{"id":936,"date":"2020-04-06T12:48:28","date_gmt":"2020-04-06T10:48:28","guid":{"rendered":"https:\/\/agora.xtec.cat\/ceipsfamiliascg\/?p=936"},"modified":"2020-04-06T12:48:28","modified_gmt":"2020-04-06T10:48:28","slug":"feines-per-a-la-setmana-santa-cicle-superior","status":"publish","type":"post","link":"https:\/\/agora.xtec.cat\/ceipsfamiliascg\/primaria\/5e\/feines-per-a-la-setmana-santa-cicle-superior\/","title":{"rendered":"FEINES PER A LA SETMANA SANTA Cicle Superior\u00a0 \u00a0 \u00a0"},"content":{"rendered":"<p><span style=\"font-weight: 400\">\u00a0 \u00a0 \u00a0 \u00a0 \u00a0 \u00a0 \u00a0 \u00a0 \u00a0 \u00a0 \u00a0 \u00a0 \u00a0\u00a0<\/span><span style=\"font-weight: 400\">Estimats nois i noies:<\/span><\/p>\n<p><span style=\"font-weight: 400\">Les vostres mestres del cicle hem pensat unes tasques m\u00e9s l\u00fadiques per fer-les al llarg de la Setmana Santa d\u2019enguany.<\/span><\/p>\n<ul>\n<li style=\"font-weight: 400\"><span style=\"font-weight: 400\">D\u2019una banda us presentem un curtmetratge de <\/span><b>VALORS<\/b><span style=\"font-weight: 400\"> en castell\u00e0 anomenat \u201cEl cazo de Lorenzo\u201d . L\u2019heu de visualitzar, respondre a les preguntes i\u00a0 reflexionar sobre el seu missatge i fer-nos arribar aquesta reflexi\u00f3 en forma de redacci\u00f3 en <\/span><b>LLENGUA CASTELLANA <\/b><span style=\"font-weight: 400\">(d\u2019unes 100 paraules, ben estructurada i parant compte del l\u00e8xic, la gram\u00e0tica i l\u2019ortografia que heu emprat), que haureu d\u2019enviar a la vostra mestra de castell\u00e0.\u00a0<a href=\"https:\/\/docs.google.com\/document\/d\/1-Z42blhpIn4hUpBnC6XngbCc3wdJt9DW\/edit\">https:\/\/docs.google.com\/document\/d\/1-Z42blhpIn4hUpBnC6XngbCc3wdJt9DW\/edit<\/a><\/span><\/li>\n<li><\/li>\n<li style=\"font-weight: 400\"><span style=\"font-weight: 400\">La Conchita de <\/span><b>M\u00daSICA<\/b><span style=\"font-weight: 400\"> us proposa una coreografia que heu de practicar i enviar-li un petit video de demostraci\u00f3.\u00a0<a href=\"https:\/\/docs.google.com\/document\/d\/15j65Pq0btdJVku6UDljRDqe1LWd8o7C7\/edit\">https:\/\/docs.google.com\/document\/d\/15j65Pq0btdJVku6UDljRDqe1LWd8o7C7\/edit<\/a><\/span><\/li>\n<li><\/li>\n<li style=\"font-weight: 400\"><span style=\"font-weight: 400\">La teacher Myriam d\u2019<\/span><b>ANGL\u00c8S<\/b><span style=\"font-weight: 400\"> us proposa unes feines per a 5\u00e8 i unes per a 6\u00e8.\u00a0<a href=\"https:\/\/docs.google.com\/document\/d\/1JudxJtTo9rj5IF8hrSli6bseJJZDZ4VmAmkBNw_MUIA\/edit\">https:\/\/docs.google.com\/document\/d\/1JudxJtTo9rj5IF8hrSli6bseJJZDZ4VmAmkBNw_MUIA\/edit<\/a><\/span><\/li>\n<li><\/li>\n<li style=\"font-weight: 400\"><span style=\"font-weight: 400\">Tamb\u00e9 us hem preparat un v\u00eddeo que es pot visualitzar <\/span><b>al web<\/b><span style=\"font-weight: 400\"> de l\u2019escola amb una proposta de treball de <\/span><b>PL\u00c0STICA <\/b><span style=\"font-weight: 400\">per decorar casa vostra, i quan tornem a l\u2019escola, ho penjarem el nostre passad\u00eds. Heu de fer una foto de la vostra creaci\u00f3 i enviar-la per correu electr\u00f2nic a la vostra tutora.\u00a0<\/span><\/li>\n<li><\/li>\n<li style=\"font-weight: 400\"><span style=\"font-weight: 400\">Us heu de <\/span><b>llegir un llibre<\/b><span style=\"font-weight: 400\"> ,en catal\u00e0 preferiblement, i fer una v\u00eddeo ressenya que heu d\u2019enviar a la tutora. No oblideu de dir en primer lloc el t\u00edtol, autor, editorial i col\u00b7lecci\u00f3 a m\u00e9s a m\u00e9s de la vostra opini\u00f3. <a href=\"https:\/\/drive.google.com\/open?id=1ZWmcZ0ib-1aKdX9g2u58YXpzahf9ZKwV\">https:\/\/drive.google.com\/open?id=1ZWmcZ0ib-1aKdX9g2u58YXpzahf9ZKwV<\/a><\/span><\/li>\n<li><\/li>\n<li style=\"font-weight: 400\"><span style=\"font-weight: 400\">I per acabar, ens agradaria que particip\u00e9ssiu en una proposta que han fet diversos hospitals, les <\/span><b>CARTES AMB COR<\/b><span style=\"font-weight: 400\">, en las que demanen cartes que poden estar destinades a animar els malalts que estan ingressats , o poden estar destinades a agrair al personal dels hospitals la gran feina que estan fent en aquesta crisi del Covid-19. Les envieu a la vostra tutora, i ella les agrupar\u00e0 totes per enviar-les a algun dels hospitals del programa.\u00a0<a href=\"https:\/\/docs.google.com\/document\/d\/1wxbMHao1gBLN0LGmcKohEFaS9H0Su_SB7EkjHod72p4\/edit\">https:\/\/docs.google.com\/document\/d\/1wxbMHao1gBLN0LGmcKohEFaS9H0Su_SB7EkjHod72p4\/edit<\/a><\/span><\/li>\n<\/ul>\n<p><span style=\"font-weight: 400\">Els nostres correus s\u00f3n:<\/span><\/p>\n<p><span style=\"font-weight: 400\">5\u00e8 A Montse L. : <\/span><a href=\"mailto:safasantacoloma5a@gmail.com\"><span style=\"font-weight: 400\">safasantacoloma5a@gmail.com<\/span><\/a><\/p>\n<p><span style=\"font-weight: 400\">5\u00e8 B Laura M.: <\/span><a href=\"mailto:safasantacoloma5b@gmail.com\"><span style=\"font-weight: 400\">safasantacoloma5b@gmail.com<\/span><\/a><\/p>\n<p><span style=\"font-weight: 400\">6\u00e8 A M\u00aaNeus: <\/span><a href=\"mailto:safasantacoloma6a@gmail.com\"><span style=\"font-weight: 400\">safasantacoloma6a@gmail.com<\/span><\/a><\/p>\n<p><span style=\"font-weight: 400\">6\u00e8 B Roc\u00edo:\u00a0 <\/span><a href=\"mailto:safasantacoloma6b@gmail.com\"><span style=\"font-weight: 400\">safasantacoloma6b@gmail.com<\/span><\/a><\/p>\n<p><span style=\"font-weight: 400\">Teacher Myriam : <\/span><a href=\"mailto:safasantacolomaangles@gmail.com\"><span style=\"font-weight: 400\">safasantacolomaangles@gmail.com<\/span><\/a><\/p>\n<p><span style=\"font-weight: 400\">Conchita de m\u00fasica: <\/span><a href=\"mailto:safasantacolomamusica@gmail.com\"><span style=\"font-weight: 400\">safasantacolomamusica@gmail.com<\/span><\/a><\/p>\n<p><b>Teniu fins el dimarts 14<\/b><span style=\"font-weight: 400\"> per fer-nos arribar aquestes tasques que tenen com a objectiu \u00e9s passar-ho b\u00e9 una estona mentre treballem una mica&#8230;<\/span><\/p>\n<p><span style=\"font-weight: 400\">&#8230;esteu preparats?<\/span><\/p>\n<p><span style=\"font-weight: 400\">Esperem els vostres correus!!<\/span><\/p>\n","protected":false},"excerpt":{"rendered":"<p>\u00a0 \u00a0 \u00a0 \u00a0 \u00a0 \u00a0 \u00a0 \u00a0 \u00a0 \u00a0 \u00a0 \u00a0 \u00a0\u00a0Estimats nois i noies: Les vostres mestres del cicle hem pensat unes tasques m\u00e9s l\u00fadiques per fer-les al llarg de la Setmana Santa d\u2019enguany. D\u2019una banda us presentem un curtmetratge de VALORS en castell\u00e0 anomenat \u201cEl cazo de Lorenzo\u201d . L\u2019heu de visualitzar, [&hellip;]<\/p>\n","protected":false},"author":10,"featured_media":0,"comment_status":"open","ping_status":"closed","sticky":false,"template":"","format":"standard","meta":{"_bbp_topic_count":0,"_bbp_reply_count":0,"_bbp_total_topic_count":0,"_bbp_total_reply_count":0,"_bbp_voice_count":0,"_bbp_anonymous_reply_count":0,"_bbp_topic_count_hidden":0,"_bbp_reply_count_hidden":0,"_bbp_forum_subforum_count":0,"site-sidebar-layout":"default","site-content-layout":"","ast-site-content-layout":"","site-content-style":"default","site-sidebar-style":"default","ast-global-header-display":"","ast-banner-title-visibility":"","ast-main-header-display":"","ast-hfb-above-header-display":"","ast-hfb-below-header-display":"","ast-hfb-mobile-header-display":"","site-post-title":"","ast-breadcrumbs-content":"","ast-featured-img":"","footer-sml-layout":"","theme-transparent-header-meta":"","adv-header-id-meta":"","stick-header-meta":"","header-above-stick-meta":"","header-main-stick-meta":"","header-below-stick-meta":"","astra-migrate-meta-layouts":"default","ast-page-background-enabled":"default","ast-page-background-meta":{"desktop":{"background-color":"var(--ast-global-color-4)","background-image":"","background-repeat":"repeat","background-position":"center center","background-size":"auto","background-attachment":"scroll","background-type":"","background-media":"","overlay-type":"","overlay-color":"","overlay-opacity":"","overlay-gradient":""},"tablet":{"background-color":"","background-image":"","background-repeat":"repeat","background-position":"center center","background-size":"auto","background-attachment":"scroll","background-type":"","background-media":"","overlay-type":"","overlay-color":"","overlay-opacity":"","overlay-gradient":""},"mobile":{"background-color":"","background-image":"","background-repeat":"repeat","background-position":"center center","background-size":"auto","background-attachment":"scroll","background-type":"","background-media":"","overlay-type":"","overlay-color":"","overlay-opacity":"","overlay-gradient":""}},"ast-content-background-meta":{"desktop":{"background-color":"var(--ast-global-color-5)","background-image":"","background-repeat":"repeat","background-position":"center center","background-size":"auto","background-attachment":"scroll","background-type":"","background-media":"","overlay-type":"","overlay-color":"","overlay-opacity":"","overlay-gradient":""},"tablet":{"background-color":"var(--ast-global-color-5)","background-image":"","background-repeat":"repeat","background-position":"center center","background-size":"auto","background-attachment":"scroll","background-type":"","background-media":"","overlay-type":"","overlay-color":"","overlay-opacity":"","overlay-gradient":""},"mobile":{"background-color":"var(--ast-global-color-5)","background-image":"","background-repeat":"repeat","background-position":"center center","background-size":"auto","background-attachment":"scroll","background-type":"","background-media":"","overlay-type":"","overlay-color":"","overlay-opacity":"","overlay-gradient":""}},"footnotes":""},"categories":[14,15],"tags":[],"class_list":["post-936","post","type-post","status-publish","format-standard","hentry","category-5e","category-6e"],"post_mailing_queue_ids":[],"_links":{"self":[{"href":"https:\/\/agora.xtec.cat\/ceipsfamiliascg\/wp-json\/wp\/v2\/posts\/936","targetHints":{"allow":["GET"]}}],"collection":[{"href":"https:\/\/agora.xtec.cat\/ceipsfamiliascg\/wp-json\/wp\/v2\/posts"}],"about":[{"href":"https:\/\/agora.xtec.cat\/ceipsfamiliascg\/wp-json\/wp\/v2\/types\/post"}],"author":[{"embeddable":true,"href":"https:\/\/agora.xtec.cat\/ceipsfamiliascg\/wp-json\/wp\/v2\/users\/10"}],"replies":[{"embeddable":true,"href":"https:\/\/agora.xtec.cat\/ceipsfamiliascg\/wp-json\/wp\/v2\/comments?post=936"}],"version-history":[{"count":1,"href":"https:\/\/agora.xtec.cat\/ceipsfamiliascg\/wp-json\/wp\/v2\/posts\/936\/revisions"}],"predecessor-version":[{"id":937,"href":"https:\/\/agora.xtec.cat\/ceipsfamiliascg\/wp-json\/wp\/v2\/posts\/936\/revisions\/937"}],"wp:attachment":[{"href":"https:\/\/agora.xtec.cat\/ceipsfamiliascg\/wp-json\/wp\/v2\/media?parent=936"}],"wp:term":[{"taxonomy":"category","embeddable":true,"href":"https:\/\/agora.xtec.cat\/ceipsfamiliascg\/wp-json\/wp\/v2\/categories?post=936"},{"taxonomy":"post_tag","embeddable":true,"href":"https:\/\/agora.xtec.cat\/ceipsfamiliascg\/wp-json\/wp\/v2\/tags?post=936"}],"curies":[{"name":"wp","href":"https:\/\/api.w.org\/{rel}","templated":true}]}}