{"id":2269,"date":"2022-03-01T21:11:31","date_gmt":"2022-03-01T20:11:31","guid":{"rendered":"https:\/\/agora.xtec.cat\/ceipsfamiliascg\/?p=2269"},"modified":"2022-03-01T21:19:17","modified_gmt":"2022-03-01T20:19:17","slug":"informacio-preinscripcio-curs-22-23","status":"publish","type":"post","link":"https:\/\/agora.xtec.cat\/ceipsfamiliascg\/portada\/informacio-preinscripcio-curs-22-23\/","title":{"rendered":"INFORMACI\u00d3 PREINSCRIPCI\u00d3 CURS 22-23"},"content":{"rendered":"<h3><em><strong><a href=\"https:\/\/agora.xtec.cat\/ceipsfamiliascg\/wp-content\/uploads\/usu1987\/2022\/03\/Informacio-preinscripcio-2022-23.doc\" target=\"_blank\" rel=\"noopener\">\u27a1Informaci\u00f3 preinscripci\u00f3 2022-23<\/a><\/strong><\/em><\/h3>\n<h3><strong><em><a href=\"https:\/\/agora.xtec.cat\/ceipsfamiliascg\/wp-content\/uploads\/usu1987\/2022\/03\/Documentacio-i-criteris-de-prioritat-2022-23.doc\" target=\"_blank\" rel=\"noopener\">\u27a1Documentaci\u00f3 i criteris de prioritat 2022-23<\/a><\/em><\/strong><\/h3>\n<h4><strong>CALENDARI DE PREINSCRIPCI\u00d3 2022-2023<\/strong><strong>\u00a0<\/strong><\/h4>\n<table>\n<tbody>\n<tr>\n<td width=\"406\">\n<h4><strong>Fases de la preinscripci\u00f3<\/strong><\/h4>\n<\/td>\n<td width=\"206\">\n<h4><strong>Dates<\/strong><\/h4>\n<\/td>\n<\/tr>\n<tr>\n<td width=\"406\">\n<h4>Difusi\u00f3 de l&#8217;oferta inicial de places<\/h4>\n<\/td>\n<td width=\"206\">\n<h4>4 de mar\u00e7<\/h4>\n<\/td>\n<\/tr>\n<tr>\n<td width=\"406\">\n<h4>Presentaci\u00f3 de sol\u00b7licituds<\/h4>\n<\/td>\n<td width=\"206\">\n<h4>7 al 21 de mar\u00e7<\/h4>\n<\/td>\n<\/tr>\n<tr>\n<td width=\"406\">\n<h4>Llistes amb la puntuaci\u00f3 provisional<\/h4>\n<\/td>\n<td width=\"206\">\n<h4>21 d\u2019abril<\/h4>\n<\/td>\n<\/tr>\n<tr>\n<td width=\"406\">\n<h4>Presentaci\u00f3 de reclamacions<\/h4>\n<\/td>\n<td width=\"206\">\n<h4>22 al 28 d\u2019abril<\/h4>\n<\/td>\n<\/tr>\n<tr>\n<td width=\"406\">\n<h4>Llistes amb la puntuaci\u00f3 un cop resoltes les reclamacions<\/h4>\n<\/td>\n<td width=\"206\">\n<h4>3 de maig<\/h4>\n<\/td>\n<\/tr>\n<tr>\n<td width=\"406\">\n<h4>Sorteig del n\u00famero per al desempat<\/h4>\n<\/td>\n<td width=\"206\">\n<h4>9 de maig<\/h4>\n<\/td>\n<\/tr>\n<tr>\n<td width=\"406\">\n<h4>Publicaci\u00f3 de llistes ordenades definitives<\/h4>\n<\/td>\n<td width=\"206\">\n<h4>11 de maig<\/h4>\n<\/td>\n<\/tr>\n<tr>\n<td width=\"406\">\n<h4>Publicaci\u00f3 de les llistes d&#8217;admesos<\/h4>\n<\/td>\n<td width=\"206\">\n<h4>10 de juny<\/h4>\n<\/td>\n<\/tr>\n<tr>\n<td width=\"406\">\n<h4>Per\u00edode de matriculaci\u00f3 Infantil i Prim\u00e0ria<\/h4>\n<\/td>\n<td width=\"206\">\n<h4>21 al 29 de juny<\/h4>\n<\/td>\n<\/tr>\n<\/tbody>\n<\/table>\n<ul>\n<li>A partir d\u2019aquest curs totes les sol\u00b7licituds s\u00f3n en format telem\u00e0tic, per tant, no hi ha la possibilitat de full de preinscripci\u00f3 en paper.<\/li>\n<\/ul>\n<ul>\n<li>No cal lliurar cap documentaci\u00f3 presencialment al centre educatiu que indiqueu en primera opci\u00f3.<\/li>\n<\/ul>\n<ul>\n<li>Hi ha dos tipus de sol\u00b7licitud:<\/li>\n<\/ul>\n<p>o <strong>Electr\u00f2nica<\/strong>: cal identificaci\u00f3 digital com DNI electr\u00f2nic, Cl@ve, idCat M\u00f2bil, etc.<\/p>\n<p>o <strong>Suport inform\u00e0tic<\/strong>: sense identificaci\u00f3 digital.<\/p>\n<ul>\n<li>Cal emplenar la sol\u00b7licitud electr\u00f2nica o en suport inform\u00e0tic que hi ha al web <strong>preinscripci\u00f3.gencat.cat<\/strong>, en el termini establert. Una vegada enviada la fam\u00edlia rep, per correu electr\u00f2nic, el resguard de la presentaci\u00f3 de la sol\u00b7licitud, on s\u2019especifica si cal adjuntar alguna documentaci\u00f3 fotografiada o escanejada.<\/li>\n<\/ul>\n<ul>\n<li>El Departament recomana escanejar abans que fotografiar<\/li>\n<\/ul>\n<p>&nbsp;<\/p>\n","protected":false},"excerpt":{"rendered":"<p>\u27a1Informaci\u00f3 preinscripci\u00f3 2022-23 \u27a1Documentaci\u00f3 i criteris de prioritat 2022-23 CALENDARI DE PREINSCRIPCI\u00d3 2022-2023\u00a0 Fases de la preinscripci\u00f3 Dates Difusi\u00f3 de l&#8217;oferta inicial de places 4 de mar\u00e7 Presentaci\u00f3 de sol\u00b7licituds 7 al 21 de mar\u00e7 Llistes amb la puntuaci\u00f3 provisional 21 d\u2019abril Presentaci\u00f3 de reclamacions 22 al 28 d\u2019abril Llistes amb la puntuaci\u00f3 un cop [&hellip;]<\/p>\n","protected":false},"author":3,"featured_media":0,"comment_status":"open","ping_status":"closed","sticky":false,"template":"","format":"standard","meta":{"_bbp_topic_count":0,"_bbp_reply_count":0,"_bbp_total_topic_count":0,"_bbp_total_reply_count":0,"_bbp_voice_count":0,"_bbp_anonymous_reply_count":0,"_bbp_topic_count_hidden":0,"_bbp_reply_count_hidden":0,"_bbp_forum_subforum_count":0,"site-sidebar-layout":"default","site-content-layout":"","ast-site-content-layout":"","site-content-style":"default","site-sidebar-style":"default","ast-global-header-display":"","ast-banner-title-visibility":"","ast-main-header-display":"","ast-hfb-above-header-display":"","ast-hfb-below-header-display":"","ast-hfb-mobile-header-display":"","site-post-title":"","ast-breadcrumbs-content":"","ast-featured-img":"","footer-sml-layout":"","theme-transparent-header-meta":"","adv-header-id-meta":"","stick-header-meta":"","header-above-stick-meta":"","header-main-stick-meta":"","header-below-stick-meta":"","astra-migrate-meta-layouts":"default","ast-page-background-enabled":"default","ast-page-background-meta":{"desktop":{"background-color":"var(--ast-global-color-4)","background-image":"","background-repeat":"repeat","background-position":"center center","background-size":"auto","background-attachment":"scroll","background-type":"","background-media":"","overlay-type":"","overlay-color":"","overlay-opacity":"","overlay-gradient":""},"tablet":{"background-color":"","background-image":"","background-repeat":"repeat","background-position":"center center","background-size":"auto","background-attachment":"scroll","background-type":"","background-media":"","overlay-type":"","overlay-color":"","overlay-opacity":"","overlay-gradient":""},"mobile":{"background-color":"","background-image":"","background-repeat":"repeat","background-position":"center center","background-size":"auto","background-attachment":"scroll","background-type":"","background-media":"","overlay-type":"","overlay-color":"","overlay-opacity":"","overlay-gradient":""}},"ast-content-background-meta":{"desktop":{"background-color":"var(--ast-global-color-5)","background-image":"","background-repeat":"repeat","background-position":"center center","background-size":"auto","background-attachment":"scroll","background-type":"","background-media":"","overlay-type":"","overlay-color":"","overlay-opacity":"","overlay-gradient":""},"tablet":{"background-color":"var(--ast-global-color-5)","background-image":"","background-repeat":"repeat","background-position":"center center","background-size":"auto","background-attachment":"scroll","background-type":"","background-media":"","overlay-type":"","overlay-color":"","overlay-opacity":"","overlay-gradient":""},"mobile":{"background-color":"var(--ast-global-color-5)","background-image":"","background-repeat":"repeat","background-position":"center center","background-size":"auto","background-attachment":"scroll","background-type":"","background-media":"","overlay-type":"","overlay-color":"","overlay-opacity":"","overlay-gradient":""}},"footnotes":""},"categories":[4],"tags":[],"class_list":["post-2269","post","type-post","status-publish","format-standard","hentry","category-portada"],"post_mailing_queue_ids":[],"_links":{"self":[{"href":"https:\/\/agora.xtec.cat\/ceipsfamiliascg\/wp-json\/wp\/v2\/posts\/2269","targetHints":{"allow":["GET"]}}],"collection":[{"href":"https:\/\/agora.xtec.cat\/ceipsfamiliascg\/wp-json\/wp\/v2\/posts"}],"about":[{"href":"https:\/\/agora.xtec.cat\/ceipsfamiliascg\/wp-json\/wp\/v2\/types\/post"}],"author":[{"embeddable":true,"href":"https:\/\/agora.xtec.cat\/ceipsfamiliascg\/wp-json\/wp\/v2\/users\/3"}],"replies":[{"embeddable":true,"href":"https:\/\/agora.xtec.cat\/ceipsfamiliascg\/wp-json\/wp\/v2\/comments?post=2269"}],"version-history":[{"count":3,"href":"https:\/\/agora.xtec.cat\/ceipsfamiliascg\/wp-json\/wp\/v2\/posts\/2269\/revisions"}],"predecessor-version":[{"id":2276,"href":"https:\/\/agora.xtec.cat\/ceipsfamiliascg\/wp-json\/wp\/v2\/posts\/2269\/revisions\/2276"}],"wp:attachment":[{"href":"https:\/\/agora.xtec.cat\/ceipsfamiliascg\/wp-json\/wp\/v2\/media?parent=2269"}],"wp:term":[{"taxonomy":"category","embeddable":true,"href":"https:\/\/agora.xtec.cat\/ceipsfamiliascg\/wp-json\/wp\/v2\/categories?post=2269"},{"taxonomy":"post_tag","embeddable":true,"href":"https:\/\/agora.xtec.cat\/ceipsfamiliascg\/wp-json\/wp\/v2\/tags?post=2269"}],"curies":[{"name":"wp","href":"https:\/\/api.w.org\/{rel}","templated":true}]}}