{"id":1707,"date":"2021-04-30T19:02:51","date_gmt":"2021-04-30T17:02:51","guid":{"rendered":"https:\/\/agora.xtec.cat\/ceipsfamiliascg\/?p=1707"},"modified":"2021-04-30T19:03:25","modified_gmt":"2021-04-30T17:03:25","slug":"1r-sant-jordi-cicle-inicial","status":"publish","type":"post","link":"https:\/\/agora.xtec.cat\/ceipsfamiliascg\/portada\/1r-sant-jordi-cicle-inicial\/","title":{"rendered":"1r Sant Jordi- Cicle Inicial"},"content":{"rendered":"<p>L&#8217;alumnat de 1r aquest any per celebrar el Sant Jordi ha fet un drac amb material reciclat per poder regalar a les fam\u00edlies.<\/p>\n<p>A m\u00e9s, han preparat una can\u00e7\u00f3 amb la tornada en llenguatge de signes amb l&#8217;ajuda de la mestra d&#8217;educaci\u00f3 especial que van interpretar davant de l&#8217;alumnat m\u00e9s petit de l&#8217;escola.<\/p>\n<p>Per veure els v\u00eddeos i les fotografies cliqueu a la fotografia.<\/p>\n<p><a href=\"https:\/\/photos.app.goo.gl\/F8eA5Cek9REFQzER9\"><img loading=\"lazy\" decoding=\"async\" class=\"wp-image-1737 aligncenter\" src=\"https:\/\/agora.xtec.cat\/ceipsfamiliascg\/wp-content\/uploads\/usu1987\/2021\/04\/IMG_9698-1024x768.jpeg\" alt=\"\" width=\"298\" height=\"223\" srcset=\"https:\/\/agora.xtec.cat\/ceipsfamiliascg\/wp-content\/uploads\/usu1987\/2021\/04\/IMG_9698-1024x768.jpeg 1024w, https:\/\/agora.xtec.cat\/ceipsfamiliascg\/wp-content\/uploads\/usu1987\/2021\/04\/IMG_9698-300x225.jpeg 300w, https:\/\/agora.xtec.cat\/ceipsfamiliascg\/wp-content\/uploads\/usu1987\/2021\/04\/IMG_9698-768x576.jpeg 768w, https:\/\/agora.xtec.cat\/ceipsfamiliascg\/wp-content\/uploads\/usu1987\/2021\/04\/IMG_9698-200x150.jpeg 200w, https:\/\/agora.xtec.cat\/ceipsfamiliascg\/wp-content\/uploads\/usu1987\/2021\/04\/IMG_9698.jpeg 2048w\" sizes=\"auto, (max-width: 298px) 100vw, 298px\" \/><\/a><\/p>\n<p>&nbsp;<\/p>\n<p>&nbsp;<\/p>\n<p>&nbsp;<\/p>\n<p>&nbsp;<\/p>\n","protected":false},"excerpt":{"rendered":"<p>L&#8217;alumnat de 1r aquest any per celebrar el Sant Jordi ha fet un drac amb material reciclat per poder regalar a les fam\u00edlies. A m\u00e9s, han preparat una can\u00e7\u00f3 amb la tornada en llenguatge de signes amb l&#8217;ajuda de la mestra d&#8217;educaci\u00f3 especial que van interpretar davant de l&#8217;alumnat m\u00e9s petit de l&#8217;escola. Per veure [&hellip;]<\/p>\n","protected":false},"author":3,"featured_media":0,"comment_status":"open","ping_status":"closed","sticky":false,"template":"","format":"standard","meta":{"_bbp_topic_count":0,"_bbp_reply_count":0,"_bbp_total_topic_count":0,"_bbp_total_reply_count":0,"_bbp_voice_count":0,"_bbp_anonymous_reply_count":0,"_bbp_topic_count_hidden":0,"_bbp_reply_count_hidden":0,"_bbp_forum_subforum_count":0,"site-sidebar-layout":"default","site-content-layout":"","ast-site-content-layout":"","site-content-style":"default","site-sidebar-style":"default","ast-global-header-display":"","ast-banner-title-visibility":"","ast-main-header-display":"","ast-hfb-above-header-display":"","ast-hfb-below-header-display":"","ast-hfb-mobile-header-display":"","site-post-title":"","ast-breadcrumbs-content":"","ast-featured-img":"","footer-sml-layout":"","theme-transparent-header-meta":"","adv-header-id-meta":"","stick-header-meta":"","header-above-stick-meta":"","header-main-stick-meta":"","header-below-stick-meta":"","astra-migrate-meta-layouts":"default","ast-page-background-enabled":"default","ast-page-background-meta":{"desktop":{"background-color":"var(--ast-global-color-4)","background-image":"","background-repeat":"repeat","background-position":"center center","background-size":"auto","background-attachment":"scroll","background-type":"","background-media":"","overlay-type":"","overlay-color":"","overlay-opacity":"","overlay-gradient":""},"tablet":{"background-color":"","background-image":"","background-repeat":"repeat","background-position":"center center","background-size":"auto","background-attachment":"scroll","background-type":"","background-media":"","overlay-type":"","overlay-color":"","overlay-opacity":"","overlay-gradient":""},"mobile":{"background-color":"","background-image":"","background-repeat":"repeat","background-position":"center center","background-size":"auto","background-attachment":"scroll","background-type":"","background-media":"","overlay-type":"","overlay-color":"","overlay-opacity":"","overlay-gradient":""}},"ast-content-background-meta":{"desktop":{"background-color":"var(--ast-global-color-5)","background-image":"","background-repeat":"repeat","background-position":"center center","background-size":"auto","background-attachment":"scroll","background-type":"","background-media":"","overlay-type":"","overlay-color":"","overlay-opacity":"","overlay-gradient":""},"tablet":{"background-color":"var(--ast-global-color-5)","background-image":"","background-repeat":"repeat","background-position":"center center","background-size":"auto","background-attachment":"scroll","background-type":"","background-media":"","overlay-type":"","overlay-color":"","overlay-opacity":"","overlay-gradient":""},"mobile":{"background-color":"var(--ast-global-color-5)","background-image":"","background-repeat":"repeat","background-position":"center center","background-size":"auto","background-attachment":"scroll","background-type":"","background-media":"","overlay-type":"","overlay-color":"","overlay-opacity":"","overlay-gradient":""}},"footnotes":""},"categories":[10,4,5],"tags":[],"class_list":["post-1707","post","type-post","status-publish","format-standard","hentry","category-1r","category-portada","category-primaria"],"post_mailing_queue_ids":[],"_links":{"self":[{"href":"https:\/\/agora.xtec.cat\/ceipsfamiliascg\/wp-json\/wp\/v2\/posts\/1707","targetHints":{"allow":["GET"]}}],"collection":[{"href":"https:\/\/agora.xtec.cat\/ceipsfamiliascg\/wp-json\/wp\/v2\/posts"}],"about":[{"href":"https:\/\/agora.xtec.cat\/ceipsfamiliascg\/wp-json\/wp\/v2\/types\/post"}],"author":[{"embeddable":true,"href":"https:\/\/agora.xtec.cat\/ceipsfamiliascg\/wp-json\/wp\/v2\/users\/3"}],"replies":[{"embeddable":true,"href":"https:\/\/agora.xtec.cat\/ceipsfamiliascg\/wp-json\/wp\/v2\/comments?post=1707"}],"version-history":[{"count":2,"href":"https:\/\/agora.xtec.cat\/ceipsfamiliascg\/wp-json\/wp\/v2\/posts\/1707\/revisions"}],"predecessor-version":[{"id":1738,"href":"https:\/\/agora.xtec.cat\/ceipsfamiliascg\/wp-json\/wp\/v2\/posts\/1707\/revisions\/1738"}],"wp:attachment":[{"href":"https:\/\/agora.xtec.cat\/ceipsfamiliascg\/wp-json\/wp\/v2\/media?parent=1707"}],"wp:term":[{"taxonomy":"category","embeddable":true,"href":"https:\/\/agora.xtec.cat\/ceipsfamiliascg\/wp-json\/wp\/v2\/categories?post=1707"},{"taxonomy":"post_tag","embeddable":true,"href":"https:\/\/agora.xtec.cat\/ceipsfamiliascg\/wp-json\/wp\/v2\/tags?post=1707"}],"curies":[{"name":"wp","href":"https:\/\/api.w.org\/{rel}","templated":true}]}}