{"id":1637,"date":"2021-03-12T14:05:29","date_gmt":"2021-03-12T13:05:29","guid":{"rendered":"https:\/\/agora.xtec.cat\/ceipsfamiliascg\/?p=1637"},"modified":"2021-03-12T14:05:29","modified_gmt":"2021-03-12T13:05:29","slug":"oferta-inicial-places-curs-21-22","status":"publish","type":"post","link":"https:\/\/agora.xtec.cat\/ceipsfamiliascg\/general\/oferta-inicial-places-curs-21-22\/","title":{"rendered":"Oferta inicial places curs 21-22"},"content":{"rendered":"<p><b>Educaci\u00f3 Infantil de segon cicle i Educaci\u00f3 Prim\u00e0ria 2021\/2022\u00a0\u00a0<\/b><\/p>\n<p><b>Publicaci\u00f3 de l&#8217;oferta inicial de places\u00a0\u00a0<\/b><\/p>\n<p><span style=\"font-weight: 400;\">a 11\/03\/2021 (Cal consultar l&#8217;oferta final per veure si hi ha canvis \u2013 veure data de publicaci\u00f3 al calendari)\u00a0<\/span><\/p>\n<table>\n<tbody>\n<tr>\n<td colspan=\"4\"><b>EINFLOE 2C &#8211; Educaci\u00f3 infantil: Parvulari &#8211; Di\u00fcrn\/Mat\u00ed i\u00a0 tarda<\/b><\/td>\n<\/tr>\n<tr>\n<td rowspan=\"2\"><b>Curs\u00a0<\/b><\/td>\n<td rowspan=\"2\"><b>Oferta escolar\u00a0<\/b><\/td>\n<td colspan=\"2\"><b>Oferta de places per a preinscripci\u00f3<\/b><\/td>\n<\/tr>\n<tr>\n<td><span style=\"font-weight: 400;\">Ordin\u00e0ries\u00a0<\/span><\/td>\n<td><span style=\"font-weight: 400;\">NEE<\/span><\/td>\n<\/tr>\n<tr>\n<td><span style=\"font-weight: 400;\">1\u00a0<\/span><\/td>\n<td><span style=\"font-weight: 400;\">50\u00a0<\/span><\/td>\n<td><span style=\"font-weight: 400;\">44\u00a0<\/span><\/td>\n<td><span style=\"font-weight: 400;\">6<\/span><\/td>\n<\/tr>\n<tr>\n<td><span style=\"font-weight: 400;\">2\u00a0<\/span><\/td>\n<td><span style=\"font-weight: 400;\">50\u00a0<\/span><\/td>\n<td><span style=\"font-weight: 400;\">1\u00a0<\/span><\/td>\n<td><span style=\"font-weight: 400;\">4<\/span><\/td>\n<\/tr>\n<tr>\n<td><span style=\"font-weight: 400;\">3\u00a0<\/span><\/td>\n<td><span style=\"font-weight: 400;\">50\u00a0<\/span><\/td>\n<td><span style=\"font-weight: 400;\">0\u00a0<\/span><\/td>\n<td><span style=\"font-weight: 400;\">1<\/span><\/td>\n<\/tr>\n<\/tbody>\n<\/table>\n<p>&nbsp;<\/p>\n<table>\n<tbody>\n<tr>\n<td colspan=\"4\"><b>EPRILOE &#8211; Educaci\u00f3 prim\u00e0ria &#8211; Di\u00fcrn\/Mat\u00ed i tarda<\/b><\/td>\n<\/tr>\n<tr>\n<td rowspan=\"2\"><b>Curs\u00a0<\/b><\/td>\n<td rowspan=\"2\"><b>Oferta escolar\u00a0<\/b><\/td>\n<td colspan=\"2\"><b>Oferta de places per a preinscripci\u00f3<\/b><\/td>\n<\/tr>\n<tr>\n<td><span style=\"font-weight: 400;\">Ordin\u00e0ries\u00a0<\/span><\/td>\n<td><span style=\"font-weight: 400;\">NEE<\/span><\/td>\n<\/tr>\n<tr>\n<td><span style=\"font-weight: 400;\">1\u00a0<\/span><\/td>\n<td><span style=\"font-weight: 400;\">50\u00a0<\/span><\/td>\n<td><span style=\"font-weight: 400;\">0\u00a0<\/span><\/td>\n<td><span style=\"font-weight: 400;\">0<\/span><\/td>\n<\/tr>\n<tr>\n<td><span style=\"font-weight: 400;\">2\u00a0<\/span><\/td>\n<td><span style=\"font-weight: 400;\">50\u00a0<\/span><\/td>\n<td><span style=\"font-weight: 400;\">2\u00a0<\/span><\/td>\n<td><span style=\"font-weight: 400;\">0<\/span><\/td>\n<\/tr>\n<tr>\n<td><span style=\"font-weight: 400;\">3\u00a0<\/span><\/td>\n<td><span style=\"font-weight: 400;\">50\u00a0<\/span><\/td>\n<td><span style=\"font-weight: 400;\">3\u00a0<\/span><\/td>\n<td><span style=\"font-weight: 400;\">0<\/span><\/td>\n<\/tr>\n<tr>\n<td><span style=\"font-weight: 400;\">4\u00a0<\/span><\/td>\n<td><span style=\"font-weight: 400;\">50\u00a0<\/span><\/td>\n<td><span style=\"font-weight: 400;\">2\u00a0<\/span><\/td>\n<td><span style=\"font-weight: 400;\">0<\/span><\/td>\n<\/tr>\n<tr>\n<td><span style=\"font-weight: 400;\">5\u00a0<\/span><\/td>\n<td><span style=\"font-weight: 400;\">50\u00a0<\/span><\/td>\n<td><span style=\"font-weight: 400;\">1\u00a0<\/span><\/td>\n<td><span style=\"font-weight: 400;\">0<\/span><\/td>\n<\/tr>\n<tr>\n<td><span style=\"font-weight: 400;\">6\u00a0<\/span><\/td>\n<td><span style=\"font-weight: 400;\">50\u00a0<\/span><\/td>\n<td><span style=\"font-weight: 400;\">0\u00a0<\/span><\/td>\n<td><span style=\"font-weight: 400;\">0<\/span><\/td>\n<\/tr>\n<\/tbody>\n<\/table>\n","protected":false},"excerpt":{"rendered":"<p>Educaci\u00f3 Infantil de segon cicle i Educaci\u00f3 Prim\u00e0ria 2021\/2022\u00a0\u00a0 Publicaci\u00f3 de l&#8217;oferta inicial de places\u00a0\u00a0 a 11\/03\/2021 (Cal consultar l&#8217;oferta final per veure si hi ha canvis \u2013 veure data de publicaci\u00f3 al calendari)\u00a0 EINFLOE 2C &#8211; Educaci\u00f3 infantil: Parvulari &#8211; Di\u00fcrn\/Mat\u00ed i\u00a0 tarda Curs\u00a0 Oferta escolar\u00a0 Oferta de places per a preinscripci\u00f3 Ordin\u00e0ries\u00a0 NEE [&hellip;]<\/p>\n","protected":false},"author":3,"featured_media":0,"comment_status":"closed","ping_status":"closed","sticky":false,"template":"","format":"standard","meta":{"_bbp_topic_count":0,"_bbp_reply_count":0,"_bbp_total_topic_count":0,"_bbp_total_reply_count":0,"_bbp_voice_count":0,"_bbp_anonymous_reply_count":0,"_bbp_topic_count_hidden":0,"_bbp_reply_count_hidden":0,"_bbp_forum_subforum_count":0,"site-sidebar-layout":"default","site-content-layout":"","ast-site-content-layout":"","site-content-style":"default","site-sidebar-style":"default","ast-global-header-display":"","ast-banner-title-visibility":"","ast-main-header-display":"","ast-hfb-above-header-display":"","ast-hfb-below-header-display":"","ast-hfb-mobile-header-display":"","site-post-title":"","ast-breadcrumbs-content":"","ast-featured-img":"","footer-sml-layout":"","theme-transparent-header-meta":"","adv-header-id-meta":"","stick-header-meta":"","header-above-stick-meta":"","header-main-stick-meta":"","header-below-stick-meta":"","astra-migrate-meta-layouts":"default","ast-page-background-enabled":"default","ast-page-background-meta":{"desktop":{"background-color":"var(--ast-global-color-4)","background-image":"","background-repeat":"repeat","background-position":"center center","background-size":"auto","background-attachment":"scroll","background-type":"","background-media":"","overlay-type":"","overlay-color":"","overlay-opacity":"","overlay-gradient":""},"tablet":{"background-color":"","background-image":"","background-repeat":"repeat","background-position":"center center","background-size":"auto","background-attachment":"scroll","background-type":"","background-media":"","overlay-type":"","overlay-color":"","overlay-opacity":"","overlay-gradient":""},"mobile":{"background-color":"","background-image":"","background-repeat":"repeat","background-position":"center center","background-size":"auto","background-attachment":"scroll","background-type":"","background-media":"","overlay-type":"","overlay-color":"","overlay-opacity":"","overlay-gradient":""}},"ast-content-background-meta":{"desktop":{"background-color":"var(--ast-global-color-5)","background-image":"","background-repeat":"repeat","background-position":"center center","background-size":"auto","background-attachment":"scroll","background-type":"","background-media":"","overlay-type":"","overlay-color":"","overlay-opacity":"","overlay-gradient":""},"tablet":{"background-color":"var(--ast-global-color-5)","background-image":"","background-repeat":"repeat","background-position":"center center","background-size":"auto","background-attachment":"scroll","background-type":"","background-media":"","overlay-type":"","overlay-color":"","overlay-opacity":"","overlay-gradient":""},"mobile":{"background-color":"var(--ast-global-color-5)","background-image":"","background-repeat":"repeat","background-position":"center center","background-size":"auto","background-attachment":"scroll","background-type":"","background-media":"","overlay-type":"","overlay-color":"","overlay-opacity":"","overlay-gradient":""}},"footnotes":""},"categories":[1,2,4],"tags":[],"class_list":["post-1637","post","type-post","status-publish","format-standard","hentry","category-general","category-infantil","category-portada"],"post_mailing_queue_ids":[],"_links":{"self":[{"href":"https:\/\/agora.xtec.cat\/ceipsfamiliascg\/wp-json\/wp\/v2\/posts\/1637","targetHints":{"allow":["GET"]}}],"collection":[{"href":"https:\/\/agora.xtec.cat\/ceipsfamiliascg\/wp-json\/wp\/v2\/posts"}],"about":[{"href":"https:\/\/agora.xtec.cat\/ceipsfamiliascg\/wp-json\/wp\/v2\/types\/post"}],"author":[{"embeddable":true,"href":"https:\/\/agora.xtec.cat\/ceipsfamiliascg\/wp-json\/wp\/v2\/users\/3"}],"replies":[{"embeddable":true,"href":"https:\/\/agora.xtec.cat\/ceipsfamiliascg\/wp-json\/wp\/v2\/comments?post=1637"}],"version-history":[{"count":1,"href":"https:\/\/agora.xtec.cat\/ceipsfamiliascg\/wp-json\/wp\/v2\/posts\/1637\/revisions"}],"predecessor-version":[{"id":1638,"href":"https:\/\/agora.xtec.cat\/ceipsfamiliascg\/wp-json\/wp\/v2\/posts\/1637\/revisions\/1638"}],"wp:attachment":[{"href":"https:\/\/agora.xtec.cat\/ceipsfamiliascg\/wp-json\/wp\/v2\/media?parent=1637"}],"wp:term":[{"taxonomy":"category","embeddable":true,"href":"https:\/\/agora.xtec.cat\/ceipsfamiliascg\/wp-json\/wp\/v2\/categories?post=1637"},{"taxonomy":"post_tag","embeddable":true,"href":"https:\/\/agora.xtec.cat\/ceipsfamiliascg\/wp-json\/wp\/v2\/tags?post=1637"}],"curies":[{"name":"wp","href":"https:\/\/api.w.org\/{rel}","templated":true}]}}