{"id":1626,"date":"2021-03-09T13:05:38","date_gmt":"2021-03-09T12:05:38","guid":{"rendered":"https:\/\/agora.xtec.cat\/ceipsfamiliascg\/?p=1626"},"modified":"2021-03-09T13:11:17","modified_gmt":"2021-03-09T12:11:17","slug":"preinscripcio-curs-2021-2022","status":"publish","type":"post","link":"https:\/\/agora.xtec.cat\/ceipsfamiliascg\/general\/preinscripcio-curs-2021-2022\/","title":{"rendered":"Preinscripci\u00f3 curs 2021-2022"},"content":{"rendered":"<h2>CALENDARI DE PREINSCRIPCI\u00d3 2021-2022<\/h2>\n<p><strong>\u00a0<\/strong><\/p>\n<table style=\"height: 550px; border-style: solid; border-color: #3752b3;\">\n<tbody>\n<tr style=\"height: 55px;\">\n<td style=\"width: 406px; height: 55px; border-style: solid; border-color: #0820d4;\">\n<h4>Fases de la preinscripci\u00f3<\/h4>\n<\/td>\n<td style=\"width: 206px; height: 55px; border-style: solid; border-color: #0820d4;\">\n<h4>Dates<\/h4>\n<\/td>\n<\/tr>\n<tr style=\"height: 55px;\">\n<td style=\"width: 406px; height: 55px; border-style: solid; border-color: #0820d4;\">\n<h4>Difusi\u00f3 de l&#8217;oferta inicial de places<\/h4>\n<\/td>\n<td style=\"width: 206px; height: 55px; border-style: solid; border-color: #0820d4;\">\n<h4>11 de mar\u00e7<\/h4>\n<\/td>\n<\/tr>\n<tr style=\"height: 55px;\">\n<td style=\"width: 406px; height: 55px; border-style: solid; border-color: #0820d4;\">\n<h4>Presentaci\u00f3 de sol\u00b7licituds<\/h4>\n<\/td>\n<td style=\"width: 206px; height: 55px; border-style: solid; border-color: #0820d4;\">\n<h4>15 al 24 de mar\u00e7<\/h4>\n<\/td>\n<\/tr>\n<tr style=\"height: 55px;\">\n<td style=\"width: 406px; height: 55px; border-style: solid; border-color: #0820d4;\">\n<h4>Llistes amb la puntuaci\u00f3 provisional<\/h4>\n<\/td>\n<td style=\"width: 206px; height: 55px; border-style: solid; border-color: #0820d4;\">\n<h4>19 d\u2019abril<\/h4>\n<\/td>\n<\/tr>\n<tr style=\"height: 55px;\">\n<td style=\"width: 406px; height: 55px; border-style: solid; border-color: #0820d4;\">\n<h4>Presentaci\u00f3 de reclamacions<\/h4>\n<\/td>\n<td style=\"width: 206px; height: 55px; border-style: solid; border-color: #0820d4;\">\n<h4>20 al 26 d\u2019abril<\/h4>\n<\/td>\n<\/tr>\n<tr style=\"height: 55px;\">\n<td style=\"width: 406px; height: 55px; border-style: solid; border-color: #0820d4;\">\n<h4>Llistes amb la puntuaci\u00f3 un cop resoltes les reclamacions<\/h4>\n<\/td>\n<td style=\"width: 206px; height: 55px; border-style: solid; border-color: #0820d4;\">\n<h4>30 d\u2019abril<\/h4>\n<\/td>\n<\/tr>\n<tr style=\"height: 55px;\">\n<td style=\"width: 406px; height: 55px; border-style: solid; border-color: #0820d4;\">\n<h4>Sorteig del n\u00famero per al desempat<\/h4>\n<\/td>\n<td style=\"width: 206px; height: 55px; border-style: solid; border-color: #0820d4;\">\n<h4>5 de maig<\/h4>\n<\/td>\n<\/tr>\n<tr style=\"height: 55px;\">\n<td style=\"width: 406px; height: 55px; border-style: solid; border-color: #0820d4;\">\n<h4>Publicaci\u00f3 de llistes ordenades definitives<\/h4>\n<\/td>\n<td style=\"width: 206px; height: 55px; border-style: solid; border-color: #0820d4;\">\n<h4>7 de maig<\/h4>\n<\/td>\n<\/tr>\n<tr style=\"height: 55px;\">\n<td style=\"width: 406px; height: 55px; border-style: solid; border-color: #0820d4;\">\n<h4>Publicaci\u00f3 de les llistes d&#8217;admesos<\/h4>\n<\/td>\n<td style=\"width: 206px; height: 55px; border-style: solid; border-color: #0820d4;\">\n<h4>7 de juny<\/h4>\n<\/td>\n<\/tr>\n<tr style=\"height: 55px;\">\n<td style=\"width: 406px; height: 55px; border-style: solid; border-color: #0820d4;\">\n<h4>Per\u00edode de matriculaci\u00f3 Infantil i Prim\u00e0ria<\/h4>\n<\/td>\n<td style=\"width: 206px; height: 55px; border-style: solid; border-color: #0820d4;\">\n<h4>14 al 18 de juny<\/h4>\n<\/td>\n<\/tr>\n<\/tbody>\n<\/table>\n<p><strong>\u00a0<\/strong><\/p>\n<ul>\n<li>A partir d\u2019aquest curs totes les sol\u00b7licituds s\u00f3n en format telem\u00e0tic, per tant, no hi ha la possibilitat de full de preinscripci\u00f3 en paper.<\/li>\n<\/ul>\n<ul>\n<li>No cal lliurar cap documentaci\u00f3 presencialment al centre educatiu que indiqueu en primera opci\u00f3.<\/li>\n<\/ul>\n<ul>\n<li>Hi ha dos tipus de sol\u00b7licitud:<\/li>\n<\/ul>\n<ul>\n<li><strong>Electr\u00f2nica<\/strong>: cal identificaci\u00f3 digital com DNI electr\u00f2nic, Cl@ve, idCat M\u00f2bil,<\/li>\n<li><strong>Suport inform\u00e0tic<\/strong>: sense identificaci\u00f3<\/li>\n<\/ul>\n<ul>\n<li>Cal emplenar la sol\u00b7licitud electr\u00f2nica o en suport inform\u00e0tic que hi ha al web <strong>preinscripci\u00f3.gencat.cat<\/strong>, en el termini establert. Una vegada enviada la fam\u00edlia rep, per correu electr\u00f2nic, el resguard de la presentaci\u00f3 de la sol\u00b7licitud, on s\u2019especifica si cal adjuntar alguna documentaci\u00f3 fotografiada o escanejada.<\/li>\n<\/ul>\n<ul>\n<li>El Departament recomana escanejar abans que fotografiar<\/li>\n<li>V\u00eddeo de com fer la preinscripci\u00f3 en l\u00ednia: <strong><a href=\"https:\/\/www.youtube.com\/watch?v=7Jz8gYBFCFM\" target=\"_blank\" rel=\"noopener noreferrer\">aqu\u00ed.<\/a><\/strong><\/li>\n<li>V\u00eddeo de com digitalitzar documents en l\u00ednia: <a href=\"https:\/\/www.youtube.com\/watch?v=0l6JyatO37E\" target=\"_blank\" rel=\"noopener noreferrer\"><strong>aqu\u00ed<\/strong>.<\/a><\/li>\n<\/ul>\n<p>Preinscripci\u00f3 2021-2022 <span style=\"text-decoration: underline;\"><strong><a href=\"https:\/\/preinscripcio.gencat.cat\/ca\/estudis\/infantil-3-6\/inici\/\" target=\"_blank\" rel=\"noopener noreferrer\">Educaci\u00f3 Infantil<\/a> <\/strong><\/span>de 3 a 6 anys<\/p>\n<p>Preinscripci\u00f3 2021-2022 <span style=\"text-decoration: underline;\"><strong><a href=\"https:\/\/preinscripcio.gencat.cat\/ca\/estudis\/primaria\/inici\/\" target=\"_blank\" rel=\"noopener noreferrer\">Educaci\u00f3 Prim\u00e0ria<\/a><\/strong><\/span><\/p>\n<div><\/div>\n<div><\/div>\n<div>\n<p><em>L&#8217;idCAT M\u00f2bil \u00e9s el nou sistema d&#8217;identificaci\u00f3 i signatura electr\u00f2niques a trav\u00e9s de dispositius m\u00f2bils, que es pot utilitzar per a fer tr\u00e0mits amb les administracions i ens que integren el sector p\u00fablic de Catalunya<\/em>.<\/p>\n<p><a href=\"https:\/\/idcatmobil.seu.cat\/\" target=\"_blank\" rel=\"noopener noreferrer\" data-saferedirecturl=\"https:\/\/www.google.com\/url?q=https:\/\/idcatmobil.seu.cat\/&amp;source=gmail&amp;ust=1615377151029000&amp;usg=AFQjCNFKsjE5odBggTRyaUvAoS1sIEWG7A\">https:\/\/idcatmobil.seu.cat\/<\/a><\/p>\n<\/div>\n<div><\/div>\n<div><\/div>\n","protected":false},"excerpt":{"rendered":"<p>CALENDARI DE PREINSCRIPCI\u00d3 2021-2022 \u00a0 Fases de la preinscripci\u00f3 Dates Difusi\u00f3 de l&#8217;oferta inicial de places 11 de mar\u00e7 Presentaci\u00f3 de sol\u00b7licituds 15 al 24 de mar\u00e7 Llistes amb la puntuaci\u00f3 provisional 19 d\u2019abril Presentaci\u00f3 de reclamacions 20 al 26 d\u2019abril Llistes amb la puntuaci\u00f3 un cop resoltes les reclamacions 30 d\u2019abril Sorteig del n\u00famero [&hellip;]<\/p>\n","protected":false},"author":3,"featured_media":0,"comment_status":"closed","ping_status":"closed","sticky":false,"template":"","format":"standard","meta":{"_bbp_topic_count":0,"_bbp_reply_count":0,"_bbp_total_topic_count":0,"_bbp_total_reply_count":0,"_bbp_voice_count":0,"_bbp_anonymous_reply_count":0,"_bbp_topic_count_hidden":0,"_bbp_reply_count_hidden":0,"_bbp_forum_subforum_count":0,"site-sidebar-layout":"default","site-content-layout":"","ast-site-content-layout":"","site-content-style":"default","site-sidebar-style":"default","ast-global-header-display":"","ast-banner-title-visibility":"","ast-main-header-display":"","ast-hfb-above-header-display":"","ast-hfb-below-header-display":"","ast-hfb-mobile-header-display":"","site-post-title":"","ast-breadcrumbs-content":"","ast-featured-img":"","footer-sml-layout":"","theme-transparent-header-meta":"","adv-header-id-meta":"","stick-header-meta":"","header-above-stick-meta":"","header-main-stick-meta":"","header-below-stick-meta":"","astra-migrate-meta-layouts":"default","ast-page-background-enabled":"default","ast-page-background-meta":{"desktop":{"background-color":"var(--ast-global-color-4)","background-image":"","background-repeat":"repeat","background-position":"center center","background-size":"auto","background-attachment":"scroll","background-type":"","background-media":"","overlay-type":"","overlay-color":"","overlay-opacity":"","overlay-gradient":""},"tablet":{"background-color":"","background-image":"","background-repeat":"repeat","background-position":"center center","background-size":"auto","background-attachment":"scroll","background-type":"","background-media":"","overlay-type":"","overlay-color":"","overlay-opacity":"","overlay-gradient":""},"mobile":{"background-color":"","background-image":"","background-repeat":"repeat","background-position":"center center","background-size":"auto","background-attachment":"scroll","background-type":"","background-media":"","overlay-type":"","overlay-color":"","overlay-opacity":"","overlay-gradient":""}},"ast-content-background-meta":{"desktop":{"background-color":"var(--ast-global-color-5)","background-image":"","background-repeat":"repeat","background-position":"center center","background-size":"auto","background-attachment":"scroll","background-type":"","background-media":"","overlay-type":"","overlay-color":"","overlay-opacity":"","overlay-gradient":""},"tablet":{"background-color":"var(--ast-global-color-5)","background-image":"","background-repeat":"repeat","background-position":"center center","background-size":"auto","background-attachment":"scroll","background-type":"","background-media":"","overlay-type":"","overlay-color":"","overlay-opacity":"","overlay-gradient":""},"mobile":{"background-color":"var(--ast-global-color-5)","background-image":"","background-repeat":"repeat","background-position":"center center","background-size":"auto","background-attachment":"scroll","background-type":"","background-media":"","overlay-type":"","overlay-color":"","overlay-opacity":"","overlay-gradient":""}},"footnotes":""},"categories":[1,2,3,4,5],"tags":[],"class_list":["post-1626","post","type-post","status-publish","format-standard","hentry","category-general","category-infantil","category-p3","category-portada","category-primaria"],"post_mailing_queue_ids":[],"_links":{"self":[{"href":"https:\/\/agora.xtec.cat\/ceipsfamiliascg\/wp-json\/wp\/v2\/posts\/1626","targetHints":{"allow":["GET"]}}],"collection":[{"href":"https:\/\/agora.xtec.cat\/ceipsfamiliascg\/wp-json\/wp\/v2\/posts"}],"about":[{"href":"https:\/\/agora.xtec.cat\/ceipsfamiliascg\/wp-json\/wp\/v2\/types\/post"}],"author":[{"embeddable":true,"href":"https:\/\/agora.xtec.cat\/ceipsfamiliascg\/wp-json\/wp\/v2\/users\/3"}],"replies":[{"embeddable":true,"href":"https:\/\/agora.xtec.cat\/ceipsfamiliascg\/wp-json\/wp\/v2\/comments?post=1626"}],"version-history":[{"count":3,"href":"https:\/\/agora.xtec.cat\/ceipsfamiliascg\/wp-json\/wp\/v2\/posts\/1626\/revisions"}],"predecessor-version":[{"id":1636,"href":"https:\/\/agora.xtec.cat\/ceipsfamiliascg\/wp-json\/wp\/v2\/posts\/1626\/revisions\/1636"}],"wp:attachment":[{"href":"https:\/\/agora.xtec.cat\/ceipsfamiliascg\/wp-json\/wp\/v2\/media?parent=1626"}],"wp:term":[{"taxonomy":"category","embeddable":true,"href":"https:\/\/agora.xtec.cat\/ceipsfamiliascg\/wp-json\/wp\/v2\/categories?post=1626"},{"taxonomy":"post_tag","embeddable":true,"href":"https:\/\/agora.xtec.cat\/ceipsfamiliascg\/wp-json\/wp\/v2\/tags?post=1626"}],"curies":[{"name":"wp","href":"https:\/\/api.w.org\/{rel}","templated":true}]}}