{"id":1546,"date":"2021-02-26T12:55:17","date_gmt":"2021-02-26T11:55:17","guid":{"rendered":"https:\/\/agora.xtec.cat\/ceipsfamiliascg\/?p=1546"},"modified":"2021-03-02T08:40:12","modified_gmt":"2021-03-02T07:40:12","slug":"portes-obertes-curs-21-22-2","status":"publish","type":"post","link":"https:\/\/agora.xtec.cat\/ceipsfamiliascg\/general\/portes-obertes-curs-21-22-2\/","title":{"rendered":"PORTES OBERTES CURS 21-22"},"content":{"rendered":"<h2>JORNADES TELEM\u00c0TIQUES DE PORTES OBERTES<\/h2>\n<h3><strong>Compartim els enlla\u00e7os de les reunions telem\u00e0tiques de portes obertes. <\/strong><\/h3>\n<h3><strong>Es realitzaran a trav\u00e9s de l&#8217;aplicaci\u00f3 &#8220;Meet&#8221;.<\/strong><\/h3>\n<ul>\n<li><strong>Dilluns 1 de mar\u00e7 15:15h-16:45h\u00a0 <a href=\"https:\/\/meet.google.com\/cnv-dtwi-bim?hs=224\" target=\"_blank\" rel=\"noopener noreferrer\" data-saferedirecturl=\"https:\/\/www.google.com\/url?q=https:\/\/meet.google.com\/cnv-dtwi-bim?hs%3D224&amp;source=gmail&amp;ust=1614426004698000&amp;usg=AFQjCNF611e_khtBzwF7dk65u0lbwxxiRg\">meet.google.com\/cnv-dtwi-bim<\/a><\/strong><\/li>\n<li><strong>Dijous 4 de mar\u00e7 9:15h-11:00h\u00a0 \u00a0\u00a0 <a href=\"https:\/\/meet.google.com\/gvg-adqx-cuy?hs=224\" target=\"_blank\" rel=\"noopener noreferrer\" data-saferedirecturl=\"https:\/\/www.google.com\/url?q=https:\/\/meet.google.com\/gvg-adqx-cuy?hs%3D224&amp;source=gmail&amp;ust=1614426004714000&amp;usg=AFQjCNGxQmLgxue3BZO2M44fV7eqofz9PA\">meet.google.com\/gvg-adqx-cuy<\/a><\/strong><\/li>\n<\/ul>\n<p><strong><a href=\"https:\/\/preinscripcio.gencat.cat\/ca\/inici\/\" target=\"_blank\" rel=\"noopener noreferrer\">Aqu\u00ed<\/a><\/strong> podeu trobar tota la informaci\u00f3 del Departament sobre el procediment de preinscripci\u00f3 i matr\u00edcula. A la web de l&#8217;escola anirem penjat totes les novetats a mida que es vagin publicant. Us emplacem a visitar la nostra p\u00e0gina regularment per tal de mantenir-vos informats.<\/p>\n<h3><a href=\"https:\/\/preinscripcio.gencat.cat\/ca\/inici\/\" target=\"_blank\" rel=\"noopener noreferrer\">INFORMACI\u00d3 PREINSCRIPCI\u00d3 I MATR\u00cdCULA 2021-2022<\/a><\/h3>\n<p>&nbsp;<\/p>\n<p>V\u00cdDEO DE LES PORTES OBERTES VIRTUALS<\/p>\n<p><iframe loading=\"lazy\" src=\"\/\/www.youtube.com\/embed\/h3pTTsHmUwQ\" width=\"560\" height=\"315\" frameborder=\"0\"><\/iframe><\/p>\n","protected":false},"excerpt":{"rendered":"<p>JORNADES TELEM\u00c0TIQUES DE PORTES OBERTES Compartim els enlla\u00e7os de les reunions telem\u00e0tiques de portes obertes. Es realitzaran a trav\u00e9s de l&#8217;aplicaci\u00f3 &#8220;Meet&#8221;. Dilluns 1 de mar\u00e7 15:15h-16:45h\u00a0 meet.google.com\/cnv-dtwi-bim Dijous 4 de mar\u00e7 9:15h-11:00h\u00a0 \u00a0\u00a0 meet.google.com\/gvg-adqx-cuy Aqu\u00ed podeu trobar tota la informaci\u00f3 del Departament sobre el procediment de preinscripci\u00f3 i matr\u00edcula. A la web de l&#8217;escola [&hellip;]<\/p>\n","protected":false},"author":3,"featured_media":0,"comment_status":"closed","ping_status":"closed","sticky":false,"template":"","format":"standard","meta":{"_bbp_topic_count":0,"_bbp_reply_count":0,"_bbp_total_topic_count":0,"_bbp_total_reply_count":0,"_bbp_voice_count":0,"_bbp_anonymous_reply_count":0,"_bbp_topic_count_hidden":0,"_bbp_reply_count_hidden":0,"_bbp_forum_subforum_count":0,"site-sidebar-layout":"default","site-content-layout":"","ast-site-content-layout":"","site-content-style":"default","site-sidebar-style":"default","ast-global-header-display":"","ast-banner-title-visibility":"","ast-main-header-display":"","ast-hfb-above-header-display":"","ast-hfb-below-header-display":"","ast-hfb-mobile-header-display":"","site-post-title":"","ast-breadcrumbs-content":"","ast-featured-img":"","footer-sml-layout":"","theme-transparent-header-meta":"","adv-header-id-meta":"","stick-header-meta":"","header-above-stick-meta":"","header-main-stick-meta":"","header-below-stick-meta":"","astra-migrate-meta-layouts":"default","ast-page-background-enabled":"default","ast-page-background-meta":{"desktop":{"background-color":"var(--ast-global-color-4)","background-image":"","background-repeat":"repeat","background-position":"center center","background-size":"auto","background-attachment":"scroll","background-type":"","background-media":"","overlay-type":"","overlay-color":"","overlay-opacity":"","overlay-gradient":""},"tablet":{"background-color":"","background-image":"","background-repeat":"repeat","background-position":"center center","background-size":"auto","background-attachment":"scroll","background-type":"","background-media":"","overlay-type":"","overlay-color":"","overlay-opacity":"","overlay-gradient":""},"mobile":{"background-color":"","background-image":"","background-repeat":"repeat","background-position":"center center","background-size":"auto","background-attachment":"scroll","background-type":"","background-media":"","overlay-type":"","overlay-color":"","overlay-opacity":"","overlay-gradient":""}},"ast-content-background-meta":{"desktop":{"background-color":"var(--ast-global-color-5)","background-image":"","background-repeat":"repeat","background-position":"center center","background-size":"auto","background-attachment":"scroll","background-type":"","background-media":"","overlay-type":"","overlay-color":"","overlay-opacity":"","overlay-gradient":""},"tablet":{"background-color":"var(--ast-global-color-5)","background-image":"","background-repeat":"repeat","background-position":"center center","background-size":"auto","background-attachment":"scroll","background-type":"","background-media":"","overlay-type":"","overlay-color":"","overlay-opacity":"","overlay-gradient":""},"mobile":{"background-color":"var(--ast-global-color-5)","background-image":"","background-repeat":"repeat","background-position":"center center","background-size":"auto","background-attachment":"scroll","background-type":"","background-media":"","overlay-type":"","overlay-color":"","overlay-opacity":"","overlay-gradient":""}},"footnotes":""},"categories":[1,2,4,5],"tags":[],"class_list":["post-1546","post","type-post","status-publish","format-standard","hentry","category-general","category-infantil","category-portada","category-primaria"],"post_mailing_queue_ids":[],"_links":{"self":[{"href":"https:\/\/agora.xtec.cat\/ceipsfamiliascg\/wp-json\/wp\/v2\/posts\/1546","targetHints":{"allow":["GET"]}}],"collection":[{"href":"https:\/\/agora.xtec.cat\/ceipsfamiliascg\/wp-json\/wp\/v2\/posts"}],"about":[{"href":"https:\/\/agora.xtec.cat\/ceipsfamiliascg\/wp-json\/wp\/v2\/types\/post"}],"author":[{"embeddable":true,"href":"https:\/\/agora.xtec.cat\/ceipsfamiliascg\/wp-json\/wp\/v2\/users\/3"}],"replies":[{"embeddable":true,"href":"https:\/\/agora.xtec.cat\/ceipsfamiliascg\/wp-json\/wp\/v2\/comments?post=1546"}],"version-history":[{"count":3,"href":"https:\/\/agora.xtec.cat\/ceipsfamiliascg\/wp-json\/wp\/v2\/posts\/1546\/revisions"}],"predecessor-version":[{"id":1551,"href":"https:\/\/agora.xtec.cat\/ceipsfamiliascg\/wp-json\/wp\/v2\/posts\/1546\/revisions\/1551"}],"wp:attachment":[{"href":"https:\/\/agora.xtec.cat\/ceipsfamiliascg\/wp-json\/wp\/v2\/media?parent=1546"}],"wp:term":[{"taxonomy":"category","embeddable":true,"href":"https:\/\/agora.xtec.cat\/ceipsfamiliascg\/wp-json\/wp\/v2\/categories?post=1546"},{"taxonomy":"post_tag","embeddable":true,"href":"https:\/\/agora.xtec.cat\/ceipsfamiliascg\/wp-json\/wp\/v2\/tags?post=1546"}],"curies":[{"name":"wp","href":"https:\/\/api.w.org\/{rel}","templated":true}]}}