{"id":1499,"date":"2021-02-11T12:22:13","date_gmt":"2021-02-11T11:22:13","guid":{"rendered":"https:\/\/agora.xtec.cat\/ceipsfamiliascg\/?p=1499"},"modified":"2021-02-11T14:38:08","modified_gmt":"2021-02-11T13:38:08","slug":"portes-obertes-curs-21-22","status":"publish","type":"post","link":"https:\/\/agora.xtec.cat\/ceipsfamiliascg\/general\/portes-obertes-curs-21-22\/","title":{"rendered":"PORTES OBERTES CURS 21-22"},"content":{"rendered":"<table style=\"height: 275px; width: 952px;\" width=\"958\">\n<tbody>\n<tr style=\"height: 275px;\">\n<td style=\"width: 947.2px; height: 275px;\">\n<h1 align=\"center\"><\/h1>\n<h1 style=\"text-align: center;\" align=\"center\"><span style=\"color: #ff9900;\">JORNADES DE PORTES OBERTES<\/span><\/h1>\n<div style=\"text-align: center;\"><\/div>\n<div style=\"text-align: center;\">\u00a0 \u00a0 \u00a0\u00a0<b><span style=\"color: #0b5394; font-size: x-large;\">&#8220;PORTES OBERTES curs 2021 &#8211; <\/span><\/b><b><span style=\"color: #0b5394; font-size: x-large;\">2022&#8243;<\/span><\/b><\/div>\n<div style=\"text-align: center;\" align=\"left\"><b><span style=\"color: #0b5394; font-size: x-large;\">\u00a0<\/span><\/b><\/div>\n<div style=\"text-align: center;\"><span style=\"color: #0b5394; font-size: x-large;\"><b>\u00a0\u00a0 \u00a0\u00a0\u00a0 \u00a0\u00a0Tarda:\u00a0\u00a0DILLUNS 1 de mar\u00e7 de 15:15h\u00a0 fins 16:45 h.<\/b><\/span><\/div>\n<p style=\"text-align: center;\"><span style=\"color: #0b5394; font-size: x-large;\"><b>\u00a0 \u00a0 \u00a0 \u00a0 \u00a0 \u00a0Mat\u00ed:\u00a0 DIJOUS 4 de mar\u00e7 de 9:15 h fins 11:00 h.<\/b><\/span><\/p>\n<p style=\"text-align: center;\"><span style=\"text-decoration: underline;\"><strong>Enguany, donades les circumst\u00e0ncies la visita es far\u00e0 de manera virtual, no presencial. <\/strong><\/span><\/p>\n<p style=\"text-align: center;\"><span style=\"text-decoration: underline;\"><strong>Properament compartirem amb tots i totes vosaltres l&#8217;enlla\u00e7 per poder accedir-hi.\u00a0<\/strong><\/span><\/p>\n<p>&nbsp;<\/td>\n<\/tr>\n<\/tbody>\n<\/table>\n<p style=\"text-align: center;\">\n","protected":false},"excerpt":{"rendered":"<p>JORNADES DE PORTES OBERTES \u00a0 \u00a0 \u00a0\u00a0&#8220;PORTES OBERTES curs 2021 &#8211; 2022&#8243; \u00a0 \u00a0\u00a0 \u00a0\u00a0\u00a0 \u00a0\u00a0Tarda:\u00a0\u00a0DILLUNS 1 de mar\u00e7 de 15:15h\u00a0 fins 16:45 h. \u00a0 \u00a0 \u00a0 \u00a0 \u00a0 \u00a0Mat\u00ed:\u00a0 DIJOUS 4 de mar\u00e7 de 9:15 h fins 11:00 h. Enguany, donades les circumst\u00e0ncies la visita es far\u00e0 de manera virtual, no presencial. Properament compartirem [&hellip;]<\/p>\n","protected":false},"author":3,"featured_media":0,"comment_status":"closed","ping_status":"closed","sticky":false,"template":"","format":"standard","meta":{"_bbp_topic_count":0,"_bbp_reply_count":0,"_bbp_total_topic_count":0,"_bbp_total_reply_count":0,"_bbp_voice_count":0,"_bbp_anonymous_reply_count":0,"_bbp_topic_count_hidden":0,"_bbp_reply_count_hidden":0,"_bbp_forum_subforum_count":0,"site-sidebar-layout":"default","site-content-layout":"","ast-site-content-layout":"","site-content-style":"default","site-sidebar-style":"default","ast-global-header-display":"","ast-banner-title-visibility":"","ast-main-header-display":"","ast-hfb-above-header-display":"","ast-hfb-below-header-display":"","ast-hfb-mobile-header-display":"","site-post-title":"","ast-breadcrumbs-content":"","ast-featured-img":"","footer-sml-layout":"","theme-transparent-header-meta":"","adv-header-id-meta":"","stick-header-meta":"","header-above-stick-meta":"","header-main-stick-meta":"","header-below-stick-meta":"","astra-migrate-meta-layouts":"default","ast-page-background-enabled":"default","ast-page-background-meta":{"desktop":{"background-color":"var(--ast-global-color-4)","background-image":"","background-repeat":"repeat","background-position":"center center","background-size":"auto","background-attachment":"scroll","background-type":"","background-media":"","overlay-type":"","overlay-color":"","overlay-opacity":"","overlay-gradient":""},"tablet":{"background-color":"","background-image":"","background-repeat":"repeat","background-position":"center center","background-size":"auto","background-attachment":"scroll","background-type":"","background-media":"","overlay-type":"","overlay-color":"","overlay-opacity":"","overlay-gradient":""},"mobile":{"background-color":"","background-image":"","background-repeat":"repeat","background-position":"center center","background-size":"auto","background-attachment":"scroll","background-type":"","background-media":"","overlay-type":"","overlay-color":"","overlay-opacity":"","overlay-gradient":""}},"ast-content-background-meta":{"desktop":{"background-color":"var(--ast-global-color-5)","background-image":"","background-repeat":"repeat","background-position":"center center","background-size":"auto","background-attachment":"scroll","background-type":"","background-media":"","overlay-type":"","overlay-color":"","overlay-opacity":"","overlay-gradient":""},"tablet":{"background-color":"var(--ast-global-color-5)","background-image":"","background-repeat":"repeat","background-position":"center center","background-size":"auto","background-attachment":"scroll","background-type":"","background-media":"","overlay-type":"","overlay-color":"","overlay-opacity":"","overlay-gradient":""},"mobile":{"background-color":"var(--ast-global-color-5)","background-image":"","background-repeat":"repeat","background-position":"center center","background-size":"auto","background-attachment":"scroll","background-type":"","background-media":"","overlay-type":"","overlay-color":"","overlay-opacity":"","overlay-gradient":""}},"footnotes":""},"categories":[1,2,4,5],"tags":[],"class_list":["post-1499","post","type-post","status-publish","format-standard","hentry","category-general","category-infantil","category-portada","category-primaria"],"post_mailing_queue_ids":[],"_links":{"self":[{"href":"https:\/\/agora.xtec.cat\/ceipsfamiliascg\/wp-json\/wp\/v2\/posts\/1499","targetHints":{"allow":["GET"]}}],"collection":[{"href":"https:\/\/agora.xtec.cat\/ceipsfamiliascg\/wp-json\/wp\/v2\/posts"}],"about":[{"href":"https:\/\/agora.xtec.cat\/ceipsfamiliascg\/wp-json\/wp\/v2\/types\/post"}],"author":[{"embeddable":true,"href":"https:\/\/agora.xtec.cat\/ceipsfamiliascg\/wp-json\/wp\/v2\/users\/3"}],"replies":[{"embeddable":true,"href":"https:\/\/agora.xtec.cat\/ceipsfamiliascg\/wp-json\/wp\/v2\/comments?post=1499"}],"version-history":[{"count":3,"href":"https:\/\/agora.xtec.cat\/ceipsfamiliascg\/wp-json\/wp\/v2\/posts\/1499\/revisions"}],"predecessor-version":[{"id":1503,"href":"https:\/\/agora.xtec.cat\/ceipsfamiliascg\/wp-json\/wp\/v2\/posts\/1499\/revisions\/1503"}],"wp:attachment":[{"href":"https:\/\/agora.xtec.cat\/ceipsfamiliascg\/wp-json\/wp\/v2\/media?parent=1499"}],"wp:term":[{"taxonomy":"category","embeddable":true,"href":"https:\/\/agora.xtec.cat\/ceipsfamiliascg\/wp-json\/wp\/v2\/categories?post=1499"},{"taxonomy":"post_tag","embeddable":true,"href":"https:\/\/agora.xtec.cat\/ceipsfamiliascg\/wp-json\/wp\/v2\/tags?post=1499"}],"curies":[{"name":"wp","href":"https:\/\/api.w.org\/{rel}","templated":true}]}}