{"id":1350,"date":"2020-06-08T08:48:46","date_gmt":"2020-06-08T06:48:46","guid":{"rendered":"https:\/\/agora.xtec.cat\/ceipsfamiliascg\/?p=1350"},"modified":"2020-06-08T08:48:46","modified_gmt":"2020-06-08T06:48:46","slug":"quinzena-del-8-al-19-de-juny","status":"publish","type":"post","link":"https:\/\/agora.xtec.cat\/ceipsfamiliascg\/primaria\/6e\/quinzena-del-8-al-19-de-juny\/","title":{"rendered":"QUINZENA DEL 8 al 19 DE JUNY"},"content":{"rendered":"<p><span style=\"font-weight: 400\">Estimats nois, noies i fam\u00edlies de sis\u00e8&#8230;el curs s\u2019acaba i aquest dilluns dia 8 entrem en la recta final!!<\/span><\/p>\n<p><span style=\"font-weight: 400\">Aquesta quinzena abaixarem el ritme de tasques a fer, i les que hi ha s\u00f3n m\u00e9s senzilles i l\u00fadiques.<\/span><\/p>\n<ul>\n<li style=\"font-weight: 400\"><span style=\"font-weight: 400\">Teniu el c\u00f2mic de CATAL\u00c0 de la setmana passada per anar-lo enviant els que encara falten, i el challenge d\u2019EDUCACI\u00d3 F\u00cdSICA que encara hi ha molts que no heu enviat les fotos.<\/span><\/li>\n<li style=\"font-weight: 400\"><span style=\"font-weight: 400\">M\u00daSICA: teniu una coreografia per acabar el curs que podeu fer-la conjuntament\u00a0 amb els vostres germans i germanes\u00a0<a href=\"https:\/\/docs.google.com\/document\/d\/1h4q-xpgzJDTFDnY00Ndzj_0GQzcLNFUd\/edit\">https:\/\/docs.google.com\/document\/d\/1h4q-xpgzJDTFDnY00Ndzj_0GQzcLNFUd\/edit<\/a><\/span><\/li>\n<li style=\"font-weight: 400\"><span style=\"font-weight: 400\">ANGL\u00c8S: hi ha activitats del llibre digital\u00a0 <a href=\"https:\/\/docs.google.com\/document\/d\/1hhGq_9Vr1Wgotpjl_F8MNw7FZQEkuLJw4YSH2WIaKKw\/edit\">https:\/\/docs.google.com\/document\/d\/1hhGq_9Vr1Wgotpjl_F8MNw7FZQEkuLJw4YSH2WIaKKw\/edit<\/a> i un full de comprensi\u00f3\u00a0 <a href=\"https:\/\/drive.google.com\/drive\/folders\/1Ntx_B1bPBER7or4saJnMv0POgCnXmIDX\">https:\/\/drive.google.com\/drive\/folders\/1Ntx_B1bPBER7or4saJnMv0POgCnXmIDX<\/a>\u00a0i activitats del reading <a href=\"https:\/\/docs.google.com\/document\/d\/1F6QHJ6F8Mz4ZwSlBs_UnIc9WjJbflWgrxSe2eb7OAGU\/edit\">https:\/\/docs.google.com\/document\/d\/1F6QHJ6F8Mz4ZwSlBs_UnIc9WjJbflWgrxSe2eb7OAGU\/edit<\/a><\/span><\/li>\n<li style=\"font-weight: 400\"><span style=\"font-weight: 400\">MATEM\u00c0TIQUES:\u00a0 un full d\u2019operacions amb decimals\u00a0<a href=\"https:\/\/docs.google.com\/document\/d\/1Sd0VHrDvOkwWIufZfMMm6yEAeqdHSpF1\/edit\">https:\/\/docs.google.com\/document\/d\/1Sd0VHrDvOkwWIufZfMMm6yEAeqdHSpF1\/edit<\/a><\/span><\/li>\n<li style=\"font-weight: 400\"><span style=\"font-weight: 400\">I per acabar, un full amb instruccions per fer la TAPA DE L\u2019\u00c0LBUM\u00a0 <a href=\"https:\/\/docs.google.com\/document\/d\/1kT93asWiPhgL_gXfx8snNAXKNPBRwVQD\/edit\">https:\/\/docs.google.com\/document\/d\/1kT93asWiPhgL_gXfx8snNAXKNPBRwVQD\/edit<\/a><\/span>\u00a0que esperem que quedin superoriginals!<\/li>\n<\/ul>\n<p><span style=\"font-weight: 400\">Aquesta setmana farem les videotrucades el dimecres o el dijous i xerrarem una estoneta amb vosaltres. Us enviarem els enlla\u00e7os per correu electr\u00f2nic com sempre.<\/span><\/p>\n<p><span style=\"font-weight: 400\">Des d\u2019aqu\u00ed volem agrair als nens i nenes de 6\u00e8.A i B la feina que han fet i a les fam\u00edlies, la gran tasca que heu portat a terme ajudant els vostres fills i filles en la tramesa de les activitats que hem proposat. Ha estat una labor d\u2019equip de la que ens en hem sortit prou b\u00e9!!<\/span><\/p>\n<p><span style=\"font-weight: 400\">\u00a0\u00a0\u00a0\u00a0\u00a0\u00a0\u00a0\u00a0\u00a0\u00a0\u00a0\u00a0\u00a0\u00a0\u00a0\u00a0\u00a0\u00a0\u00a0\u00a0\u00a0\u00a0\u00a0\u00a0\u00a0\u00a0\u00a0\u00a0\u00a0\u00a0\u00a0\u00a0\u00a0\u00a0M\u00aaNeus i Roc\u00edo<\/span><\/p>\n<p><a href=\"https:\/\/agora.xtec.cat\/ceipsfamiliascg\/wp-content\/uploads\/usu1987\/2020\/06\/cheering.jpg\"><img loading=\"lazy\" decoding=\"async\" class=\"aligncenter size-full wp-image-1351\" src=\"https:\/\/agora.xtec.cat\/ceipsfamiliascg\/wp-content\/uploads\/usu1987\/2020\/06\/cheering.jpg\" alt=\"\" width=\"288\" height=\"175\" \/><\/a><\/p>\n","protected":false},"excerpt":{"rendered":"<p>Estimats nois, noies i fam\u00edlies de sis\u00e8&#8230;el curs s\u2019acaba i aquest dilluns dia 8 entrem en la recta final!! Aquesta quinzena abaixarem el ritme de tasques a fer, i les que hi ha s\u00f3n m\u00e9s senzilles i l\u00fadiques. Teniu el c\u00f2mic de CATAL\u00c0 de la setmana passada per anar-lo enviant els que encara falten, i [&hellip;]<\/p>\n","protected":false},"author":10,"featured_media":1351,"comment_status":"open","ping_status":"closed","sticky":false,"template":"","format":"standard","meta":{"_bbp_topic_count":0,"_bbp_reply_count":0,"_bbp_total_topic_count":0,"_bbp_total_reply_count":0,"_bbp_voice_count":0,"_bbp_anonymous_reply_count":0,"_bbp_topic_count_hidden":0,"_bbp_reply_count_hidden":0,"_bbp_forum_subforum_count":0,"site-sidebar-layout":"default","site-content-layout":"","ast-site-content-layout":"","site-content-style":"default","site-sidebar-style":"default","ast-global-header-display":"","ast-banner-title-visibility":"","ast-main-header-display":"","ast-hfb-above-header-display":"","ast-hfb-below-header-display":"","ast-hfb-mobile-header-display":"","site-post-title":"","ast-breadcrumbs-content":"","ast-featured-img":"","footer-sml-layout":"","theme-transparent-header-meta":"","adv-header-id-meta":"","stick-header-meta":"","header-above-stick-meta":"","header-main-stick-meta":"","header-below-stick-meta":"","astra-migrate-meta-layouts":"default","ast-page-background-enabled":"default","ast-page-background-meta":{"desktop":{"background-color":"var(--ast-global-color-4)","background-image":"","background-repeat":"repeat","background-position":"center center","background-size":"auto","background-attachment":"scroll","background-type":"","background-media":"","overlay-type":"","overlay-color":"","overlay-opacity":"","overlay-gradient":""},"tablet":{"background-color":"","background-image":"","background-repeat":"repeat","background-position":"center center","background-size":"auto","background-attachment":"scroll","background-type":"","background-media":"","overlay-type":"","overlay-color":"","overlay-opacity":"","overlay-gradient":""},"mobile":{"background-color":"","background-image":"","background-repeat":"repeat","background-position":"center center","background-size":"auto","background-attachment":"scroll","background-type":"","background-media":"","overlay-type":"","overlay-color":"","overlay-opacity":"","overlay-gradient":""}},"ast-content-background-meta":{"desktop":{"background-color":"var(--ast-global-color-5)","background-image":"","background-repeat":"repeat","background-position":"center center","background-size":"auto","background-attachment":"scroll","background-type":"","background-media":"","overlay-type":"","overlay-color":"","overlay-opacity":"","overlay-gradient":""},"tablet":{"background-color":"var(--ast-global-color-5)","background-image":"","background-repeat":"repeat","background-position":"center center","background-size":"auto","background-attachment":"scroll","background-type":"","background-media":"","overlay-type":"","overlay-color":"","overlay-opacity":"","overlay-gradient":""},"mobile":{"background-color":"var(--ast-global-color-5)","background-image":"","background-repeat":"repeat","background-position":"center center","background-size":"auto","background-attachment":"scroll","background-type":"","background-media":"","overlay-type":"","overlay-color":"","overlay-opacity":"","overlay-gradient":""}},"footnotes":""},"categories":[15],"tags":[],"class_list":["post-1350","post","type-post","status-publish","format-standard","has-post-thumbnail","hentry","category-6e"],"post_mailing_queue_ids":[],"_links":{"self":[{"href":"https:\/\/agora.xtec.cat\/ceipsfamiliascg\/wp-json\/wp\/v2\/posts\/1350","targetHints":{"allow":["GET"]}}],"collection":[{"href":"https:\/\/agora.xtec.cat\/ceipsfamiliascg\/wp-json\/wp\/v2\/posts"}],"about":[{"href":"https:\/\/agora.xtec.cat\/ceipsfamiliascg\/wp-json\/wp\/v2\/types\/post"}],"author":[{"embeddable":true,"href":"https:\/\/agora.xtec.cat\/ceipsfamiliascg\/wp-json\/wp\/v2\/users\/10"}],"replies":[{"embeddable":true,"href":"https:\/\/agora.xtec.cat\/ceipsfamiliascg\/wp-json\/wp\/v2\/comments?post=1350"}],"version-history":[{"count":1,"href":"https:\/\/agora.xtec.cat\/ceipsfamiliascg\/wp-json\/wp\/v2\/posts\/1350\/revisions"}],"predecessor-version":[{"id":1352,"href":"https:\/\/agora.xtec.cat\/ceipsfamiliascg\/wp-json\/wp\/v2\/posts\/1350\/revisions\/1352"}],"wp:featuredmedia":[{"embeddable":true,"href":"https:\/\/agora.xtec.cat\/ceipsfamiliascg\/wp-json\/wp\/v2\/media\/1351"}],"wp:attachment":[{"href":"https:\/\/agora.xtec.cat\/ceipsfamiliascg\/wp-json\/wp\/v2\/media?parent=1350"}],"wp:term":[{"taxonomy":"category","embeddable":true,"href":"https:\/\/agora.xtec.cat\/ceipsfamiliascg\/wp-json\/wp\/v2\/categories?post=1350"},{"taxonomy":"post_tag","embeddable":true,"href":"https:\/\/agora.xtec.cat\/ceipsfamiliascg\/wp-json\/wp\/v2\/tags?post=1350"}],"curies":[{"name":"wp","href":"https:\/\/api.w.org\/{rel}","templated":true}]}}