{"id":1251,"date":"2020-05-25T12:24:07","date_gmt":"2020-05-25T10:24:07","guid":{"rendered":"https:\/\/agora.xtec.cat\/ceipsfamiliascg\/?p=1251"},"modified":"2020-05-25T12:24:36","modified_gmt":"2020-05-25T10:24:36","slug":"propostes-p3-setmana-9-25-5","status":"publish","type":"post","link":"https:\/\/agora.xtec.cat\/ceipsfamiliascg\/infantil\/p3\/propostes-p3-setmana-9-25-5\/","title":{"rendered":"PROPOSTES P3 &#8211; SETMANA 9 -25\/5"},"content":{"rendered":"<p><span style=\"font-weight: 400\">AQU\u00cd TENIU LES PROPOSTES PER AQUESTA SETMANA: Del 25 al 29 de Maig<\/span><\/p>\n<ul>\n<li><span style=\"text-decoration: underline\"><b>DESCOBERTA D\u2019UN MATEIX<\/b><\/span><\/li>\n<\/ul>\n<p>&nbsp;<\/p>\n<ul>\n<li><b>EMOCIONS<\/b><\/li>\n<li style=\"list-style-type: none\">\n<ul>\n<li style=\"font-weight: 400\"><span style=\"font-weight: 400\">MEDITACI\u00d3 GUIADA <\/span><a href=\"https:\/\/www.youtube.com\/watch?v=HcOc1siPpGA\"><span style=\"font-weight: 400\">ttps:\/\/www.youtube.com\/watch?v=HcOc1siPpGA<\/span><\/a><span style=\"font-weight: 400\"> Tranquils i atents com una granota, (4 minuts) Es tracta d\u2019aturar-nos i escoltar el propi cos, a partir de la respiraci\u00f3.\u00a0<\/span><\/li>\n<\/ul>\n<\/li>\n<li><span style=\"text-decoration: underline\"><b>DESCOBERTA DE L\u2019ENTORN<\/b><\/span><\/li>\n<li><b>EXPERIMENTACI\u00d3 I INVESTIGACI\u00d3<\/b><\/li>\n<li style=\"list-style-type: none\">\n<ul>\n<li style=\"font-weight: 400\"><span style=\"font-weight: 400\">SLIME F\u00c0CIL.\u00a0 Amb nom\u00e9s dos o tres ingredients!! Sabem que \u00e9s dif\u00edcil que surti a la primera, per\u00f2 us donem tres opcions! A veure quina us va millor!!<\/span><\/li>\n<\/ul>\n<\/li>\n<\/ul>\n<p><a href=\"https:\/\/youtu.be\/SEwNGUpCmgM\"><span style=\"font-weight: 400\">\u00a0 \u00a0 \u00a0 \u00a0 \u00a0 \u00a0RECEPTA 1<\/span><\/a><\/p>\n<p><a href=\"https:\/\/www.youtube.com\/watch?v=kSbdKRDvFQ8\"><span style=\"font-weight: 400\">\u00a0 \u00a0 \u00a0 \u00a0 \u00a0 \u00a0RECEPTA 2<\/span><\/a><span style=\"font-weight: 400\">\u00a0<\/span><\/p>\n<p><span style=\"font-weight: 400\">\u00a0\u00a0\u00a0\u00a0\u00a0\u00a0\u00a0\u00a0\u00a0\u00a0 <\/span><a href=\"https:\/\/www.youtube.com\/watch?v=eiPT6o_T6FE\"><span style=\"font-weight: 400\">RECEPTA 3<\/span><\/a><\/p>\n<ul>\n<li><b><span style=\"font-weight: 400\">Aquesta setmana us animem a continuar amb el PROJECTE DE LES VAQUES I ELS CAVALLS. Com neixen? Investiguem altres animals mam\u00edfers. <\/span>\u00a0<\/b><\/li>\n<li><span style=\"text-decoration: underline\"><b>COMUNICACI\u00d3 I LLENGUATGES<\/b><\/span><\/li>\n<li><b>LLENGUA<\/b><\/li>\n<li style=\"list-style-type: none\">\n<ul>\n<li style=\"font-weight: 400\"><span style=\"font-weight: 400\">ENDEVINA ELS NOMS DELS NENS I NENES DE LA CLASSE DE LES VAQUES I ELS CAVALLS\u00a0 <\/span><a href=\"https:\/\/youtu.be\/BSzCRV31D5c\"><span style=\"font-weight: 400\">Est\u00e0s preparat?? Clica aqu\u00ed.<\/span><\/a><\/li>\n<li style=\"font-weight: 400\"><span style=\"font-weight: 400\">CONTE: LA RATETA QUE ESCOMBRAVA L\u2019ESCALETA.<\/span><\/li>\n<\/ul>\n<\/li>\n<\/ul>\n<p><span style=\"font-weight: 400\">Escolta el conte i fes activitats <\/span><a href=\"https:\/\/www.weeras.com\/ebook\/html5\/?editorial_guid=C800259A-E103-4039-8F31-C23D12543CED&amp;book_guid=52C31183-1D78-4FB6-A789-DAD74D1D3B7B&amp;content=142310\"><span style=\"font-weight: 400\">Ves a la proposta 5.<\/span><\/a><\/p>\n<p><span style=\"font-weight: 400\">Pots veure altres versions aqu\u00ed:<\/span><\/p>\n<p><a href=\"https:\/\/www.youtube.com\/watch?v=kg-7Nj8rPtc\"><span style=\"font-weight: 400\">https:\/\/www.youtube.com\/watch?v=kg-7Nj8rPtc<\/span><\/a><\/p>\n<p><a href=\"https:\/\/www.youtube.com\/watch?v=LsxEp0io4ns\"><span style=\"font-weight: 400\">https:\/\/www.youtube.com\/watch?v=LsxEp0io4ns<\/span><\/a><\/p>\n<ul>\n<li><b>MATES<\/b><\/li>\n<li style=\"list-style-type: none\">\n<ul>\n<li style=\"list-style-type: none\">\n<ul>\n<li style=\"font-weight: 400\"><span style=\"font-weight: 400\">TREBALLEM LES S\u00c8RIES <\/span><a href=\"https:\/\/clic.xtec.cat\/projects\/enserie\/jclic.js\/index.html\"><span style=\"font-weight: 400\">Fes clic aqu\u00ed<\/span><\/a><\/li>\n<\/ul>\n<\/li>\n<\/ul>\n<\/li>\n<\/ul>\n<p>&nbsp;<\/p>\n<ul>\n<li><b>ART\u00cdSTIC<\/b><\/li>\n<li style=\"font-weight: 400\"><span style=\"font-weight: 400\">GRAFISMES P3 &#8211; Practiquem els tra\u00e7os horitzontals i verticals de diferents formes: amb pinzell o un rodet i pintura, amb guixos en una pissarra, amb colors, amb plastidecors, amb retoladors, amb ceres, amb el dit en una safata plena de sal o farina, \u2026 Volem veure la teva creaci\u00f3!!!<\/span><\/li>\n<\/ul>\n<p><a href=\"https:\/\/agora.xtec.cat\/ceipsfamiliascg\/wp-content\/uploads\/usu1987\/2020\/05\/grafoverti.jpg\"><img loading=\"lazy\" decoding=\"async\" class=\"alignnone wp-image-1254\" src=\"https:\/\/agora.xtec.cat\/ceipsfamiliascg\/wp-content\/uploads\/usu1987\/2020\/05\/grafoverti.jpg\" alt=\"\" width=\"228\" height=\"192\" srcset=\"https:\/\/agora.xtec.cat\/ceipsfamiliascg\/wp-content\/uploads\/usu1987\/2020\/05\/grafoverti.jpg 455w, https:\/\/agora.xtec.cat\/ceipsfamiliascg\/wp-content\/uploads\/usu1987\/2020\/05\/grafoverti-300x253.jpg 300w\" sizes=\"auto, (max-width: 228px) 100vw, 228px\" \/> \u00a0 \u00a0 <\/a><a href=\"https:\/\/agora.xtec.cat\/ceipsfamiliascg\/wp-content\/uploads\/usu1987\/2020\/05\/grafohorit1.jpg\"><img loading=\"lazy\" decoding=\"async\" class=\"alignnone wp-image-1253\" src=\"https:\/\/agora.xtec.cat\/ceipsfamiliascg\/wp-content\/uploads\/usu1987\/2020\/05\/grafohorit1.jpg\" alt=\"\" width=\"248\" height=\"186\" srcset=\"https:\/\/agora.xtec.cat\/ceipsfamiliascg\/wp-content\/uploads\/usu1987\/2020\/05\/grafohorit1.jpg 640w, https:\/\/agora.xtec.cat\/ceipsfamiliascg\/wp-content\/uploads\/usu1987\/2020\/05\/grafohorit1-300x225.jpg 300w, https:\/\/agora.xtec.cat\/ceipsfamiliascg\/wp-content\/uploads\/usu1987\/2020\/05\/grafohorit1-200x150.jpg 200w\" sizes=\"auto, (max-width: 248px) 100vw, 248px\" \/>\u00a0\u00a0 <\/a><a href=\"https:\/\/agora.xtec.cat\/ceipsfamiliascg\/wp-content\/uploads\/usu1987\/2020\/05\/grafocrea.jpg\"><img loading=\"lazy\" decoding=\"async\" class=\"alignnone wp-image-1252\" src=\"https:\/\/agora.xtec.cat\/ceipsfamiliascg\/wp-content\/uploads\/usu1987\/2020\/05\/grafocrea.jpg\" alt=\"\" width=\"328\" height=\"184\" srcset=\"https:\/\/agora.xtec.cat\/ceipsfamiliascg\/wp-content\/uploads\/usu1987\/2020\/05\/grafocrea.jpg 1000w, https:\/\/agora.xtec.cat\/ceipsfamiliascg\/wp-content\/uploads\/usu1987\/2020\/05\/grafocrea-300x169.jpg 300w, https:\/\/agora.xtec.cat\/ceipsfamiliascg\/wp-content\/uploads\/usu1987\/2020\/05\/grafocrea-768x432.jpg 768w\" sizes=\"auto, (max-width: 328px) 100vw, 328px\" \/><\/a><span style=\"font-weight: 400\">\u00a0 \u00a0 \u00a0 \u00a0 \u00a0 \u00a0<\/span><\/p>\n<ul>\n<li><b>M\u00daSICA (Conxi)<\/b><\/li>\n<\/ul>\n<p>&nbsp;<\/p>\n<table>\n<tbody>\n<tr>\n<td><span style=\"font-weight: 400\">Hola nens i nenes,<\/span><\/p>\n<p><span style=\"font-weight: 400\">Aquesta setmana us demano que escolteu aquest trosset de m\u00fasica de la <\/span><b>Simfonia de les joguines<\/b><span style=\"font-weight: 400\">.<\/span><\/p>\n<p><span style=\"font-weight: 400\">1r- Mireu i escolteu el v\u00eddeo que trobareu en el seg\u00fcent enlla\u00e7:<\/span><\/p>\n<p><span style=\"font-weight: 400\">\u00a0<\/span> <a href=\"https:\/\/www.youtube.com\/watch?v=zDeaqha7TW0&amp;t=34s\"><b>https:\/\/www.youtube.com\/watch?v=zDeaqha7TW0&amp;t=34s<\/b><\/a><\/p>\n<p><span style=\"font-weight: 400\">2n- Busqueu la joguina de casa que m\u00e9s us agradi, escoltant mentrestant la m\u00fasica anterior.<\/span><\/p>\n<p><span style=\"font-weight: 400\">3r- Feu-vos una fotografia amb la joguina escollida.<\/span><\/p>\n<p><span style=\"font-weight: 400\">4t- Envieu-me la fotografia al meu correu: <\/span><span style=\"font-weight: 400\">safasantacolomamu@gmail.com<\/span><\/p>\n<p><span style=\"font-weight: 400\">Indiqueu-me en l\u2019assumpte el nom de l\u2019alumne\/a i el curs. <\/span><b>Espero les vostres fotografies!!!<\/b><\/p>\n<p><b>Conxi<\/b><\/p>\n<p><a href=\"https:\/\/agora.xtec.cat\/ceipsfamiliascg\/wp-content\/uploads\/usu1987\/2020\/05\/constru.jpg\"><img loading=\"lazy\" decoding=\"async\" class=\"alignnone wp-image-1256\" src=\"https:\/\/agora.xtec.cat\/ceipsfamiliascg\/wp-content\/uploads\/usu1987\/2020\/05\/constru.jpg\" alt=\"\" width=\"121\" height=\"121\" srcset=\"https:\/\/agora.xtec.cat\/ceipsfamiliascg\/wp-content\/uploads\/usu1987\/2020\/05\/constru.jpg 373w, https:\/\/agora.xtec.cat\/ceipsfamiliascg\/wp-content\/uploads\/usu1987\/2020\/05\/constru-150x150.jpg 150w, https:\/\/agora.xtec.cat\/ceipsfamiliascg\/wp-content\/uploads\/usu1987\/2020\/05\/constru-300x300.jpg 300w\" sizes=\"auto, (max-width: 121px) 100vw, 121px\" \/>\u00a0\u00a0 <\/a><a href=\"https:\/\/agora.xtec.cat\/ceipsfamiliascg\/wp-content\/uploads\/usu1987\/2020\/05\/bici.jpg\"><img loading=\"lazy\" decoding=\"async\" class=\"alignnone wp-image-1255\" src=\"https:\/\/agora.xtec.cat\/ceipsfamiliascg\/wp-content\/uploads\/usu1987\/2020\/05\/bici.jpg\" alt=\"\" width=\"95\" height=\"95\" srcset=\"https:\/\/agora.xtec.cat\/ceipsfamiliascg\/wp-content\/uploads\/usu1987\/2020\/05\/bici.jpg 225w, https:\/\/agora.xtec.cat\/ceipsfamiliascg\/wp-content\/uploads\/usu1987\/2020\/05\/bici-150x150.jpg 150w\" sizes=\"auto, (max-width: 95px) 100vw, 95px\" \/>\u00a0 <\/a><a href=\"https:\/\/agora.xtec.cat\/ceipsfamiliascg\/wp-content\/uploads\/usu1987\/2020\/05\/pilota.jpg\"><img loading=\"lazy\" decoding=\"async\" class=\"alignnone wp-image-1257\" src=\"https:\/\/agora.xtec.cat\/ceipsfamiliascg\/wp-content\/uploads\/usu1987\/2020\/05\/pilota.jpg\" alt=\"\" width=\"85\" height=\"85\" srcset=\"https:\/\/agora.xtec.cat\/ceipsfamiliascg\/wp-content\/uploads\/usu1987\/2020\/05\/pilota.jpg 458w, https:\/\/agora.xtec.cat\/ceipsfamiliascg\/wp-content\/uploads\/usu1987\/2020\/05\/pilota-150x150.jpg 150w, https:\/\/agora.xtec.cat\/ceipsfamiliascg\/wp-content\/uploads\/usu1987\/2020\/05\/pilota-300x300.jpg 300w\" sizes=\"auto, (max-width: 85px) 100vw, 85px\" \/><\/a><a href=\"https:\/\/agora.xtec.cat\/ceipsfamiliascg\/wp-content\/uploads\/usu1987\/2020\/05\/bici.jpg\"> \u00a0\u00a0<\/a><\/td>\n<\/tr>\n<\/tbody>\n<\/table>\n<p>&nbsp;<\/p>\n<p><span style=\"font-weight: 400\">ANIMEU-VOS A FER-NOS UN RETORN AL NOSTRE CORREU ELECTR\u00d2NIC DE\u00a0<\/span><\/p>\n<p><span style=\"font-weight: 400\">P3: <\/span><a href=\"mailto:SafaSantaColomaP3@gmail.com\"><span style=\"font-weight: 400\">SafaSantaColomaP3@gmail.com<\/span><\/a><\/p>\n<p><b>.- FINS LA SETMANA VINENT NENS I NENES ESPEREM QUE GAUDIU MOLT\u00cdSSIM, UNA FORTA ABRA\u00c7ADA.US HI ESPEREM!!<\/b><\/p>\n","protected":false},"excerpt":{"rendered":"<p>AQU\u00cd TENIU LES PROPOSTES PER AQUESTA SETMANA: Del 25 al 29 de Maig DESCOBERTA D\u2019UN MATEIX &nbsp; EMOCIONS MEDITACI\u00d3 GUIADA ttps:\/\/www.youtube.com\/watch?v=HcOc1siPpGA Tranquils i atents com una granota, (4 minuts) Es tracta d\u2019aturar-nos i escoltar el propi cos, a partir de la respiraci\u00f3.\u00a0 DESCOBERTA DE L\u2019ENTORN EXPERIMENTACI\u00d3 I INVESTIGACI\u00d3 SLIME F\u00c0CIL.\u00a0 Amb nom\u00e9s dos o tres [&hellip;]<\/p>\n","protected":false},"author":8,"featured_media":0,"comment_status":"open","ping_status":"closed","sticky":false,"template":"","format":"standard","meta":{"_bbp_topic_count":0,"_bbp_reply_count":0,"_bbp_total_topic_count":0,"_bbp_total_reply_count":0,"_bbp_voice_count":0,"_bbp_anonymous_reply_count":0,"_bbp_topic_count_hidden":0,"_bbp_reply_count_hidden":0,"_bbp_forum_subforum_count":0,"site-sidebar-layout":"default","site-content-layout":"","ast-site-content-layout":"","site-content-style":"default","site-sidebar-style":"default","ast-global-header-display":"","ast-banner-title-visibility":"","ast-main-header-display":"","ast-hfb-above-header-display":"","ast-hfb-below-header-display":"","ast-hfb-mobile-header-display":"","site-post-title":"","ast-breadcrumbs-content":"","ast-featured-img":"","footer-sml-layout":"","theme-transparent-header-meta":"","adv-header-id-meta":"","stick-header-meta":"","header-above-stick-meta":"","header-main-stick-meta":"","header-below-stick-meta":"","astra-migrate-meta-layouts":"default","ast-page-background-enabled":"default","ast-page-background-meta":{"desktop":{"background-color":"var(--ast-global-color-4)","background-image":"","background-repeat":"repeat","background-position":"center center","background-size":"auto","background-attachment":"scroll","background-type":"","background-media":"","overlay-type":"","overlay-color":"","overlay-opacity":"","overlay-gradient":""},"tablet":{"background-color":"","background-image":"","background-repeat":"repeat","background-position":"center center","background-size":"auto","background-attachment":"scroll","background-type":"","background-media":"","overlay-type":"","overlay-color":"","overlay-opacity":"","overlay-gradient":""},"mobile":{"background-color":"","background-image":"","background-repeat":"repeat","background-position":"center center","background-size":"auto","background-attachment":"scroll","background-type":"","background-media":"","overlay-type":"","overlay-color":"","overlay-opacity":"","overlay-gradient":""}},"ast-content-background-meta":{"desktop":{"background-color":"var(--ast-global-color-5)","background-image":"","background-repeat":"repeat","background-position":"center center","background-size":"auto","background-attachment":"scroll","background-type":"","background-media":"","overlay-type":"","overlay-color":"","overlay-opacity":"","overlay-gradient":""},"tablet":{"background-color":"var(--ast-global-color-5)","background-image":"","background-repeat":"repeat","background-position":"center center","background-size":"auto","background-attachment":"scroll","background-type":"","background-media":"","overlay-type":"","overlay-color":"","overlay-opacity":"","overlay-gradient":""},"mobile":{"background-color":"var(--ast-global-color-5)","background-image":"","background-repeat":"repeat","background-position":"center center","background-size":"auto","background-attachment":"scroll","background-type":"","background-media":"","overlay-type":"","overlay-color":"","overlay-opacity":"","overlay-gradient":""}},"footnotes":""},"categories":[3],"tags":[],"class_list":["post-1251","post","type-post","status-publish","format-standard","hentry","category-p3"],"post_mailing_queue_ids":[],"_links":{"self":[{"href":"https:\/\/agora.xtec.cat\/ceipsfamiliascg\/wp-json\/wp\/v2\/posts\/1251","targetHints":{"allow":["GET"]}}],"collection":[{"href":"https:\/\/agora.xtec.cat\/ceipsfamiliascg\/wp-json\/wp\/v2\/posts"}],"about":[{"href":"https:\/\/agora.xtec.cat\/ceipsfamiliascg\/wp-json\/wp\/v2\/types\/post"}],"author":[{"embeddable":true,"href":"https:\/\/agora.xtec.cat\/ceipsfamiliascg\/wp-json\/wp\/v2\/users\/8"}],"replies":[{"embeddable":true,"href":"https:\/\/agora.xtec.cat\/ceipsfamiliascg\/wp-json\/wp\/v2\/comments?post=1251"}],"version-history":[{"count":2,"href":"https:\/\/agora.xtec.cat\/ceipsfamiliascg\/wp-json\/wp\/v2\/posts\/1251\/revisions"}],"predecessor-version":[{"id":1262,"href":"https:\/\/agora.xtec.cat\/ceipsfamiliascg\/wp-json\/wp\/v2\/posts\/1251\/revisions\/1262"}],"wp:attachment":[{"href":"https:\/\/agora.xtec.cat\/ceipsfamiliascg\/wp-json\/wp\/v2\/media?parent=1251"}],"wp:term":[{"taxonomy":"category","embeddable":true,"href":"https:\/\/agora.xtec.cat\/ceipsfamiliascg\/wp-json\/wp\/v2\/categories?post=1251"},{"taxonomy":"post_tag","embeddable":true,"href":"https:\/\/agora.xtec.cat\/ceipsfamiliascg\/wp-json\/wp\/v2\/tags?post=1251"}],"curies":[{"name":"wp","href":"https:\/\/api.w.org\/{rel}","templated":true}]}}