{"id":1180,"date":"2020-05-18T12:18:35","date_gmt":"2020-05-18T10:18:35","guid":{"rendered":"https:\/\/agora.xtec.cat\/ceipsfamiliascg\/?p=1180"},"modified":"2020-05-18T12:18:50","modified_gmt":"2020-05-18T10:18:50","slug":"propostes-p3-setmana-8-18-05","status":"publish","type":"post","link":"https:\/\/agora.xtec.cat\/ceipsfamiliascg\/infantil\/p3\/propostes-p3-setmana-8-18-05\/","title":{"rendered":"PROPOSTES P3 SETMANA 8 18\/05"},"content":{"rendered":"<p><span style=\"font-weight: 400\">AQU\u00cd TENIU LES PROPOSTES PER AQUESTA SETMANA: Del 18 al 22 de Maig<\/span><\/p>\n<p>&nbsp;<\/p>\n<p><span style=\"font-weight: 400\">Aquesta setmana us proposem que descobriu un dels artistes catalans m\u00e9s coneguts arreu del m\u00f3n, en JOAN MIR\u00d3. Va treballar diferents t\u00e8cniques: pintura, escultura, cer\u00e0mica i gravat. Les activitats proposades giren entorn a aquest artista.<\/span><\/p>\n<ul>\n<li><span style=\"text-decoration: underline\"><b>DESCOBERTA D\u2019UN MATEIX<\/b><\/span><\/li>\n<li><b>JOC I MOVIMENT<\/b><\/li>\n<li style=\"font-weight: 400\"><span style=\"font-weight: 400\">Els colors que Mir\u00f3 sempre pintava eren: el vermell, el groc, el blau, el verd i el negre. Busqueu globus d\u2019aquests colors i gaudiu amb els jocs que us proposem \u2026<\/span><\/li>\n<\/ul>\n<p><span style=\"font-weight: 400\">JOCS AMB GLOBUS\u00a0 <\/span><a href=\"https:\/\/www.youtube.com\/watch?v=7UyNVUYVvx0\"><span style=\"font-weight: 400\">https:\/\/www.youtube.com\/watch?v=7UyNVUYVvx0<\/span><\/a><b>\u00a0\u00a0<\/b><\/p>\n<ul>\n<li><span style=\"text-decoration: underline\"><b>DESCOBERTA DE L\u2019ENTORN<\/b><\/span><\/li>\n<li><b>INVESTIGACI\u00d3<\/b><\/li>\n<li style=\"font-weight: 400\"><span style=\"font-weight: 400\">UN PINTOR: JOAN MIR\u00d3\u00a0\u00a0\u00a0\u00a0\u00a0\u00a0\u00a0\u00a0\u00a0\u00a0\u00a0\u00a0<\/span><\/li>\n<\/ul>\n<ul>\n<li style=\"font-weight: 400\"><span style=\"font-weight: 400\">La petita hist\u00f2ria de la seva vida <\/span><a href=\"https:\/\/www.youtube.com\/watch?v=eBtswhY_NYM\"><span style=\"font-weight: 400\">https:\/\/www.youtube.com\/watch?v=eBtswhY_NYM<\/span><\/a><span style=\"font-weight: 400\"> (en castell\u00e0)\u00a0<\/span><\/li>\n<li style=\"font-weight: 400\"><span style=\"font-weight: 400\">Us animem a buscar m\u00e9s informaci\u00f3 sobre la vida i l\u2019obra d\u2019en Joan Mir\u00f3.<\/span><b>\u00a0<\/b><\/li>\n<li style=\"font-weight: 400\"><span style=\"font-weight: 400\">Mireu a la p\u00e0gina web de la Fundaci\u00f3 Joan Mir\u00f3 de Barcelona<\/span><\/li>\n<\/ul>\n<p><a href=\"https:\/\/www.fmirobcn.org\/ca\/col-leccio\/cataleg-obres\/destacades\"><span style=\"font-weight: 400\">https:\/\/www.fmirobcn.org\/ca\/col-leccio\/cataleg-obres\/destacades<\/span><\/a><\/p>\n<ul>\n<li><span style=\"text-decoration: underline\"><b>COMUNICACI\u00d3 I LLENGUATGES<\/b><\/span><\/li>\n<li><b>LLENGUA<\/b><\/li>\n<li style=\"font-weight: 400\"><span style=\"font-weight: 400\">ESCRIVIM EL NOM DE \u201cMIR\u00d3&#8221;. Et proposem que facis les lletres de Mir\u00f3 a partir de materials que tinguis per casa: colors, menjar, gots, joguines\u2026 Tal i com vau fer la setmana passada amb els n\u00fameros.<\/span><\/li>\n<li><b>MATES<\/b><\/li>\n<li style=\"font-weight: 400\"><span style=\"font-weight: 400\">VEIG, VEIG &#8211;\u00a0 A Mir\u00f3 li agradaven molt les estrelles, els sols vermells i les llunes, entre d\u2019altres elements. <\/span><a href=\"https:\/\/youtu.be\/WhPzTW_KGew\"><span style=\"font-weight: 400\">Mireu el que li agradava m\u00e9s pintar!!!<\/span><\/a><\/li>\n<\/ul>\n<p><span style=\"font-weight: 400\">\u00a0A veure si ets capa\u00e7 de trobar-los en les seg\u00fcents obres. Est\u00e0s preparat\/a??? Doncs, <\/span><a href=\"https:\/\/www.youtube.com\/watch?v=IGtM1gI0HOY\"><span style=\"font-weight: 400\">Clica aqu\u00ed.<\/span><\/a><\/p>\n<ul>\n<li style=\"font-weight: 400\"><span style=\"font-weight: 400\">LA GEOMETRIA A L\u2019OBRA DE JOAN MIR\u00d3. Busca cercles, triangles, i altres formes geom\u00e8triques en les diferents obres\u2026 Est\u00e0 ple! <\/span><a href=\"https:\/\/www.youtube.com\/watch?v=xUGExlM48G0\"><span style=\"font-weight: 400\">https:\/\/www.youtube.com\/watch?v=xUGExlM48G0<\/span><\/a><\/li>\n<li><b>ART\u00cdSTIC\u00a0<\/b><\/li>\n<li style=\"font-weight: 400\"><span style=\"font-weight: 400\">PLASTILINA CASOLANA &#8211; Us proposem fer plastilina casolana amb aquestes receptes:\u00a0<\/span><\/li>\n<\/ul>\n<p><a href=\"https:\/\/www.youtube.com\/watch?v=BX1nxXP81LE&amp;feature=youtu.be\"><span style=\"font-weight: 400\">RECEPTA 1<\/span><\/a><\/p>\n<p><a href=\"https:\/\/www.peretarres.org\/mails\/2020\/fpt\/mail_enlloc_com_a_casa_11_0420\/plastilina-no-toxica.pdf\"><span style=\"font-weight: 400\">RECEPTA 2<\/span><\/a><\/p>\n<p><span style=\"font-weight: 400\">Despr\u00e9s podeu crear els elements de MIR\u00d3 (sol, estrella, lluna&#8230;) i pintar-los!\u00a0 O b\u00e9, fer una escultura on podeu afegir d&#8217;altres elements!<\/span><\/p>\n<p><span style=\"font-weight: 400\">\u00a0\u00a0\u00a0\u00a0\u00a0<\/span><span style=\"font-weight: 400\">\u00a0 <\/span><span style=\"font-weight: 400\">\u00a0 <\/span><span style=\"font-weight: 400\"> <a href=\"https:\/\/agora.xtec.cat\/ceipsfamiliascg\/wp-content\/uploads\/usu1987\/2020\/05\/estrella.jpg\"><img loading=\"lazy\" decoding=\"async\" class=\"alignnone wp-image-1185\" src=\"https:\/\/agora.xtec.cat\/ceipsfamiliascg\/wp-content\/uploads\/usu1987\/2020\/05\/estrella.jpg\" alt=\"\" width=\"99\" height=\"110\" srcset=\"https:\/\/agora.xtec.cat\/ceipsfamiliascg\/wp-content\/uploads\/usu1987\/2020\/05\/estrella.jpg 396w, https:\/\/agora.xtec.cat\/ceipsfamiliascg\/wp-content\/uploads\/usu1987\/2020\/05\/estrella-270x300.jpg 270w\" sizes=\"auto, (max-width: 99px) 100vw, 99px\" \/><\/a><a href=\"https:\/\/agora.xtec.cat\/ceipsfamiliascg\/wp-content\/uploads\/usu1987\/2020\/05\/escultura-plaste.png\"><img loading=\"lazy\" decoding=\"async\" class=\"alignnone size-large wp-image-1184\" src=\"https:\/\/agora.xtec.cat\/ceipsfamiliascg\/wp-content\/uploads\/usu1987\/2020\/05\/escultura-plaste.png\" alt=\"\" width=\"164\" height=\"103\" \/><\/a><a href=\"https:\/\/agora.xtec.cat\/ceipsfamiliascg\/wp-content\/uploads\/usu1987\/2020\/05\/boles-plaste.jpg\"><img loading=\"lazy\" decoding=\"async\" class=\"alignnone size-full wp-image-1183\" src=\"https:\/\/agora.xtec.cat\/ceipsfamiliascg\/wp-content\/uploads\/usu1987\/2020\/05\/boles-plaste.jpg\" alt=\"\" width=\"110\" height=\"147\" \/><\/a><a href=\"https:\/\/agora.xtec.cat\/ceipsfamiliascg\/wp-content\/uploads\/usu1987\/2020\/05\/escultura-paper-vater.jpg\"><img loading=\"lazy\" decoding=\"async\" class=\"alignnone size-full wp-image-1182\" src=\"https:\/\/agora.xtec.cat\/ceipsfamiliascg\/wp-content\/uploads\/usu1987\/2020\/05\/escultura-paper-vater.jpg\" alt=\"\" width=\"111\" height=\"148\" \/><\/a> <\/span><\/p>\n<ul>\n<li style=\"font-weight: 400\"><span style=\"font-weight: 400\">FES UN DIBUIX A L&#8217;ESTIL DE JOAN MIR\u00d3<\/span><b> &#8211; <\/b><span style=\"font-weight: 400\">Amb el material que desitgis: pintures, ceres, aquarel.les, llapis de colors,&#8230;..<\/span><\/li>\n<\/ul>\n<p><span style=\"font-weight: 400\">AUTORETRAT &#8211; A en Joan Mir\u00f3 li agradava molt dibuixar-se a si mateix. Recordeu el dibuix que nosaltres f\u00e8iem a classe? (el \u201cS\u00d3C JO\u201d), us animem a fer el mateix!<\/span><\/p>\n<p>&nbsp;<\/p>\n<p><span style=\"font-weight: 400\">ANIMEU-VOS A FER-NOS UN RETORN AL NOSTRE CORREU ELECTR\u00d2NIC DE\u00a0<\/span><\/p>\n<p><span style=\"font-weight: 400\">P3: <\/span><a href=\"mailto:SafaSantaColomaP3@gmail.com\"><span style=\"font-weight: 400\">SafaSantaColomaP3@gmail.com<\/span><\/a><\/p>\n<p><b>.- FINS LA SETMANA VINENT NENS I NENES ESPEREM QUE GAUDIU MOLT\u00cdSSIM, UNA FORTA ABRA\u00c7ADA.US HI ESPEREM!!<\/b><\/p>\n","protected":false},"excerpt":{"rendered":"<p>AQU\u00cd TENIU LES PROPOSTES PER AQUESTA SETMANA: Del 18 al 22 de Maig &nbsp; Aquesta setmana us proposem que descobriu un dels artistes catalans m\u00e9s coneguts arreu del m\u00f3n, en JOAN MIR\u00d3. Va treballar diferents t\u00e8cniques: pintura, escultura, cer\u00e0mica i gravat. Les activitats proposades giren entorn a aquest artista. DESCOBERTA D\u2019UN MATEIX JOC I MOVIMENT [&hellip;]<\/p>\n","protected":false},"author":8,"featured_media":0,"comment_status":"open","ping_status":"closed","sticky":false,"template":"","format":"standard","meta":{"_bbp_topic_count":0,"_bbp_reply_count":0,"_bbp_total_topic_count":0,"_bbp_total_reply_count":0,"_bbp_voice_count":0,"_bbp_anonymous_reply_count":0,"_bbp_topic_count_hidden":0,"_bbp_reply_count_hidden":0,"_bbp_forum_subforum_count":0,"site-sidebar-layout":"default","site-content-layout":"","ast-site-content-layout":"","site-content-style":"default","site-sidebar-style":"default","ast-global-header-display":"","ast-banner-title-visibility":"","ast-main-header-display":"","ast-hfb-above-header-display":"","ast-hfb-below-header-display":"","ast-hfb-mobile-header-display":"","site-post-title":"","ast-breadcrumbs-content":"","ast-featured-img":"","footer-sml-layout":"","theme-transparent-header-meta":"","adv-header-id-meta":"","stick-header-meta":"","header-above-stick-meta":"","header-main-stick-meta":"","header-below-stick-meta":"","astra-migrate-meta-layouts":"default","ast-page-background-enabled":"default","ast-page-background-meta":{"desktop":{"background-color":"var(--ast-global-color-4)","background-image":"","background-repeat":"repeat","background-position":"center center","background-size":"auto","background-attachment":"scroll","background-type":"","background-media":"","overlay-type":"","overlay-color":"","overlay-opacity":"","overlay-gradient":""},"tablet":{"background-color":"","background-image":"","background-repeat":"repeat","background-position":"center center","background-size":"auto","background-attachment":"scroll","background-type":"","background-media":"","overlay-type":"","overlay-color":"","overlay-opacity":"","overlay-gradient":""},"mobile":{"background-color":"","background-image":"","background-repeat":"repeat","background-position":"center center","background-size":"auto","background-attachment":"scroll","background-type":"","background-media":"","overlay-type":"","overlay-color":"","overlay-opacity":"","overlay-gradient":""}},"ast-content-background-meta":{"desktop":{"background-color":"var(--ast-global-color-5)","background-image":"","background-repeat":"repeat","background-position":"center center","background-size":"auto","background-attachment":"scroll","background-type":"","background-media":"","overlay-type":"","overlay-color":"","overlay-opacity":"","overlay-gradient":""},"tablet":{"background-color":"var(--ast-global-color-5)","background-image":"","background-repeat":"repeat","background-position":"center center","background-size":"auto","background-attachment":"scroll","background-type":"","background-media":"","overlay-type":"","overlay-color":"","overlay-opacity":"","overlay-gradient":""},"mobile":{"background-color":"var(--ast-global-color-5)","background-image":"","background-repeat":"repeat","background-position":"center center","background-size":"auto","background-attachment":"scroll","background-type":"","background-media":"","overlay-type":"","overlay-color":"","overlay-opacity":"","overlay-gradient":""}},"footnotes":""},"categories":[3],"tags":[],"class_list":["post-1180","post","type-post","status-publish","format-standard","hentry","category-p3"],"post_mailing_queue_ids":[],"_links":{"self":[{"href":"https:\/\/agora.xtec.cat\/ceipsfamiliascg\/wp-json\/wp\/v2\/posts\/1180","targetHints":{"allow":["GET"]}}],"collection":[{"href":"https:\/\/agora.xtec.cat\/ceipsfamiliascg\/wp-json\/wp\/v2\/posts"}],"about":[{"href":"https:\/\/agora.xtec.cat\/ceipsfamiliascg\/wp-json\/wp\/v2\/types\/post"}],"author":[{"embeddable":true,"href":"https:\/\/agora.xtec.cat\/ceipsfamiliascg\/wp-json\/wp\/v2\/users\/8"}],"replies":[{"embeddable":true,"href":"https:\/\/agora.xtec.cat\/ceipsfamiliascg\/wp-json\/wp\/v2\/comments?post=1180"}],"version-history":[{"count":2,"href":"https:\/\/agora.xtec.cat\/ceipsfamiliascg\/wp-json\/wp\/v2\/posts\/1180\/revisions"}],"predecessor-version":[{"id":1230,"href":"https:\/\/agora.xtec.cat\/ceipsfamiliascg\/wp-json\/wp\/v2\/posts\/1180\/revisions\/1230"}],"wp:attachment":[{"href":"https:\/\/agora.xtec.cat\/ceipsfamiliascg\/wp-json\/wp\/v2\/media?parent=1180"}],"wp:term":[{"taxonomy":"category","embeddable":true,"href":"https:\/\/agora.xtec.cat\/ceipsfamiliascg\/wp-json\/wp\/v2\/categories?post=1180"},{"taxonomy":"post_tag","embeddable":true,"href":"https:\/\/agora.xtec.cat\/ceipsfamiliascg\/wp-json\/wp\/v2\/tags?post=1180"}],"curies":[{"name":"wp","href":"https:\/\/api.w.org\/{rel}","templated":true}]}}