{"id":1011,"date":"2020-04-20T12:18:14","date_gmt":"2020-04-20T10:18:14","guid":{"rendered":"https:\/\/agora.xtec.cat\/ceipsfamiliascg\/?p=1011"},"modified":"2020-04-20T12:18:29","modified_gmt":"2020-04-20T10:18:29","slug":"propostes-p5-setmana-4-20-04","status":"publish","type":"post","link":"https:\/\/agora.xtec.cat\/ceipsfamiliascg\/infantil\/p5\/propostes-p5-setmana-4-20-04\/","title":{"rendered":"PROPOSTES P5 &#8211; SETMANA 4 &#8211; 20\/04"},"content":{"rendered":"<p style=\"text-align: center\"><b>PROPOSTES INFANTIL: P5 &#8211; SETMANA 4 &#8211;\u00a0 20\/04<\/b><\/p>\n<p><b>* Recordeu de seguir escrivint el temps en el calendari i de dibuixar com est\u00e0 la mongeta en el segon quadrat.<\/b><\/p>\n<p><span style=\"font-weight: 400\">Les nostres plantes estan aix\u00ed:<\/span><\/p>\n<table>\n<tbody>\n<tr>\n<td>\n<p style=\"text-align: center\"><b>SETMANA 13\/04<\/b><\/p>\n<p><a href=\"https:\/\/agora.xtec.cat\/ceipsfamiliascg\/wp-content\/uploads\/usu1987\/2020\/04\/plantes-setmana-1.jpeg\"><img loading=\"lazy\" decoding=\"async\" class=\"alignnone wp-image-1016\" src=\"https:\/\/agora.xtec.cat\/ceipsfamiliascg\/wp-content\/uploads\/usu1987\/2020\/04\/plantes-setmana-1-576x1024.jpeg\" alt=\"\" width=\"184\" height=\"328\" srcset=\"https:\/\/agora.xtec.cat\/ceipsfamiliascg\/wp-content\/uploads\/usu1987\/2020\/04\/plantes-setmana-1-576x1024.jpeg 576w, https:\/\/agora.xtec.cat\/ceipsfamiliascg\/wp-content\/uploads\/usu1987\/2020\/04\/plantes-setmana-1-169x300.jpeg 169w, https:\/\/agora.xtec.cat\/ceipsfamiliascg\/wp-content\/uploads\/usu1987\/2020\/04\/plantes-setmana-1-768x1365.jpeg 768w, https:\/\/agora.xtec.cat\/ceipsfamiliascg\/wp-content\/uploads\/usu1987\/2020\/04\/plantes-setmana-1.jpeg 1080w\" sizes=\"auto, (max-width: 184px) 100vw, 184px\" \/><\/a><\/td>\n<td>\n<p style=\"text-align: center\"><b>SETMANA 20\/04<\/b><\/p>\n<p><a href=\"https:\/\/agora.xtec.cat\/ceipsfamiliascg\/wp-content\/uploads\/usu1987\/2020\/04\/plantes-setmana-2.jpeg\"><img loading=\"lazy\" decoding=\"async\" class=\"alignnone wp-image-1017\" src=\"https:\/\/agora.xtec.cat\/ceipsfamiliascg\/wp-content\/uploads\/usu1987\/2020\/04\/plantes-setmana-2-769x1024.jpeg\" alt=\"\" width=\"238\" height=\"319\" \/><\/a><\/td>\n<\/tr>\n<\/tbody>\n<\/table>\n<p style=\"text-align: center\"><b>El dijous 23 d\u2019abril celebrem el dia de Sant Jordi, per tant, hem preparat activitats relacionades amb Sant Jordi<\/b><\/p>\n<ul>\n<li style=\"text-align: left\"><b style=\"font-family: inherit;font-size: 1em\">ACTIVITAT TEM\u00c0TICA DE SANT JORDI:<\/b><\/li>\n<\/ul>\n<p>Les mestres de P5 han preparat un v\u00eddeo representant els personatges de Sant Jordi. Aqu\u00ed el teniu:<\/p>\n<p><a href=\"https:\/\/youtu.be\/YF9JE1Hhf6Y\"><b>https:\/\/youtu.be\/YF9JE1Hhf6Y<\/b><\/a><\/p>\n<p><b>Esteu preparats per ser vosaltres els protagonistes???<\/b><\/p>\n<p><span style=\"font-weight: 400\">Disfresseu-vos de qualsevol personatge de la llegenda de Sant Jordi (princesa, cavaller, Sant Jordi, Santa Jordina, drac, ovella, rei, castell, ciutadans, rosa\u2026) amb material casol\u00e0, envieu-nos les fotos, i nosaltres preparem un conte col\u00b7lectiu! Qu\u00e8 us sembla?<\/span><\/p>\n<p><span style=\"font-weight: 400\">Esperem que us agradi molt\u00edssim!<\/span><\/p>\n<ul>\n<li><b style=\"font-family: inherit;font-size: 1em\">DESCOBERTA D\u2019UN MATEIX<\/b>\n<ul>\n<li><b>JOC I MOVIMENT<\/b><\/li>\n<li>T\u00edtol: Gimcana de Sant Jordi<\/li>\n<\/ul>\n<\/li>\n<\/ul>\n<p><b style=\"font-family: inherit;font-size: 1em\">Descripci\u00f3: <\/b><span style=\"font-weight: 400\">Feu les seg\u00fcents activitats per la casa.<\/span><\/p>\n<p><span style=\"font-weight: 400\">Prova 1: Concurs de rugits de drac<\/span><\/p>\n<p><span style=\"font-weight: 400\">Prova 2: Construeix un castell o una cova<\/span><\/p>\n<p><a href=\"https:\/\/totnens.cat\/els-projectes-destudi-kraft-el-castell-de-sant-jordi\/\"><span style=\"font-weight: 400\">https:\/\/totnens.cat\/els-projectes-destudi-kraft-el-castell-de-sant-jordi\/<\/span><\/a><\/p>\n<p><span style=\"font-weight: 400\">Prova 3: Enderroca el drac.\u00a0<\/span><\/p>\n<p><span style=\"font-weight: 400\">Busqueu diferent material per posar i fer un triangle o una piramide (segons material agafat) i una pilota o algun altre material que pugueu llan\u00e7ar per enderrocar el drac.<\/span><\/p>\n<p><b style=\"font-family: inherit;font-size: 1em\"><a href=\"https:\/\/agora.xtec.cat\/ceipsfamiliascg\/wp-content\/uploads\/usu1987\/2020\/04\/bolos-caseros.jpg\"><img loading=\"lazy\" decoding=\"async\" class=\"alignnone wp-image-1028\" src=\"https:\/\/agora.xtec.cat\/ceipsfamiliascg\/wp-content\/uploads\/usu1987\/2020\/04\/bolos-caseros.jpg\" alt=\"\" width=\"148\" height=\"197\" srcset=\"https:\/\/agora.xtec.cat\/ceipsfamiliascg\/wp-content\/uploads\/usu1987\/2020\/04\/bolos-caseros.jpg 480w, https:\/\/agora.xtec.cat\/ceipsfamiliascg\/wp-content\/uploads\/usu1987\/2020\/04\/bolos-caseros-225x300.jpg 225w\" sizes=\"auto, (max-width: 148px) 100vw, 148px\" \/><\/a><\/b><\/p>\n<p><span style=\"font-weight: 400\">Prova 4: Traiem \u201cfoc\u201d<\/span><\/p>\n<p><span style=\"font-weight: 400\">Preparem els seg\u00fcents materials: safata, ampolla de pl\u00e0stic, mitj\u00f3, aigua, sab\u00f3. Aqu\u00ed teniu un v\u00eddeo per mirar com es fa.<\/span><\/p>\n<p><a href=\"https:\/\/www.instagram.com\/tv\/B-2cLV2oVTw\/?utm_source=ig_web_copy_link\"><span style=\"font-weight: 400\">https:\/\/www.instagram.com\/tv\/B-2cLV2oVTw\/?utm_source=ig_web_copy_link<\/span><\/a><\/p>\n<ul>\n<li><b style=\"font-family: inherit;font-size: 1em\">DESCOBERTA DE L\u2019ENTORN<\/b><\/li>\n<\/ul>\n<ul>\n<li style=\"list-style-type: none\">\n<ul>\n<li>EXPERIMENTACI\u00d3 I INVESTIGACI\u00d3<\/li>\n<li>T\u00edtol: Fes Sant Jordi amb fruita<\/li>\n<\/ul>\n<\/li>\n<\/ul>\n<p><b style=\"font-family: inherit;font-size: 1em\">Descripci\u00f3: <\/b><a style=\"font-family: inherit;font-size: 1em\" href=\"https:\/\/totnens.cat\/dracs-i-roses-amb-fruites-naturals\/\">https:\/\/totnens.cat\/dracs-i-roses-amb-fruites-naturals\/<\/a><\/p>\n<ul>\n<li><b style=\"font-family: inherit;font-size: 1em\">COMUNICACI\u00d3 I LLENGUATGES<\/b>\n<ul>\n<li>LLENGUA<\/li>\n<li>T\u00edtol: Juguem amb el JCLIC de Sant Jordi<\/li>\n<\/ul>\n<\/li>\n<\/ul>\n<p><b style=\"font-family: inherit;font-size: 1em\">Jclic<\/b><span style=\"font-weight: 400\">: <\/span><a style=\"font-family: inherit;font-size: 1em\" href=\"https:\/\/clic.xtec.cat\/projects\/stjordi\/jclic.js\/index.html\">https:\/\/clic.xtec.cat\/projects\/stjordi\/jclic.js\/index.html<\/a><\/p>\n<ul>\n<li style=\"list-style-type: none\">\n<ul>\n<li style=\"font-weight: 400\"><b>T\u00edtol: Qui s\u00f3c?<\/b><\/li>\n<\/ul>\n<\/li>\n<\/ul>\n<p><b style=\"font-family: inherit;font-size: 1em\">Descripci\u00f3: <\/b><span style=\"font-weight: 400\">Escolta la llegenda de Sant Jordi, dibuixa un dels personatges i escriu una frase relacionada amb aquest.<\/span><\/p>\n<p><span style=\"font-weight: 400\">Aqu\u00ed teniu diferents enlla\u00e7os per mirar la llegenda de Sant Jordi:<\/span><\/p>\n<p><a href=\"https:\/\/www.youtube.com\/watch?v=kSQpEJYVSwY\"><span style=\"font-weight: 400\">https:\/\/www.youtube.com\/watch?v=kSQpEJYVSwY<\/span><\/a><\/p>\n<p><a href=\"https:\/\/www.youtube.com\/watch?v=BFC31Yur52M\"><span style=\"font-weight: 400\">https:\/\/www.youtube.com\/watch?v=BFC31Yur52M<\/span><\/a><\/p>\n<ul>\n<li style=\"list-style-type: none\">\n<ul>\n<li><b style=\"font-family: inherit;font-size: 1em\">ART\u00cdSTIC<\/b><\/li>\n<li><b>T\u00edtol: Regalem per Sant Jordi<\/b><\/li>\n<\/ul>\n<\/li>\n<\/ul>\n<p><b style=\"font-family: inherit;font-size: 1em\">Descripci\u00f3: <\/b><span style=\"font-weight: 400\">Amb material que tingueu per casa, podeu preparar una rosa per regalar als membres de la vostra fam\u00edlia (pare, mare, germ\u00e0, germana\u2026)<\/span><\/p>\n<p><span style=\"font-weight: 400\">Aqu\u00ed us deixem una proposta f\u00e0cil amb material reciclat:<\/span><\/p>\n<p><a href=\"https:\/\/agora.xtec.cat\/ceipsfamiliascg\/wp-content\/uploads\/usu1987\/2020\/04\/ROSA-SANT-JORDI.jpg\"><img loading=\"lazy\" decoding=\"async\" class=\"alignnone wp-image-1015\" src=\"https:\/\/agora.xtec.cat\/ceipsfamiliascg\/wp-content\/uploads\/usu1987\/2020\/04\/ROSA-SANT-JORDI.jpg\" alt=\"\" width=\"128\" height=\"173\" \/><\/a><\/p>\n<p><span style=\"font-weight: 400\">Tamb\u00e9 us deixem aquesta p\u00e0gina web (hi ha manualitats de tot tipus: rosa, drac, punts de llibres&#8230;). <\/span><b>Trieu el que considereu segons el material que tingueu.<\/b><\/p>\n<p><a href=\"https:\/\/www.umadecoracion.com\/manualidades-sant-jordi\/\"><span style=\"font-weight: 400\">https:\/\/www.umadecoracion.com\/manualidades-sant-jordi\/<\/span><\/a><\/p>\n<p>&nbsp;<\/p>\n<ul>\n<li style=\"list-style-type: none\">\n<ul>\n<li><b>M\u00daSICA (CONXI)<\/b><\/li>\n<\/ul>\n<\/li>\n<\/ul>\n<p>&nbsp;<\/p>\n<table>\n<tbody>\n<tr>\n<td><b>Holaaa!!<\/b><\/p>\n<p><span style=\"font-weight: 400\">Per celebrar durant aquesta setmana la diada de Sant Jordi us proposo que canteu i balleu la can\u00e7\u00f3 que trobareu en el seg\u00fcent enlla\u00e7:<\/span><\/p>\n<p><a href=\"https:\/\/www.youtube.com\/watch?v=1-FbrOgWlnE\"><b>https:\/\/www.youtube.com\/watch?v=1-FbrOgWlnE<\/b><\/a><\/p>\n<p><span style=\"font-weight: 400\">RECORDEU: El meu correu \u00e9s: <\/span><a href=\"mailto:safasantacolomamu@gmail.com\"><span style=\"font-weight: 400\">safasantacolomamu@gmail.com<\/span><\/a><\/p>\n<p><b>Gaudiu de la m\u00fasica!!!<\/b><\/td>\n<\/tr>\n<\/tbody>\n<\/table>\n<p><span style=\"font-weight: 400\">ANIMEU-VOS A FER-NOS UN RETORN AL NOSTRE CORREU ELECTR\u00d2NIC:\u00a0 <\/span><a href=\"mailto:sagradafamilia.infantil.P5@gmail.com\"><span style=\"font-weight: 400\">sagradafamilia.infantil.P5@gmail.com<\/span><\/a><\/p>\n<p><b>FINS LA SETMANA VINENT NENS I NENES ESPEREM QUE GAUDIU MOLT\u00cdSSIM, UNA FORTA ABRA\u00c7ADA. US HI ESPEREM!!<\/b><\/p>\n","protected":false},"excerpt":{"rendered":"<p>PROPOSTES INFANTIL: P5 &#8211; SETMANA 4 &#8211;\u00a0 20\/04 * Recordeu de seguir escrivint el temps en el calendari i de dibuixar com est\u00e0 la mongeta en el segon quadrat. Les nostres plantes estan aix\u00ed: SETMANA 13\/04 SETMANA 20\/04 El dijous 23 d\u2019abril celebrem el dia de Sant Jordi, per tant, hem preparat activitats relacionades amb [&hellip;]<\/p>\n","protected":false},"author":1,"featured_media":0,"comment_status":"closed","ping_status":"closed","sticky":false,"template":"","format":"standard","meta":{"_bbp_topic_count":0,"_bbp_reply_count":0,"_bbp_total_topic_count":0,"_bbp_total_reply_count":0,"_bbp_voice_count":0,"_bbp_anonymous_reply_count":0,"_bbp_topic_count_hidden":0,"_bbp_reply_count_hidden":0,"_bbp_forum_subforum_count":0,"site-sidebar-layout":"default","site-content-layout":"","ast-site-content-layout":"","site-content-style":"default","site-sidebar-style":"default","ast-global-header-display":"","ast-banner-title-visibility":"","ast-main-header-display":"","ast-hfb-above-header-display":"","ast-hfb-below-header-display":"","ast-hfb-mobile-header-display":"","site-post-title":"","ast-breadcrumbs-content":"","ast-featured-img":"","footer-sml-layout":"","theme-transparent-header-meta":"","adv-header-id-meta":"","stick-header-meta":"","header-above-stick-meta":"","header-main-stick-meta":"","header-below-stick-meta":"","astra-migrate-meta-layouts":"default","ast-page-background-enabled":"default","ast-page-background-meta":{"desktop":{"background-color":"var(--ast-global-color-4)","background-image":"","background-repeat":"repeat","background-position":"center center","background-size":"auto","background-attachment":"scroll","background-type":"","background-media":"","overlay-type":"","overlay-color":"","overlay-opacity":"","overlay-gradient":""},"tablet":{"background-color":"","background-image":"","background-repeat":"repeat","background-position":"center center","background-size":"auto","background-attachment":"scroll","background-type":"","background-media":"","overlay-type":"","overlay-color":"","overlay-opacity":"","overlay-gradient":""},"mobile":{"background-color":"","background-image":"","background-repeat":"repeat","background-position":"center center","background-size":"auto","background-attachment":"scroll","background-type":"","background-media":"","overlay-type":"","overlay-color":"","overlay-opacity":"","overlay-gradient":""}},"ast-content-background-meta":{"desktop":{"background-color":"var(--ast-global-color-5)","background-image":"","background-repeat":"repeat","background-position":"center center","background-size":"auto","background-attachment":"scroll","background-type":"","background-media":"","overlay-type":"","overlay-color":"","overlay-opacity":"","overlay-gradient":""},"tablet":{"background-color":"var(--ast-global-color-5)","background-image":"","background-repeat":"repeat","background-position":"center center","background-size":"auto","background-attachment":"scroll","background-type":"","background-media":"","overlay-type":"","overlay-color":"","overlay-opacity":"","overlay-gradient":""},"mobile":{"background-color":"var(--ast-global-color-5)","background-image":"","background-repeat":"repeat","background-position":"center center","background-size":"auto","background-attachment":"scroll","background-type":"","background-media":"","overlay-type":"","overlay-color":"","overlay-opacity":"","overlay-gradient":""}},"footnotes":""},"categories":[9],"tags":[67,69,82],"class_list":["post-1011","post","type-post","status-publish","format-standard","hentry","category-p5","tag-p5","tag-propostes","tag-setmana-4"],"post_mailing_queue_ids":[],"_links":{"self":[{"href":"https:\/\/agora.xtec.cat\/ceipsfamiliascg\/wp-json\/wp\/v2\/posts\/1011","targetHints":{"allow":["GET"]}}],"collection":[{"href":"https:\/\/agora.xtec.cat\/ceipsfamiliascg\/wp-json\/wp\/v2\/posts"}],"about":[{"href":"https:\/\/agora.xtec.cat\/ceipsfamiliascg\/wp-json\/wp\/v2\/types\/post"}],"author":[{"embeddable":true,"href":"https:\/\/agora.xtec.cat\/ceipsfamiliascg\/wp-json\/wp\/v2\/users\/1"}],"replies":[{"embeddable":true,"href":"https:\/\/agora.xtec.cat\/ceipsfamiliascg\/wp-json\/wp\/v2\/comments?post=1011"}],"version-history":[{"count":3,"href":"https:\/\/agora.xtec.cat\/ceipsfamiliascg\/wp-json\/wp\/v2\/posts\/1011\/revisions"}],"predecessor-version":[{"id":1031,"href":"https:\/\/agora.xtec.cat\/ceipsfamiliascg\/wp-json\/wp\/v2\/posts\/1011\/revisions\/1031"}],"wp:attachment":[{"href":"https:\/\/agora.xtec.cat\/ceipsfamiliascg\/wp-json\/wp\/v2\/media?parent=1011"}],"wp:term":[{"taxonomy":"category","embeddable":true,"href":"https:\/\/agora.xtec.cat\/ceipsfamiliascg\/wp-json\/wp\/v2\/categories?post=1011"},{"taxonomy":"post_tag","embeddable":true,"href":"https:\/\/agora.xtec.cat\/ceipsfamiliascg\/wp-json\/wp\/v2\/tags?post=1011"}],"curies":[{"name":"wp","href":"https:\/\/api.w.org\/{rel}","templated":true}]}}