{"id":7816,"date":"2022-03-08T13:53:09","date_gmt":"2022-03-08T12:53:09","guid":{"rendered":"https:\/\/agora.xtec.cat\/ceipsesmondolo\/?p=7816"},"modified":"2022-11-23T12:53:22","modified_gmt":"2022-11-23T11:53:22","slug":"videos-contra-la-violencia-masclista-25n","status":"publish","type":"post","link":"https:\/\/agora.xtec.cat\/ceipsesmondolo\/general\/videos-contra-la-violencia-masclista-25n\/","title":{"rendered":"V\u00cdDEOS CONTRA LA VIOL\u00c8NCIA MASCLISTA 25N"},"content":{"rendered":"<p>Els i les alumnes de cicle superior, per commemorar el dia internacional contra la viol\u00e8ncia masclista del 25 N, van escriure diverses hist\u00f2ries sobre dones maltractades. Aquestes hist\u00f2ries les han passat en format digital i han creat uns v\u00eddeos molt originals, emotius, &#8230; per sensibilitzar a tota la gent que se&#8217;ls miri.<\/p>\n<p><a href=\"https:\/\/youtu.be\/Gd-eHnsleM0\"><img loading=\"lazy\" decoding=\"async\" class=\"alignnone wp-image-7818\" src=\"https:\/\/agora.xtec.cat\/ceipsesmondolo\/wp-content\/uploads\/usu311\/2022\/03\/1.png\" alt=\"\" width=\"218\" height=\"106\" srcset=\"https:\/\/agora.xtec.cat\/ceipsesmondolo\/wp-content\/uploads\/usu311\/2022\/03\/1.png 743w, https:\/\/agora.xtec.cat\/ceipsesmondolo\/wp-content\/uploads\/usu311\/2022\/03\/1-300x146.png 300w\" sizes=\"auto, (max-width: 218px) 100vw, 218px\" \/>\u00a0 \u00a0 <\/a><a href=\"https:\/\/youtu.be\/4Q2Q-U_MF64\"><img loading=\"lazy\" decoding=\"async\" class=\"wp-image-7819 alignnone\" src=\"https:\/\/agora.xtec.cat\/ceipsesmondolo\/wp-content\/uploads\/usu311\/2022\/03\/22.png\" alt=\"\" width=\"207\" height=\"127\" srcset=\"https:\/\/agora.xtec.cat\/ceipsesmondolo\/wp-content\/uploads\/usu311\/2022\/03\/22.png 524w, https:\/\/agora.xtec.cat\/ceipsesmondolo\/wp-content\/uploads\/usu311\/2022\/03\/22-300x184.png 300w\" sizes=\"auto, (max-width: 207px) 100vw, 207px\" \/> <\/a><a href=\"https:\/\/youtu.be\/atd-9GwMaww\"><img loading=\"lazy\" decoding=\"async\" class=\"alignnone wp-image-7820\" src=\"https:\/\/agora.xtec.cat\/ceipsesmondolo\/wp-content\/uploads\/usu311\/2022\/03\/33.png\" alt=\"\" width=\"257\" height=\"107\" srcset=\"https:\/\/agora.xtec.cat\/ceipsesmondolo\/wp-content\/uploads\/usu311\/2022\/03\/33.png 647w, https:\/\/agora.xtec.cat\/ceipsesmondolo\/wp-content\/uploads\/usu311\/2022\/03\/33-300x125.png 300w\" sizes=\"auto, (max-width: 257px) 100vw, 257px\" \/><\/a><\/p>\n<p>&nbsp;<\/p>\n<p>&nbsp;<\/p>\n<p>&nbsp;<\/p>\n<p>&nbsp;<\/p>\n<p>&nbsp;<\/p>\n<p>&nbsp;<\/p>\n","protected":false},"excerpt":{"rendered":"<p>Els i les alumnes de cicle superior, per commemorar el dia internacional contra la viol\u00e8ncia masclista del 25 N, van escriure diverses hist\u00f2ries sobre dones maltractades. Aquestes hist\u00f2ries les han passat en format digital i han creat uns v\u00eddeos molt originals, emotius, &#8230; per sensibilitzar&hellip;  <a href=\"https:\/\/agora.xtec.cat\/ceipsesmondolo\/general\/videos-contra-la-violencia-masclista-25n\/\" title=\"Read V\u00cdDEOS CONTRA LA VIOL\u00c8NCIA MASCLISTA 25N\">Llegeix m\u00e9s\u00bb<\/a><\/p>\n","protected":false},"author":27,"featured_media":7822,"comment_status":"open","ping_status":"closed","sticky":false,"template":"","format":"standard","meta":{"_bbp_topic_count":0,"_bbp_reply_count":0,"_bbp_total_topic_count":0,"_bbp_total_reply_count":0,"_bbp_voice_count":0,"_bbp_anonymous_reply_count":0,"_bbp_topic_count_hidden":0,"_bbp_reply_count_hidden":0,"_bbp_forum_subforum_count":0,"footnotes":""},"categories":[63,1,69],"tags":[],"class_list":["post-7816","post","type-post","status-publish","format-standard","has-post-thumbnail","hentry","category-grans","category-general","category-portada"],"post_mailing_queue_ids":[],"_links":{"self":[{"href":"https:\/\/agora.xtec.cat\/ceipsesmondolo\/wp-json\/wp\/v2\/posts\/7816","targetHints":{"allow":["GET"]}}],"collection":[{"href":"https:\/\/agora.xtec.cat\/ceipsesmondolo\/wp-json\/wp\/v2\/posts"}],"about":[{"href":"https:\/\/agora.xtec.cat\/ceipsesmondolo\/wp-json\/wp\/v2\/types\/post"}],"author":[{"embeddable":true,"href":"https:\/\/agora.xtec.cat\/ceipsesmondolo\/wp-json\/wp\/v2\/users\/27"}],"replies":[{"embeddable":true,"href":"https:\/\/agora.xtec.cat\/ceipsesmondolo\/wp-json\/wp\/v2\/comments?post=7816"}],"version-history":[{"count":2,"href":"https:\/\/agora.xtec.cat\/ceipsesmondolo\/wp-json\/wp\/v2\/posts\/7816\/revisions"}],"predecessor-version":[{"id":7821,"href":"https:\/\/agora.xtec.cat\/ceipsesmondolo\/wp-json\/wp\/v2\/posts\/7816\/revisions\/7821"}],"wp:featuredmedia":[{"embeddable":true,"href":"https:\/\/agora.xtec.cat\/ceipsesmondolo\/wp-json\/wp\/v2\/media\/7822"}],"wp:attachment":[{"href":"https:\/\/agora.xtec.cat\/ceipsesmondolo\/wp-json\/wp\/v2\/media?parent=7816"}],"wp:term":[{"taxonomy":"category","embeddable":true,"href":"https:\/\/agora.xtec.cat\/ceipsesmondolo\/wp-json\/wp\/v2\/categories?post=7816"},{"taxonomy":"post_tag","embeddable":true,"href":"https:\/\/agora.xtec.cat\/ceipsesmondolo\/wp-json\/wp\/v2\/tags?post=7816"}],"curies":[{"name":"wp","href":"https:\/\/api.w.org\/{rel}","templated":true}]}}