{"id":6091,"date":"2023-03-26T21:31:29","date_gmt":"2023-03-26T19:31:29","guid":{"rendered":"https:\/\/agora.xtec.cat\/ceipserraihunter\/?p=6091"},"modified":"2023-03-29T13:31:48","modified_gmt":"2023-03-29T11:31:48","slug":"yayoi-kusama-a-i3","status":"publish","type":"post","link":"https:\/\/agora.xtec.cat\/ceipserraihunter\/general\/yayoi-kusama-a-i3\/","title":{"rendered":"YAYOI KUSAMA A I3"},"content":{"rendered":"<p>Aquestes setmanes a I3 hem conegut a la Yayoi Kusama, una artista japonesa i encara viva, que va ser un referent art\u00edstic en el moviment de l&#8217;art contemporani, l&#8217;art pop i el minimalisme.<\/p>\n<p>Descobrim la seva obra, on els colors i els &#8220;punts&#8221; s\u00f3n els protagonistes. Kusama exposa a Museus de tot el m\u00f3n i una de les seves obres \u00e9s l&#8217;Habitaci\u00f3 de l&#8217;Obliteraci\u00f3, un espai totalment blanc i interactiu, on els visitants s\u00f3n els que la van creant i transformant enganxant cercles adhesius. L&#8217;hem volgut representar al pati i hem participat tots els nens i nenes d&#8217;Educaci\u00f3 Infantil, mestres i fam\u00edlies&#8230; tothom ha estat benvingut a deixar la seva empremta. Trobareu fotos i v\u00eddeos del proc\u00e9s.<\/p>\n<p><a href=\"https:\/\/photos.app.goo.gl\/EzfPVEnrZh93fgYaA\"><img loading=\"lazy\" decoding=\"async\" class=\"alignnone wp-image-6092\" src=\"https:\/\/agora.xtec.cat\/ceipserraihunter\/wp-content\/uploads\/usu1493\/2023\/03\/IMG_20230321_1002231-300x225.jpg\" alt=\"\" width=\"206\" height=\"155\" srcset=\"https:\/\/agora.xtec.cat\/ceipserraihunter\/wp-content\/uploads\/usu1493\/2023\/03\/IMG_20230321_1002231-300x225.jpg 300w, https:\/\/agora.xtec.cat\/ceipserraihunter\/wp-content\/uploads\/usu1493\/2023\/03\/IMG_20230321_1002231-1024x768.jpg 1024w, https:\/\/agora.xtec.cat\/ceipserraihunter\/wp-content\/uploads\/usu1493\/2023\/03\/IMG_20230321_1002231-768x576.jpg 768w, https:\/\/agora.xtec.cat\/ceipserraihunter\/wp-content\/uploads\/usu1493\/2023\/03\/IMG_20230321_1002231-1536x1152.jpg 1536w, https:\/\/agora.xtec.cat\/ceipserraihunter\/wp-content\/uploads\/usu1493\/2023\/03\/IMG_20230321_1002231-2048x1536.jpg 2048w, https:\/\/agora.xtec.cat\/ceipserraihunter\/wp-content\/uploads\/usu1493\/2023\/03\/IMG_20230321_1002231-200x150.jpg 200w\" sizes=\"auto, (max-width: 206px) 100vw, 206px\" \/>\u00a0<\/a><\/p>\n<p>Tamb\u00e9 us deixem un v\u00eddeo de la seva vida i obra (adaptat pels m\u00e9s petits) per si la voleu con\u00e8ixer.<\/p>\n<p><a href=\"https:\/\/www.youtube.com\/watch?v=WfUkEHweTcM\"><img loading=\"lazy\" decoding=\"async\" class=\"alignnone wp-image-6093\" src=\"https:\/\/agora.xtec.cat\/ceipserraihunter\/wp-content\/uploads\/usu1493\/2023\/03\/CONTE-KUSAMA-PDF-300x212.jpg\" alt=\"\" width=\"180\" height=\"127\" srcset=\"https:\/\/agora.xtec.cat\/ceipserraihunter\/wp-content\/uploads\/usu1493\/2023\/03\/CONTE-KUSAMA-PDF-300x212.jpg 300w, https:\/\/agora.xtec.cat\/ceipserraihunter\/wp-content\/uploads\/usu1493\/2023\/03\/CONTE-KUSAMA-PDF-1024x724.jpg 1024w, https:\/\/agora.xtec.cat\/ceipserraihunter\/wp-content\/uploads\/usu1493\/2023\/03\/CONTE-KUSAMA-PDF-768x543.jpg 768w, https:\/\/agora.xtec.cat\/ceipserraihunter\/wp-content\/uploads\/usu1493\/2023\/03\/CONTE-KUSAMA-PDF-1536x1086.jpg 1536w, https:\/\/agora.xtec.cat\/ceipserraihunter\/wp-content\/uploads\/usu1493\/2023\/03\/CONTE-KUSAMA-PDF.jpg 2000w\" sizes=\"auto, (max-width: 180px) 100vw, 180px\" \/><\/a><\/p>\n<p>&nbsp;<\/p>\n","protected":false},"excerpt":{"rendered":"<p>Aquestes setmanes a I3 hem conegut a la Yayoi Kusama, una artista japonesa i encara viva, que va ser un referent art\u00edstic en el moviment de l&#8217;art contemporani, l&#8217;art pop i el minimalisme.<br \/>\nDescobrim la seva obra, on els colors i els &#8220;punts&#8221; s\u00f3n els protagonistes.&hellip;  <a href=\"https:\/\/agora.xtec.cat\/ceipserraihunter\/general\/yayoi-kusama-a-i3\/\" title=\"Read YAYOI KUSAMA A I3\">Llegeix m\u00e9s\u00bb<\/a><\/p>\n","protected":false},"author":7,"featured_media":0,"comment_status":"open","ping_status":"closed","sticky":false,"template":"","format":"standard","meta":{"_bbp_topic_count":0,"_bbp_reply_count":0,"_bbp_total_topic_count":0,"_bbp_total_reply_count":0,"_bbp_voice_count":0,"_bbp_anonymous_reply_count":0,"_bbp_topic_count_hidden":0,"_bbp_reply_count_hidden":0,"_bbp_forum_subforum_count":0,"footnotes":""},"categories":[217,1,2,4,258],"tags":[250,260,181,155,267],"class_list":["post-6091","post","type-post","status-publish","format-standard","hentry","category-equip-de-petits","category-general","category-infantil","category-portada","category-promocio-22-31","tag-art","tag-curs-22-23","tag-equip-de-petits","tag-p3","tag-promocio-2022-2031"],"post_mailing_queue_ids":[],"_links":{"self":[{"href":"https:\/\/agora.xtec.cat\/ceipserraihunter\/wp-json\/wp\/v2\/posts\/6091","targetHints":{"allow":["GET"]}}],"collection":[{"href":"https:\/\/agora.xtec.cat\/ceipserraihunter\/wp-json\/wp\/v2\/posts"}],"about":[{"href":"https:\/\/agora.xtec.cat\/ceipserraihunter\/wp-json\/wp\/v2\/types\/post"}],"author":[{"embeddable":true,"href":"https:\/\/agora.xtec.cat\/ceipserraihunter\/wp-json\/wp\/v2\/users\/7"}],"replies":[{"embeddable":true,"href":"https:\/\/agora.xtec.cat\/ceipserraihunter\/wp-json\/wp\/v2\/comments?post=6091"}],"version-history":[{"count":2,"href":"https:\/\/agora.xtec.cat\/ceipserraihunter\/wp-json\/wp\/v2\/posts\/6091\/revisions"}],"predecessor-version":[{"id":6095,"href":"https:\/\/agora.xtec.cat\/ceipserraihunter\/wp-json\/wp\/v2\/posts\/6091\/revisions\/6095"}],"wp:attachment":[{"href":"https:\/\/agora.xtec.cat\/ceipserraihunter\/wp-json\/wp\/v2\/media?parent=6091"}],"wp:term":[{"taxonomy":"category","embeddable":true,"href":"https:\/\/agora.xtec.cat\/ceipserraihunter\/wp-json\/wp\/v2\/categories?post=6091"},{"taxonomy":"post_tag","embeddable":true,"href":"https:\/\/agora.xtec.cat\/ceipserraihunter\/wp-json\/wp\/v2\/tags?post=6091"}],"curies":[{"name":"wp","href":"https:\/\/api.w.org\/{rel}","templated":true}]}}