{"id":10794,"date":"2021-10-01T11:02:52","date_gmt":"2021-10-01T09:02:52","guid":{"rendered":"https:\/\/agora.xtec.cat\/ceipsegimoncomas\/?p=10794"},"modified":"2021-10-01T17:24:38","modified_gmt":"2021-10-01T15:24:38","slug":"dia-europeu-de-les-llengues-26-09-2021","status":"publish","type":"post","link":"https:\/\/agora.xtec.cat\/ceipsegimoncomas\/portada\/dia-europeu-de-les-llengues-26-09-2021\/","title":{"rendered":"DIA EUROPEU DE LES LLENG\u00dcES (26\/09\/2021)"},"content":{"rendered":"<figure class=\"figure wp-caption aligncenter\"><a href=\"https:\/\/agora.xtec.cat\/ceipsegimoncomas\/wp-content\/uploads\/usu388\/2021\/10\/20211001_171223.jpg\"><img loading=\"lazy\" decoding=\"async\" class=\"size-medium wp-image-10799\" src=\"https:\/\/agora.xtec.cat\/ceipsegimoncomas\/wp-content\/uploads\/usu388\/2021\/10\/20211001_171223-300x169.jpg\" alt=\"Arbre de les lleng\u00fces d'Europa\" width=\"300\" height=\"169\" srcset=\"https:\/\/agora.xtec.cat\/ceipsegimoncomas\/wp-content\/uploads\/usu388\/2021\/10\/20211001_171223-300x169.jpg 300w, https:\/\/agora.xtec.cat\/ceipsegimoncomas\/wp-content\/uploads\/usu388\/2021\/10\/20211001_171223-1024x576.jpg 1024w, https:\/\/agora.xtec.cat\/ceipsegimoncomas\/wp-content\/uploads\/usu388\/2021\/10\/20211001_171223-768x432.jpg 768w, https:\/\/agora.xtec.cat\/ceipsegimoncomas\/wp-content\/uploads\/usu388\/2021\/10\/20211001_171223-1536x864.jpg 1536w, https:\/\/agora.xtec.cat\/ceipsegimoncomas\/wp-content\/uploads\/usu388\/2021\/10\/20211001_171223.jpg 2048w\" sizes=\"auto, (max-width: 300px) 100vw, 300px\" \/><\/a><figcaption class=\"wp-caption-text\">Arbre de les lleng\u00fces d&#8217;Europa<\/figcaption><\/figure>\n<p><a href=\"https:\/\/agora.xtec.cat\/ceipsegimoncomas\/wp-content\/uploads\/usu388\/2021\/10\/language-tree-ES.pdf\">language tree-ES<\/a><\/p>\n<p>A la classe de 4t hem treballat el conte de les lleng\u00fces europees que han publicat a la <a href=\"https:\/\/edl.ecml.at\/Home\/tabid\/1455\/language\/ca-ES\/Default.aspx\">p\u00e0gina web oficial del Dia Europeu de les Lleng\u00fces<\/a>.<\/p>\n<p>Hem conegut lleng\u00fces que no hav\u00edem vist mai, algunes escrites amb diferents alfabets, i tamb\u00e9 les seves fam\u00edlies representades en l&#8217;arbre de les lleng\u00fces.<\/p>\n<p>Aqu\u00ed us deixem els nostres comentaris.<\/p>\n","protected":false},"excerpt":{"rendered":"<p>Arbre de les lleng\u00fces europees&hellip;  <a href=\"https:\/\/agora.xtec.cat\/ceipsegimoncomas\/portada\/dia-europeu-de-les-llengues-26-09-2021\/\" title=\"Read DIA EUROPEU DE LES LLENG\u00dcES (26\/09\/2021)\">Llegeix m\u00e9s\u00bb<\/a><\/p>\n","protected":false},"author":1,"featured_media":10799,"comment_status":"open","ping_status":"closed","sticky":false,"template":"","format":"standard","meta":{"_bbp_topic_count":0,"_bbp_reply_count":0,"_bbp_total_topic_count":0,"_bbp_total_reply_count":0,"_bbp_voice_count":0,"_bbp_anonymous_reply_count":0,"_bbp_topic_count_hidden":0,"_bbp_reply_count_hidden":0,"_bbp_forum_subforum_count":0,"footnotes":""},"categories":[43,30,4],"tags":[86,98],"class_list":["post-10794","post","type-post","status-publish","format-standard","has-post-thumbnail","hentry","category-quart","category-cicle_mitja","category-portada","tag-4t","tag-activitats"],"post_mailing_queue_ids":[],"_links":{"self":[{"href":"https:\/\/agora.xtec.cat\/ceipsegimoncomas\/wp-json\/wp\/v2\/posts\/10794","targetHints":{"allow":["GET"]}}],"collection":[{"href":"https:\/\/agora.xtec.cat\/ceipsegimoncomas\/wp-json\/wp\/v2\/posts"}],"about":[{"href":"https:\/\/agora.xtec.cat\/ceipsegimoncomas\/wp-json\/wp\/v2\/types\/post"}],"author":[{"embeddable":true,"href":"https:\/\/agora.xtec.cat\/ceipsegimoncomas\/wp-json\/wp\/v2\/users\/1"}],"replies":[{"embeddable":true,"href":"https:\/\/agora.xtec.cat\/ceipsegimoncomas\/wp-json\/wp\/v2\/comments?post=10794"}],"version-history":[{"count":3,"href":"https:\/\/agora.xtec.cat\/ceipsegimoncomas\/wp-json\/wp\/v2\/posts\/10794\/revisions"}],"predecessor-version":[{"id":10803,"href":"https:\/\/agora.xtec.cat\/ceipsegimoncomas\/wp-json\/wp\/v2\/posts\/10794\/revisions\/10803"}],"wp:featuredmedia":[{"embeddable":true,"href":"https:\/\/agora.xtec.cat\/ceipsegimoncomas\/wp-json\/wp\/v2\/media\/10799"}],"wp:attachment":[{"href":"https:\/\/agora.xtec.cat\/ceipsegimoncomas\/wp-json\/wp\/v2\/media?parent=10794"}],"wp:term":[{"taxonomy":"category","embeddable":true,"href":"https:\/\/agora.xtec.cat\/ceipsegimoncomas\/wp-json\/wp\/v2\/categories?post=10794"},{"taxonomy":"post_tag","embeddable":true,"href":"https:\/\/agora.xtec.cat\/ceipsegimoncomas\/wp-json\/wp\/v2\/tags?post=10794"}],"curies":[{"name":"wp","href":"https:\/\/api.w.org\/{rel}","templated":true}]}}