{"id":928,"date":"2019-06-04T13:26:15","date_gmt":"2019-06-04T11:26:15","guid":{"rendered":"http:\/\/agora.xtec.cat\/ceipsantsalvador\/?p=928"},"modified":"2019-06-04T13:26:58","modified_gmt":"2019-06-04T11:26:58","slug":"fem-sonar-la-patum","status":"publish","type":"post","link":"https:\/\/agora.xtec.cat\/ceipsantsalvador\/portada\/fem-sonar-la-patum\/","title":{"rendered":"Fem sonar la Patum!"},"content":{"rendered":"<p><a href=\"https:\/\/agora.xtec.cat\/ceipsantsalvador\/wp-content\/uploads\/usu1858\/2019\/06\/IMG_20190601_115056.jpg\"><img loading=\"lazy\" decoding=\"async\" class=\"size-large wp-image-929 aligncenter\" src=\"https:\/\/agora.xtec.cat\/ceipsantsalvador\/wp-content\/uploads\/usu1858\/2019\/06\/IMG_20190601_115056-1024x484.jpg\" alt=\"\" width=\"1024\" height=\"484\" srcset=\"https:\/\/agora.xtec.cat\/ceipsantsalvador\/wp-content\/uploads\/usu1858\/2019\/06\/IMG_20190601_115056-1024x484.jpg 1024w, https:\/\/agora.xtec.cat\/ceipsantsalvador\/wp-content\/uploads\/usu1858\/2019\/06\/IMG_20190601_115056-300x142.jpg 300w, https:\/\/agora.xtec.cat\/ceipsantsalvador\/wp-content\/uploads\/usu1858\/2019\/06\/IMG_20190601_115056-768x363.jpg 768w, https:\/\/agora.xtec.cat\/ceipsantsalvador\/wp-content\/uploads\/usu1858\/2019\/06\/IMG_20190601_115056.jpg 1296w\" sizes=\"auto, (max-width: 1024px) 100vw, 1024px\" \/><\/a><\/p>\n<p>Dissabte passat vam anar a Berga a mostrar a tothom, juntament amb les altres escoles que participen al projecte dels Superfilharm\u00f2nics, tot el que hem apr\u00e8s al llarg d&#8217;aquest curs.<\/p>\n<p>Vam arribar a 2\/4 de 10 i els nervis ja es comen\u00e7aven a respirar durant tot l&#8217;assaig que vam fer. Tot i aquelles papallones a l&#8217;est\u00f3mac, ens vam asserenar i a les 12 en punt va comen\u00e7ar el concert.<\/p>\n<p>Malgrat que el sol va ser-hi molt present (feia molta calor) el concert va ser tot un \u00e8xit i les sensacions del p\u00fablic van ser molt bones.<\/p>\n<p>Estem molt contents de la feina feta!<\/p>\n<p>P.D. No ho volen recon\u00e8ixer, per\u00f2 tots els mestres de l&#8217;escola que toquen per Patum ja veuen perillar el seu lloc al &#8220;tabladu&#8221; dels m\u00fasics&#8230;<\/p>\n<p>Aqu\u00ed us deixem totes les <a href=\"https:\/\/drive.google.com\/drive\/folders\/129Cz_4YC3YXqhSJZ2Zd-L4PI5YQYoKH6?usp=sharing\" target=\"_blank\" rel=\"noopener noreferrer\">fotos<\/a> del concert i <a href=\"https:\/\/www.naciodigital.cat\/bergueda\/noticia\/17049\/video\/superfilharmonics\/fan\/sonar\/patum\/placa\/sant\/pere\" target=\"_blank\" rel=\"noopener noreferrer\">la not\u00edcia d&#8217;un diari digital<\/a>.<\/p>\n","protected":false},"excerpt":{"rendered":"<p>Cr\u00f2nica del concert dels Superfilharm\u00f2nics a Berga&hellip;  <a href=\"https:\/\/agora.xtec.cat\/ceipsantsalvador\/portada\/fem-sonar-la-patum\/\" title=\"Read Fem sonar la Patum!\">Llegeix m\u00e9s\u00bb<\/a><\/p>\n","protected":false},"author":1,"featured_media":929,"comment_status":"open","ping_status":"closed","sticky":false,"template":"","format":"standard","meta":{"_bbp_topic_count":0,"_bbp_reply_count":0,"_bbp_total_topic_count":0,"_bbp_total_reply_count":0,"_bbp_voice_count":0,"_bbp_anonymous_reply_count":0,"_bbp_topic_count_hidden":0,"_bbp_reply_count_hidden":0,"_bbp_forum_subforum_count":0,"footnotes":""},"categories":[12,13,14,15,4,5],"tags":[],"class_list":["post-928","post","type-post","status-publish","format-standard","has-post-thumbnail","hentry","category-3r","category-4t","category-5e","category-6e","category-portada","category-primaria"],"post_mailing_queue_ids":[],"_links":{"self":[{"href":"https:\/\/agora.xtec.cat\/ceipsantsalvador\/wp-json\/wp\/v2\/posts\/928","targetHints":{"allow":["GET"]}}],"collection":[{"href":"https:\/\/agora.xtec.cat\/ceipsantsalvador\/wp-json\/wp\/v2\/posts"}],"about":[{"href":"https:\/\/agora.xtec.cat\/ceipsantsalvador\/wp-json\/wp\/v2\/types\/post"}],"author":[{"embeddable":true,"href":"https:\/\/agora.xtec.cat\/ceipsantsalvador\/wp-json\/wp\/v2\/users\/1"}],"replies":[{"embeddable":true,"href":"https:\/\/agora.xtec.cat\/ceipsantsalvador\/wp-json\/wp\/v2\/comments?post=928"}],"version-history":[{"count":2,"href":"https:\/\/agora.xtec.cat\/ceipsantsalvador\/wp-json\/wp\/v2\/posts\/928\/revisions"}],"predecessor-version":[{"id":931,"href":"https:\/\/agora.xtec.cat\/ceipsantsalvador\/wp-json\/wp\/v2\/posts\/928\/revisions\/931"}],"wp:featuredmedia":[{"embeddable":true,"href":"https:\/\/agora.xtec.cat\/ceipsantsalvador\/wp-json\/wp\/v2\/media\/929"}],"wp:attachment":[{"href":"https:\/\/agora.xtec.cat\/ceipsantsalvador\/wp-json\/wp\/v2\/media?parent=928"}],"wp:term":[{"taxonomy":"category","embeddable":true,"href":"https:\/\/agora.xtec.cat\/ceipsantsalvador\/wp-json\/wp\/v2\/categories?post=928"},{"taxonomy":"post_tag","embeddable":true,"href":"https:\/\/agora.xtec.cat\/ceipsantsalvador\/wp-json\/wp\/v2\/tags?post=928"}],"curies":[{"name":"wp","href":"https:\/\/api.w.org\/{rel}","templated":true}]}}