{"id":911,"date":"2019-05-23T12:16:31","date_gmt":"2019-05-23T10:16:31","guid":{"rendered":"http:\/\/agora.xtec.cat\/ceipsantsalvador\/?p=911"},"modified":"2019-05-24T12:38:37","modified_gmt":"2019-05-24T10:38:37","slug":"menjars-del-mon-setmana-de-la-salut-a-1r-i-2n","status":"publish","type":"post","link":"https:\/\/agora.xtec.cat\/ceipsantsalvador\/general\/menjars-del-mon-setmana-de-la-salut-a-1r-i-2n\/","title":{"rendered":"Menjars del m\u00f3n (Setmana de la salut a 1r i 2n)"},"content":{"rendered":"<p><a href=\"https:\/\/agora.xtec.cat\/ceipsantsalvador\/wp-content\/uploads\/usu1858\/2019\/05\/IMG_20190523_092015.jpg\"><br \/>\n<img loading=\"lazy\" decoding=\"async\" class=\" wp-image-912 aligncenter\" src=\"https:\/\/agora.xtec.cat\/ceipsantsalvador\/wp-content\/uploads\/usu1858\/2019\/05\/IMG_20190523_092015-1024x484.jpg\" alt=\"\" width=\"789\" height=\"373\" srcset=\"https:\/\/agora.xtec.cat\/ceipsantsalvador\/wp-content\/uploads\/usu1858\/2019\/05\/IMG_20190523_092015-1024x484.jpg 1024w, https:\/\/agora.xtec.cat\/ceipsantsalvador\/wp-content\/uploads\/usu1858\/2019\/05\/IMG_20190523_092015-300x142.jpg 300w, https:\/\/agora.xtec.cat\/ceipsantsalvador\/wp-content\/uploads\/usu1858\/2019\/05\/IMG_20190523_092015-768x363.jpg 768w\" sizes=\"auto, (max-width: 789px) 100vw, 789px\" \/><\/a><\/p>\n<p>Salut a tothom!<\/p>\n<p>Tota l&#8217;escola estem fent el Projecte de la salut durant aquesta setmana i la classe de primer i segon hem relacionat el menjar amb aquest tema. Hem aprofitat que a la nostra classe tenim fam\u00edlies de diferents parts del m\u00f3n, i aix\u00ed hem pogut con\u00e8ixer receptes de menjars t\u00edpics de diferents pa\u00efsos. Els llocs han estat els seg\u00fcents: Catalunya, Fran\u00e7a, Anglaterra, R\u00fassia, Rep\u00fablica Dominicana i Honduras. Ens ha anat molt b\u00e9 poder parlar dels ingredients que porta cada plat, per observar si s\u00f3n saludables o no.<\/p>\n<p>Ja que l&#8217;alimentaci\u00f3 \u00e9s SALUT.<\/p>\n<p>Moltes gr\u00e0cies families per la vostra col\u00b7laboraci\u00f3.<\/p>\n<p>Aqu\u00ed teniu <a href=\"https:\/\/drive.google.com\/drive\/folders\/1-vg8IjUCXxgFz98R0L1seS70bwZAtEOL?usp=sharing\" target=\"_blank\" rel=\"noopener noreferrer\">les fotos<\/a>!<\/p>\n","protected":false},"excerpt":{"rendered":"<p>Us expliquem el nostre projecte de Salut!&hellip;  <a href=\"https:\/\/agora.xtec.cat\/ceipsantsalvador\/general\/menjars-del-mon-setmana-de-la-salut-a-1r-i-2n\/\" title=\"Read Menjars del m\u00f3n (Setmana de la salut a 1r i 2n)\">Llegeix m\u00e9s\u00bb<\/a><\/p>\n","protected":false},"author":1,"featured_media":912,"comment_status":"open","ping_status":"closed","sticky":false,"template":"","format":"standard","meta":{"_bbp_topic_count":0,"_bbp_reply_count":0,"_bbp_total_topic_count":0,"_bbp_total_reply_count":0,"_bbp_voice_count":0,"_bbp_anonymous_reply_count":0,"_bbp_topic_count_hidden":0,"_bbp_reply_count_hidden":0,"_bbp_forum_subforum_count":0,"footnotes":""},"categories":[10,11,1,4],"tags":[],"class_list":["post-911","post","type-post","status-publish","format-standard","has-post-thumbnail","hentry","category-1r","category-2n","category-general","category-portada"],"post_mailing_queue_ids":[],"_links":{"self":[{"href":"https:\/\/agora.xtec.cat\/ceipsantsalvador\/wp-json\/wp\/v2\/posts\/911","targetHints":{"allow":["GET"]}}],"collection":[{"href":"https:\/\/agora.xtec.cat\/ceipsantsalvador\/wp-json\/wp\/v2\/posts"}],"about":[{"href":"https:\/\/agora.xtec.cat\/ceipsantsalvador\/wp-json\/wp\/v2\/types\/post"}],"author":[{"embeddable":true,"href":"https:\/\/agora.xtec.cat\/ceipsantsalvador\/wp-json\/wp\/v2\/users\/1"}],"replies":[{"embeddable":true,"href":"https:\/\/agora.xtec.cat\/ceipsantsalvador\/wp-json\/wp\/v2\/comments?post=911"}],"version-history":[{"count":3,"href":"https:\/\/agora.xtec.cat\/ceipsantsalvador\/wp-json\/wp\/v2\/posts\/911\/revisions"}],"predecessor-version":[{"id":920,"href":"https:\/\/agora.xtec.cat\/ceipsantsalvador\/wp-json\/wp\/v2\/posts\/911\/revisions\/920"}],"wp:featuredmedia":[{"embeddable":true,"href":"https:\/\/agora.xtec.cat\/ceipsantsalvador\/wp-json\/wp\/v2\/media\/912"}],"wp:attachment":[{"href":"https:\/\/agora.xtec.cat\/ceipsantsalvador\/wp-json\/wp\/v2\/media?parent=911"}],"wp:term":[{"taxonomy":"category","embeddable":true,"href":"https:\/\/agora.xtec.cat\/ceipsantsalvador\/wp-json\/wp\/v2\/categories?post=911"},{"taxonomy":"post_tag","embeddable":true,"href":"https:\/\/agora.xtec.cat\/ceipsantsalvador\/wp-json\/wp\/v2\/tags?post=911"}],"curies":[{"name":"wp","href":"https:\/\/api.w.org\/{rel}","templated":true}]}}