{"id":841,"date":"2019-03-11T10:41:52","date_gmt":"2019-03-11T09:41:52","guid":{"rendered":"http:\/\/agora.xtec.cat\/ceipsantsalvador\/?p=841"},"modified":"2019-03-11T10:42:23","modified_gmt":"2019-03-11T09:42:23","slug":"retorn-a-lhort-de-cicle-inicial","status":"publish","type":"post","link":"https:\/\/agora.xtec.cat\/ceipsantsalvador\/general\/retorn-a-lhort-de-cicle-inicial\/","title":{"rendered":"Retorn a l&#8217;hort de cicle inicial"},"content":{"rendered":"<p>Feia uns mesos que no an\u00e0vem a l&#8217;hort, en concret des de la tardor, que vam recollir les verdures que havien crescut durant les vacances d&#8217;estiu.<br \/>\nFa uns dies ens va venir de gust tornar a trepitjar la terra. De cop vam veure que les maduixeres estaven seques i moltes de les plantes que hi havia a l&#8217;estiu ja no hi eren. Qu\u00e8 passa a l&#8217;hivern? Podem plantar alguna cosa quan fa fred?&#8230; Ens van venir al cap moltes preguntes i va ser el moment de demanar ajuda a un aut\u00e8ntic coneixedor de l&#8217;hort, a en Joan, l&#8217;avi del Pau Escudero.<\/p>\n<p><a href=\"https:\/\/drive.google.com\/drive\/folders\/1uWO559C_BaAAOUfjSi9berTaehyUso10?usp=sharing\" target=\"_blank\" rel=\"attachment noopener wp-att-843\"><img loading=\"lazy\" decoding=\"async\" class=\"aligncenter wp-image-843\" src=\"https:\/\/agora.xtec.cat\/ceipsantsalvador\/wp-content\/uploads\/usu1858\/2019\/03\/escudero.jpg\" alt=\"\" width=\"447\" height=\"336\" srcset=\"https:\/\/agora.xtec.cat\/ceipsantsalvador\/wp-content\/uploads\/usu1858\/2019\/03\/escudero.jpg 1900w, https:\/\/agora.xtec.cat\/ceipsantsalvador\/wp-content\/uploads\/usu1858\/2019\/03\/escudero-300x225.jpg 300w, https:\/\/agora.xtec.cat\/ceipsantsalvador\/wp-content\/uploads\/usu1858\/2019\/03\/escudero-768x576.jpg 768w, https:\/\/agora.xtec.cat\/ceipsantsalvador\/wp-content\/uploads\/usu1858\/2019\/03\/escudero-1024x768.jpg 1024w, https:\/\/agora.xtec.cat\/ceipsantsalvador\/wp-content\/uploads\/usu1858\/2019\/03\/escudero-200x150.jpg 200w\" sizes=\"auto, (max-width: 447px) 100vw, 447px\" \/><\/a><br \/>\nEll ens va explicar tot el que pod\u00edem plantar i com fer-ho. A part ens va portar una sorpresa, unes patates per fer-les cr\u00e9ixer.<br \/>\nLa classe vam pensar que potser la floristeria de Cercs tindria planter, els vam trucar i l&#8217;\u00c0ngels, la mestressa del negoci, ens va dir que en tenien. R\u00e0pidament vam concertar una cita per anar-hi amb tota la classe.<br \/>\nEl divendres de la setmana passada vam baixar tots a Cercs. Un cop arribats a la floristeria, l&#8217;\u00c0ngels ens va ensenyar tot el planter que tenia per vendre. All\u00e0 mateix i entre tots vam decidir qu\u00e8 comprar. Un cop tot triat i amb l&#8217;ajuda de l&#8217;\u00c0ngels vam fer els c\u00e0lculs del qu\u00e8 hav\u00edem de pagar. Ens va felicitar per la nostra iniciativa i ens va regalar algunes llavors de mongetes i p\u00e8sols.<\/p>\n<p><a href=\"https:\/\/drive.google.com\/drive\/folders\/1-UoaGdwMuwNuLaCsPs-d2bAAR6Jumooc?usp=sharing\" target=\"_blank\" rel=\"attachment noopener wp-att-844\"><img loading=\"lazy\" decoding=\"async\" class=\"aligncenter wp-image-844\" src=\"https:\/\/agora.xtec.cat\/ceipsantsalvador\/wp-content\/uploads\/usu1858\/2019\/03\/Planter.jpg\" alt=\"\" width=\"450\" height=\"337\" srcset=\"https:\/\/agora.xtec.cat\/ceipsantsalvador\/wp-content\/uploads\/usu1858\/2019\/03\/Planter.jpg 2400w, https:\/\/agora.xtec.cat\/ceipsantsalvador\/wp-content\/uploads\/usu1858\/2019\/03\/Planter-300x225.jpg 300w, https:\/\/agora.xtec.cat\/ceipsantsalvador\/wp-content\/uploads\/usu1858\/2019\/03\/Planter-768x576.jpg 768w, https:\/\/agora.xtec.cat\/ceipsantsalvador\/wp-content\/uploads\/usu1858\/2019\/03\/Planter-1024x768.jpg 1024w, https:\/\/agora.xtec.cat\/ceipsantsalvador\/wp-content\/uploads\/usu1858\/2019\/03\/Planter-200x150.jpg 200w\" sizes=\"auto, (max-width: 450px) 100vw, 450px\" \/><\/a><br \/>\nHem quedat que dem\u00e0 ens dur\u00e0 la nostra compra a l&#8217;escola i vindr\u00e0 el &#8220;Marcel\u00b7lino&#8221;, l&#8217;avi del Mart\u00ed i la Maria, que ens ajudar\u00e0 a plantar-ho tot.<\/p>\n<p>(Si voleu veure m\u00e9s fotos de les activitats, cliqueu a les imatges de dalt)<\/p>\n<p>La classe de primer i segon.<\/p>\n","protected":false},"excerpt":{"rendered":"<p>Les nenes i els nens de primer i segon tornem a l&#8217;hort!<br \/>\n<img loading=\"lazy\" decoding=\"async\" class=\"aligncenter wp-image-843\" src=\"https:\/\/agora.xtec.cat\/ceipsantsalvador\/wp-content\/uploads\/usu1858\/2019\/03\/escudero.jpg\" alt=\"\" width=\"447\" height=\"336\" srcset=\"https:\/\/agora.xtec.cat\/ceipsantsalvador\/wp-content\/uploads\/usu1858\/2019\/03\/escudero.jpg 1900w, https:\/\/agora.xtec.cat\/ceipsantsalvador\/wp-content\/uploads\/usu1858\/2019\/03\/escudero-300x225.jpg 300w, https:\/\/agora.xtec.cat\/ceipsantsalvador\/wp-content\/uploads\/usu1858\/2019\/03\/escudero-768x576.jpg 768w, https:\/\/agora.xtec.cat\/ceipsantsalvador\/wp-content\/uploads\/usu1858\/2019\/03\/escudero-1024x768.jpg 1024w, https:\/\/agora.xtec.cat\/ceipsantsalvador\/wp-content\/uploads\/usu1858\/2019\/03\/escudero-200x150.jpg 200w\" sizes=\"auto, (max-width: 447px) 100vw, 447px\" \/>&hellip;  <a href=\"https:\/\/agora.xtec.cat\/ceipsantsalvador\/general\/retorn-a-lhort-de-cicle-inicial\/\" title=\"Read Retorn a l&#8217;hort de cicle inicial\">Llegeix m\u00e9s\u00bb<\/a><\/p>\n","protected":false},"author":3,"featured_media":0,"comment_status":"open","ping_status":"closed","sticky":false,"template":"","format":"standard","meta":{"_bbp_topic_count":0,"_bbp_reply_count":0,"_bbp_total_topic_count":0,"_bbp_total_reply_count":0,"_bbp_voice_count":0,"_bbp_anonymous_reply_count":0,"_bbp_topic_count_hidden":0,"_bbp_reply_count_hidden":0,"_bbp_forum_subforum_count":0,"footnotes":""},"categories":[10,11,1,4,5],"tags":[],"class_list":["post-841","post","type-post","status-publish","format-standard","hentry","category-1r","category-2n","category-general","category-portada","category-primaria"],"post_mailing_queue_ids":[],"_links":{"self":[{"href":"https:\/\/agora.xtec.cat\/ceipsantsalvador\/wp-json\/wp\/v2\/posts\/841","targetHints":{"allow":["GET"]}}],"collection":[{"href":"https:\/\/agora.xtec.cat\/ceipsantsalvador\/wp-json\/wp\/v2\/posts"}],"about":[{"href":"https:\/\/agora.xtec.cat\/ceipsantsalvador\/wp-json\/wp\/v2\/types\/post"}],"author":[{"embeddable":true,"href":"https:\/\/agora.xtec.cat\/ceipsantsalvador\/wp-json\/wp\/v2\/users\/3"}],"replies":[{"embeddable":true,"href":"https:\/\/agora.xtec.cat\/ceipsantsalvador\/wp-json\/wp\/v2\/comments?post=841"}],"version-history":[{"count":3,"href":"https:\/\/agora.xtec.cat\/ceipsantsalvador\/wp-json\/wp\/v2\/posts\/841\/revisions"}],"predecessor-version":[{"id":848,"href":"https:\/\/agora.xtec.cat\/ceipsantsalvador\/wp-json\/wp\/v2\/posts\/841\/revisions\/848"}],"wp:attachment":[{"href":"https:\/\/agora.xtec.cat\/ceipsantsalvador\/wp-json\/wp\/v2\/media?parent=841"}],"wp:term":[{"taxonomy":"category","embeddable":true,"href":"https:\/\/agora.xtec.cat\/ceipsantsalvador\/wp-json\/wp\/v2\/categories?post=841"},{"taxonomy":"post_tag","embeddable":true,"href":"https:\/\/agora.xtec.cat\/ceipsantsalvador\/wp-json\/wp\/v2\/tags?post=841"}],"curies":[{"name":"wp","href":"https:\/\/api.w.org\/{rel}","templated":true}]}}