{"id":803,"date":"2019-02-14T15:34:45","date_gmt":"2019-02-14T14:34:45","guid":{"rendered":"http:\/\/agora.xtec.cat\/ceipsantsalvador\/?p=803"},"modified":"2019-02-14T15:41:32","modified_gmt":"2019-02-14T14:41:32","slug":"lhora-del-conte","status":"publish","type":"post","link":"https:\/\/agora.xtec.cat\/ceipsantsalvador\/general\/lhora-del-conte\/","title":{"rendered":"L&#8217;HORA DEL CONTE"},"content":{"rendered":"<p>De tant en tant a la biblioteca de l&#8217;escola alguns nens i nenes ens expliquen un conte.\u00a0Ahir l&#8217;Andrea i la N\u00faria ens van explicar &#8221; El mocador m\u00e0gic&#8221;, que \u00e9s un conte que ens parla del c\u00e0ncer.<\/p>\n<p>Moltes gr\u00e0cies, noies.<\/p>\n<p><iframe loading=\"lazy\" title=\"El mocador m\u00e0gic\" width=\"500\" height=\"281\" src=\"https:\/\/www.youtube.com\/embed\/3qC_pYYWXpw?feature=oembed\" frameborder=\"0\" allow=\"accelerometer; autoplay; clipboard-write; encrypted-media; gyroscope; picture-in-picture; web-share\" referrerpolicy=\"strict-origin-when-cross-origin\" allowfullscreen><\/iframe><\/p>\n","protected":false},"excerpt":{"rendered":"<p>De tant en tant a la biblioteca de l&#8217;escola alguns nens i nenes ens expliquen un conte.\u00a0Ahir l&#8217;Andrea i la N\u00faria ens van explicar &#8221; El mocador m\u00e0gic&#8221;, que \u00e9s un conte que ens parla del c\u00e0ncer.<br \/>\nMoltes gr\u00e0cies, noies.<\/p>\n","protected":false},"author":1,"featured_media":0,"comment_status":"open","ping_status":"closed","sticky":false,"template":"","format":"standard","meta":{"_bbp_topic_count":0,"_bbp_reply_count":0,"_bbp_total_topic_count":0,"_bbp_total_reply_count":0,"_bbp_voice_count":0,"_bbp_anonymous_reply_count":0,"_bbp_topic_count_hidden":0,"_bbp_reply_count_hidden":0,"_bbp_forum_subforum_count":0,"footnotes":""},"categories":[1,4],"tags":[],"class_list":["post-803","post","type-post","status-publish","format-standard","hentry","category-general","category-portada"],"post_mailing_queue_ids":[],"_links":{"self":[{"href":"https:\/\/agora.xtec.cat\/ceipsantsalvador\/wp-json\/wp\/v2\/posts\/803","targetHints":{"allow":["GET"]}}],"collection":[{"href":"https:\/\/agora.xtec.cat\/ceipsantsalvador\/wp-json\/wp\/v2\/posts"}],"about":[{"href":"https:\/\/agora.xtec.cat\/ceipsantsalvador\/wp-json\/wp\/v2\/types\/post"}],"author":[{"embeddable":true,"href":"https:\/\/agora.xtec.cat\/ceipsantsalvador\/wp-json\/wp\/v2\/users\/1"}],"replies":[{"embeddable":true,"href":"https:\/\/agora.xtec.cat\/ceipsantsalvador\/wp-json\/wp\/v2\/comments?post=803"}],"version-history":[{"count":3,"href":"https:\/\/agora.xtec.cat\/ceipsantsalvador\/wp-json\/wp\/v2\/posts\/803\/revisions"}],"predecessor-version":[{"id":805,"href":"https:\/\/agora.xtec.cat\/ceipsantsalvador\/wp-json\/wp\/v2\/posts\/803\/revisions\/805"}],"wp:attachment":[{"href":"https:\/\/agora.xtec.cat\/ceipsantsalvador\/wp-json\/wp\/v2\/media?parent=803"}],"wp:term":[{"taxonomy":"category","embeddable":true,"href":"https:\/\/agora.xtec.cat\/ceipsantsalvador\/wp-json\/wp\/v2\/categories?post=803"},{"taxonomy":"post_tag","embeddable":true,"href":"https:\/\/agora.xtec.cat\/ceipsantsalvador\/wp-json\/wp\/v2\/tags?post=803"}],"curies":[{"name":"wp","href":"https:\/\/api.w.org\/{rel}","templated":true}]}}