{"id":701,"date":"2018-11-22T12:29:05","date_gmt":"2018-11-22T11:29:05","guid":{"rendered":"http:\/\/agora.xtec.cat\/ceipsantsalvador\/?p=701"},"modified":"2018-11-22T12:32:38","modified_gmt":"2018-11-22T11:32:38","slug":"els-cucs-de-compostatge","status":"publish","type":"post","link":"https:\/\/agora.xtec.cat\/ceipsantsalvador\/general\/els-cucs-de-compostatge\/","title":{"rendered":"Els cucs de compostatge"},"content":{"rendered":"<p>Des de principi de curs tenim una caixa de compostatge, per\u00f2 no ens funcionava. Vam descobrir que necessitaven ajuda dels Cucs de Calif\u00f2rnia .<\/p>\n<p>Aquests cucs es mengen totes les males herbes i les sobres de l&#8217;hort, despr\u00e9s fan caca i es crea una terra molt bona per plantar les nostres verdures.<\/p>\n<p>Ahir la Cristina, ens va portar uns quants cucs. Quan els vam veure hi va haver nens i nenes que ens van fer molt f\u00e0stic, eren petits i molt llefiscosos. Tot i aix\u00f2 els vam agafar i els vam observar b\u00e9. Els cucs de Calif\u00f2rnia:<\/p>\n<ul>\n<li>S&#8217;assemblen als cucs de terra d&#8217;aqu\u00ed, per\u00f2 s\u00f3n m\u00e9s petits.<\/li>\n<li>Si partim el cuc per la part m\u00e9s grossa i tova, surten dos cucs.<\/li>\n<li>Tenen el cos ple de ratlles.<\/li>\n<li>S\u00f3n molt tous.<\/li>\n<li>No tenen esquelet.<\/li>\n<li>&#8230;<\/li>\n<\/ul>\n<p>Un cop ja els hav\u00edem observat, els vam anar a deixar a al compostador. Ells ja estan treballant!<\/p>\n<p><a href=\"https:\/\/drive.google.com\/open?id=1-5QH5H7AARiTWUYWfKnPZtLryP5SYxGO\" target=\"_blank\" rel=\"attachment noopener wp-att-702\"><img loading=\"lazy\" decoding=\"async\" class=\"aligncenter wp-image-702\" src=\"https:\/\/agora.xtec.cat\/ceipsantsalvador\/wp-content\/uploads\/usu1858\/2018\/11\/IMG_94442.jpg\" alt=\"\" width=\"218\" height=\"291\" srcset=\"https:\/\/agora.xtec.cat\/ceipsantsalvador\/wp-content\/uploads\/usu1858\/2018\/11\/IMG_94442.jpg 1134w, https:\/\/agora.xtec.cat\/ceipsantsalvador\/wp-content\/uploads\/usu1858\/2018\/11\/IMG_94442-225x300.jpg 225w, https:\/\/agora.xtec.cat\/ceipsantsalvador\/wp-content\/uploads\/usu1858\/2018\/11\/IMG_94442-768x1024.jpg 768w\" sizes=\"auto, (max-width: 218px) 100vw, 218px\" \/><\/a><\/p>\n","protected":false},"excerpt":{"rendered":"<p><img loading=\"lazy\" decoding=\"async\" class=\"aligncenter size-full wp-image-702\" src=\"https:\/\/agora.xtec.cat\/ceipsantsalvador\/wp-content\/uploads\/usu1858\/2018\/11\/IMG_94442.jpg\" alt=\"\" width=\"1134\" height=\"1512\" srcset=\"https:\/\/agora.xtec.cat\/ceipsantsalvador\/wp-content\/uploads\/usu1858\/2018\/11\/IMG_94442.jpg 1134w, https:\/\/agora.xtec.cat\/ceipsantsalvador\/wp-content\/uploads\/usu1858\/2018\/11\/IMG_94442-225x300.jpg 225w, https:\/\/agora.xtec.cat\/ceipsantsalvador\/wp-content\/uploads\/usu1858\/2018\/11\/IMG_94442-768x1024.jpg 768w\" sizes=\"auto, (max-width: 1134px) 100vw, 1134px\" \/>&hellip;  <a href=\"https:\/\/agora.xtec.cat\/ceipsantsalvador\/general\/els-cucs-de-compostatge\/\" title=\"Read Els cucs de compostatge\">Llegeix m\u00e9s\u00bb<\/a><\/p>\n","protected":false},"author":3,"featured_media":0,"comment_status":"open","ping_status":"closed","sticky":false,"template":"","format":"standard","meta":{"_bbp_topic_count":0,"_bbp_reply_count":0,"_bbp_total_topic_count":0,"_bbp_total_reply_count":0,"_bbp_voice_count":0,"_bbp_anonymous_reply_count":0,"_bbp_topic_count_hidden":0,"_bbp_reply_count_hidden":0,"_bbp_forum_subforum_count":0,"footnotes":""},"categories":[10,11,1,4],"tags":[],"class_list":["post-701","post","type-post","status-publish","format-standard","hentry","category-1r","category-2n","category-general","category-portada"],"post_mailing_queue_ids":[],"_links":{"self":[{"href":"https:\/\/agora.xtec.cat\/ceipsantsalvador\/wp-json\/wp\/v2\/posts\/701","targetHints":{"allow":["GET"]}}],"collection":[{"href":"https:\/\/agora.xtec.cat\/ceipsantsalvador\/wp-json\/wp\/v2\/posts"}],"about":[{"href":"https:\/\/agora.xtec.cat\/ceipsantsalvador\/wp-json\/wp\/v2\/types\/post"}],"author":[{"embeddable":true,"href":"https:\/\/agora.xtec.cat\/ceipsantsalvador\/wp-json\/wp\/v2\/users\/3"}],"replies":[{"embeddable":true,"href":"https:\/\/agora.xtec.cat\/ceipsantsalvador\/wp-json\/wp\/v2\/comments?post=701"}],"version-history":[{"count":3,"href":"https:\/\/agora.xtec.cat\/ceipsantsalvador\/wp-json\/wp\/v2\/posts\/701\/revisions"}],"predecessor-version":[{"id":705,"href":"https:\/\/agora.xtec.cat\/ceipsantsalvador\/wp-json\/wp\/v2\/posts\/701\/revisions\/705"}],"wp:attachment":[{"href":"https:\/\/agora.xtec.cat\/ceipsantsalvador\/wp-json\/wp\/v2\/media?parent=701"}],"wp:term":[{"taxonomy":"category","embeddable":true,"href":"https:\/\/agora.xtec.cat\/ceipsantsalvador\/wp-json\/wp\/v2\/categories?post=701"},{"taxonomy":"post_tag","embeddable":true,"href":"https:\/\/agora.xtec.cat\/ceipsantsalvador\/wp-json\/wp\/v2\/tags?post=701"}],"curies":[{"name":"wp","href":"https:\/\/api.w.org\/{rel}","templated":true}]}}