{"id":674,"date":"2018-11-15T11:10:42","date_gmt":"2018-11-15T10:10:42","guid":{"rendered":"http:\/\/agora.xtec.cat\/ceipsantsalvador\/?p=674"},"modified":"2018-11-26T18:42:45","modified_gmt":"2018-11-26T17:42:45","slug":"projecte-panellets-cicle-superior","status":"publish","type":"post","link":"https:\/\/agora.xtec.cat\/ceipsantsalvador\/general\/projecte-panellets-cicle-superior\/","title":{"rendered":"PROJECTE PANELLETS CICLE SUPERIOR"},"content":{"rendered":"<p>Vam comen\u00e7ar buscant receptes de panellets per internet, en grup, un cop vam trobar la recepta, vam fer els c\u00e0lculs per fer panellets per vuitanta persones. La setmana seg\u00fcent vam anar a comprar els ingredients, per la massa: patata, ametlla m\u00f2lta i sucre i per fer els diferents tipus de panellets, vam comprar: ess\u00e8ncia de llimona, coco, cola-cao, codonyat i cireretes. A la tarda vam fer la massa dels panellets. L&#8217;endem\u00e0 vam repartir la massa i els ingredients per totes les classes, cada classe va fer els seus panellets i els van posar en safates per cuinar-los. A la tarda els vam posar en bossetes i cada nen se&#8217;ls va emportar cap a casa. Vam fer fotos de tot el proc\u00e9s i al final cada grup vam fer una autoavaluaci\u00f3.<\/p>\n<p>Joel G., Biel, \u00cdker<\/p>\n<p><strong>Per veure m\u00e9s fotos cliqueu sobre la imatge.<\/strong><\/p>\n<p><a href=\"https:\/\/drive.google.com\/drive\/folders\/1AThoY29zMHMtps1UrKYZfYxvcCFbTdCK\"><img loading=\"lazy\" decoding=\"async\" class=\"alignnone size-large wp-image-713\" src=\"https:\/\/agora.xtec.cat\/ceipsantsalvador\/wp-content\/uploads\/usu1858\/2018\/11\/fotopagwebsantsalvador-1-1024x768.jpg\" alt=\"\" width=\"1024\" height=\"768\" srcset=\"https:\/\/agora.xtec.cat\/ceipsantsalvador\/wp-content\/uploads\/usu1858\/2018\/11\/fotopagwebsantsalvador-1-1024x768.jpg 1024w, https:\/\/agora.xtec.cat\/ceipsantsalvador\/wp-content\/uploads\/usu1858\/2018\/11\/fotopagwebsantsalvador-1-300x225.jpg 300w, https:\/\/agora.xtec.cat\/ceipsantsalvador\/wp-content\/uploads\/usu1858\/2018\/11\/fotopagwebsantsalvador-1-768x576.jpg 768w, https:\/\/agora.xtec.cat\/ceipsantsalvador\/wp-content\/uploads\/usu1858\/2018\/11\/fotopagwebsantsalvador-1-200x150.jpg 200w\" sizes=\"auto, (max-width: 1024px) 100vw, 1024px\" \/><\/a><\/p>\n<p>&nbsp;<\/p>\n<p>&nbsp;<\/p>\n","protected":false},"excerpt":{"rendered":"<p>Vam comen\u00e7ar buscant receptes de panellets per internet, en grup, un cop vam trobar la recepta, vam fer els c\u00e0lculs per fer panellets per vuitanta persones. La setmana seg\u00fcent vam anar a comprar els ingredients, per la massa: patata, ametlla m\u00f2lta i sucre i per&hellip;  <a href=\"https:\/\/agora.xtec.cat\/ceipsantsalvador\/general\/projecte-panellets-cicle-superior\/\" title=\"Read PROJECTE PANELLETS CICLE SUPERIOR\">Llegeix m\u00e9s\u00bb<\/a><\/p>\n","protected":false},"author":6,"featured_media":0,"comment_status":"open","ping_status":"closed","sticky":false,"template":"","format":"standard","meta":{"_bbp_topic_count":0,"_bbp_reply_count":0,"_bbp_total_topic_count":0,"_bbp_total_reply_count":0,"_bbp_voice_count":0,"_bbp_anonymous_reply_count":0,"_bbp_topic_count_hidden":0,"_bbp_reply_count_hidden":0,"_bbp_forum_subforum_count":0,"footnotes":""},"categories":[14,15,1,4,5],"tags":[],"class_list":["post-674","post","type-post","status-publish","format-standard","hentry","category-5e","category-6e","category-general","category-portada","category-primaria"],"post_mailing_queue_ids":[],"_links":{"self":[{"href":"https:\/\/agora.xtec.cat\/ceipsantsalvador\/wp-json\/wp\/v2\/posts\/674","targetHints":{"allow":["GET"]}}],"collection":[{"href":"https:\/\/agora.xtec.cat\/ceipsantsalvador\/wp-json\/wp\/v2\/posts"}],"about":[{"href":"https:\/\/agora.xtec.cat\/ceipsantsalvador\/wp-json\/wp\/v2\/types\/post"}],"author":[{"embeddable":true,"href":"https:\/\/agora.xtec.cat\/ceipsantsalvador\/wp-json\/wp\/v2\/users\/6"}],"replies":[{"embeddable":true,"href":"https:\/\/agora.xtec.cat\/ceipsantsalvador\/wp-json\/wp\/v2\/comments?post=674"}],"version-history":[{"count":4,"href":"https:\/\/agora.xtec.cat\/ceipsantsalvador\/wp-json\/wp\/v2\/posts\/674\/revisions"}],"predecessor-version":[{"id":716,"href":"https:\/\/agora.xtec.cat\/ceipsantsalvador\/wp-json\/wp\/v2\/posts\/674\/revisions\/716"}],"wp:attachment":[{"href":"https:\/\/agora.xtec.cat\/ceipsantsalvador\/wp-json\/wp\/v2\/media?parent=674"}],"wp:term":[{"taxonomy":"category","embeddable":true,"href":"https:\/\/agora.xtec.cat\/ceipsantsalvador\/wp-json\/wp\/v2\/categories?post=674"},{"taxonomy":"post_tag","embeddable":true,"href":"https:\/\/agora.xtec.cat\/ceipsantsalvador\/wp-json\/wp\/v2\/tags?post=674"}],"curies":[{"name":"wp","href":"https:\/\/api.w.org\/{rel}","templated":true}]}}