{"id":2316,"date":"2025-05-30T12:43:36","date_gmt":"2025-05-30T10:43:36","guid":{"rendered":"https:\/\/agora.xtec.cat\/ceipsantsalvador\/?p=2316"},"modified":"2025-05-30T12:43:36","modified_gmt":"2025-05-30T10:43:36","slug":"mirada-jove-2025","status":"publish","type":"post","link":"https:\/\/agora.xtec.cat\/ceipsantsalvador\/general\/mirada-jove-2025\/","title":{"rendered":"MIRADA JOVE 2025"},"content":{"rendered":"<p><span style=\"font-family: inherit; font-size: 1em;\">L&#8217;alumnat de Cicle Mitj\u00e0 hem participat en el Concurs de Mirada Jove 2025 de PAULIG, aquest any el tema era &#8220;Absis rom\u00e0nics del Bergued\u00e0&#8221;.<\/span><\/p>\n<p>I aquestes s\u00f3n les nostres produccions:<\/p>\n<ul>\n<li><strong>LA NATURA<\/strong><\/li>\n<\/ul>\n<p><iframe loading=\"lazy\" title=\"LA NATURA\" width=\"500\" height=\"281\" src=\"https:\/\/www.youtube.com\/embed\/XULXbwUpgSI?feature=oembed\" frameborder=\"0\" allow=\"accelerometer; autoplay; clipboard-write; encrypted-media; gyroscope; picture-in-picture; web-share\" referrerpolicy=\"strict-origin-when-cross-origin\" allowfullscreen><\/iframe><\/p>\n<ul>\n<li><strong>LES ESTACIONS<\/strong><\/li>\n<\/ul>\n<p><iframe loading=\"lazy\" title=\"LES ESTACIONS\" width=\"500\" height=\"281\" src=\"https:\/\/www.youtube.com\/embed\/YJUlhJh4qNs?feature=oembed\" frameborder=\"0\" allow=\"accelerometer; autoplay; clipboard-write; encrypted-media; gyroscope; picture-in-picture; web-share\" referrerpolicy=\"strict-origin-when-cross-origin\" allowfullscreen><\/iframe><\/p>\n<ul>\n<li><strong>L&#8217;HIVERN<\/strong><\/li>\n<\/ul>\n<p><iframe loading=\"lazy\" title=\"L\u2019HIVERN\" width=\"500\" height=\"281\" src=\"https:\/\/www.youtube.com\/embed\/M-ets5LP5-0?feature=oembed\" frameborder=\"0\" allow=\"accelerometer; autoplay; clipboard-write; encrypted-media; gyroscope; picture-in-picture; web-share\" referrerpolicy=\"strict-origin-when-cross-origin\" allowfullscreen><\/iframe><\/p>\n<ul>\n<li><strong>EL M\u00d3N<\/strong><\/li>\n<\/ul>\n<p><iframe loading=\"lazy\" title=\"EL M\u00d3N\" width=\"500\" height=\"281\" src=\"https:\/\/www.youtube.com\/embed\/VYM2AnTLiQs?feature=oembed\" frameborder=\"0\" allow=\"accelerometer; autoplay; clipboard-write; encrypted-media; gyroscope; picture-in-picture; web-share\" referrerpolicy=\"strict-origin-when-cross-origin\" allowfullscreen><\/iframe><\/p>\n<ul>\n<li><strong><strong>LES MUNTANYES DEL BERGUED\u00c0<\/strong><\/strong><\/li>\n<\/ul>\n<p><iframe loading=\"lazy\" title=\"LES MUNTANYES DEL BERGUED\u00c0\" width=\"500\" height=\"281\" src=\"https:\/\/www.youtube.com\/embed\/GsTHaQnOBmI?feature=oembed\" frameborder=\"0\" allow=\"accelerometer; autoplay; clipboard-write; encrypted-media; gyroscope; picture-in-picture; web-share\" referrerpolicy=\"strict-origin-when-cross-origin\" allowfullscreen><\/iframe><\/p>\n","protected":false},"excerpt":{"rendered":"<p>L&#8217;alumnat de Cicle Mitj\u00e0 hem participat en el Concurs de Mirada Jove 2025 de PAULIG, aquest any el tema era &#8220;Absis rom\u00e0nics del Bergued\u00e0&#8221;.<br \/>\nI aquestes s\u00f3n les nostres produccions:<\/p>\n<ul>\n<li>LA NATURA<\/li>\n<\/ul>\n<ul>\n<li>LES ESTACIONS<\/li>\n<\/ul>\n<ul>\n<li>L&#8217;HIVERN<\/li>\n<\/ul>\n<ul>\n<li>EL M\u00d3N<\/li>\n<\/ul>\n<ul>\n<li>LES MUNTANYES DEL BERGUED\u00c0<\/li>\n<\/ul>\n","protected":false},"author":1,"featured_media":0,"comment_status":"open","ping_status":"closed","sticky":false,"template":"","format":"standard","meta":{"_bbp_topic_count":0,"_bbp_reply_count":0,"_bbp_total_topic_count":0,"_bbp_total_reply_count":0,"_bbp_voice_count":0,"_bbp_anonymous_reply_count":0,"_bbp_topic_count_hidden":0,"_bbp_reply_count_hidden":0,"_bbp_forum_subforum_count":0,"footnotes":""},"categories":[12,13,84,1,4,5],"tags":[86],"class_list":["post-2316","post","type-post","status-publish","format-standard","hentry","category-3r","category-4t","category-cicle-mitja","category-general","category-portada","category-primaria","tag-cicle-mitja"],"post_mailing_queue_ids":[],"_links":{"self":[{"href":"https:\/\/agora.xtec.cat\/ceipsantsalvador\/wp-json\/wp\/v2\/posts\/2316","targetHints":{"allow":["GET"]}}],"collection":[{"href":"https:\/\/agora.xtec.cat\/ceipsantsalvador\/wp-json\/wp\/v2\/posts"}],"about":[{"href":"https:\/\/agora.xtec.cat\/ceipsantsalvador\/wp-json\/wp\/v2\/types\/post"}],"author":[{"embeddable":true,"href":"https:\/\/agora.xtec.cat\/ceipsantsalvador\/wp-json\/wp\/v2\/users\/1"}],"replies":[{"embeddable":true,"href":"https:\/\/agora.xtec.cat\/ceipsantsalvador\/wp-json\/wp\/v2\/comments?post=2316"}],"version-history":[{"count":6,"href":"https:\/\/agora.xtec.cat\/ceipsantsalvador\/wp-json\/wp\/v2\/posts\/2316\/revisions"}],"predecessor-version":[{"id":2324,"href":"https:\/\/agora.xtec.cat\/ceipsantsalvador\/wp-json\/wp\/v2\/posts\/2316\/revisions\/2324"}],"wp:attachment":[{"href":"https:\/\/agora.xtec.cat\/ceipsantsalvador\/wp-json\/wp\/v2\/media?parent=2316"}],"wp:term":[{"taxonomy":"category","embeddable":true,"href":"https:\/\/agora.xtec.cat\/ceipsantsalvador\/wp-json\/wp\/v2\/categories?post=2316"},{"taxonomy":"post_tag","embeddable":true,"href":"https:\/\/agora.xtec.cat\/ceipsantsalvador\/wp-json\/wp\/v2\/tags?post=2316"}],"curies":[{"name":"wp","href":"https:\/\/api.w.org\/{rel}","templated":true}]}}