{"id":2282,"date":"2024-10-18T13:37:26","date_gmt":"2024-10-18T11:37:26","guid":{"rendered":"https:\/\/agora.xtec.cat\/ceipsantsalvador\/?p=2282"},"modified":"2025-05-30T12:03:53","modified_gmt":"2025-05-30T10:03:53","slug":"tant-es-com-era-la-vella-castanyera","status":"publish","type":"post","link":"https:\/\/agora.xtec.cat\/ceipsantsalvador\/portada\/tant-es-com-era-la-vella-castanyera\/","title":{"rendered":"TANT \u00c9S COM ERA, LA VELLA CASTANYERA"},"content":{"rendered":"<p>Un mat\u00ed en arribar a l&#8217;escola l&#8217;alumnat de Cicle Inicial ens vam trobar a l&#8217;aula un rac\u00f3 ben engalanat de tardor. Castanyes, ametlles, fulles, estufa de llenya, decorats, contes, cistells, dites de tardor i un escrit teatral: <strong>Tant \u00e9s com era, la vella castanyera!<\/strong><\/p>\n<p>De seguida vam voler saber qu\u00e8 deia l&#8217;escrit, vam llegir-lo i ens vam posar mans a l&#8217;obra!<\/p>\n<p><img loading=\"lazy\" decoding=\"async\" class=\"wp-image-2283 alignright\" src=\"https:\/\/agora.xtec.cat\/ceipsantsalvador\/wp-content\/uploads\/usu1858\/2024\/10\/1-300x224.jpg\" alt=\"\" width=\"367\" height=\"274\" srcset=\"https:\/\/agora.xtec.cat\/ceipsantsalvador\/wp-content\/uploads\/usu1858\/2024\/10\/1-300x224.jpg 300w, https:\/\/agora.xtec.cat\/ceipsantsalvador\/wp-content\/uploads\/usu1858\/2024\/10\/1-768x574.jpg 768w, https:\/\/agora.xtec.cat\/ceipsantsalvador\/wp-content\/uploads\/usu1858\/2024\/10\/1-200x150.jpg 200w, https:\/\/agora.xtec.cat\/ceipsantsalvador\/wp-content\/uploads\/usu1858\/2024\/10\/1.jpg 854w\" sizes=\"auto, (max-width: 367px) 100vw, 367px\" \/><\/p>\n<p>Vam triar quins personatges volia fer cadasc\u00fa, vam pensar quin vestuari vol\u00edem lluir i de seguida vam comen\u00e7ar a assajar.<\/p>\n<p>Encara hi estem treballant&#8230;Us anirem explicant com avan\u00e7a aquest projecte, en el que ens hi hem engrescat i MOLT!!!<\/p>\n","protected":false},"excerpt":{"rendered":"<p>Un mat\u00ed en arribar a l&#8217;escola l&#8217;alumnat de Cicle Inicial ens vam trobar a l&#8217;aula un rac\u00f3 ben engalanat de tardor. Castanyes, ametlles, fulles, estufa de llenya, decorats, contes, cistells, dites de tardor i un escrit teatral: Tant \u00e9s com era, la vella castanyera!<br \/>\nDe seguida&hellip;  <a href=\"https:\/\/agora.xtec.cat\/ceipsantsalvador\/portada\/tant-es-com-era-la-vella-castanyera\/\" title=\"Read TANT \u00c9S COM ERA, LA VELLA CASTANYERA\">Llegeix m\u00e9s\u00bb<\/a><\/p>\n","protected":false},"author":1,"featured_media":0,"comment_status":"open","ping_status":"closed","sticky":false,"template":"","format":"standard","meta":{"_bbp_topic_count":0,"_bbp_reply_count":0,"_bbp_total_topic_count":0,"_bbp_total_reply_count":0,"_bbp_voice_count":0,"_bbp_anonymous_reply_count":0,"_bbp_topic_count_hidden":0,"_bbp_reply_count_hidden":0,"_bbp_forum_subforum_count":0,"footnotes":""},"categories":[85,4,5],"tags":[75],"class_list":["post-2282","post","type-post","status-publish","format-standard","hentry","category-cicle-inicial","category-portada","category-primaria","tag-cicle-inicial"],"post_mailing_queue_ids":[],"_links":{"self":[{"href":"https:\/\/agora.xtec.cat\/ceipsantsalvador\/wp-json\/wp\/v2\/posts\/2282","targetHints":{"allow":["GET"]}}],"collection":[{"href":"https:\/\/agora.xtec.cat\/ceipsantsalvador\/wp-json\/wp\/v2\/posts"}],"about":[{"href":"https:\/\/agora.xtec.cat\/ceipsantsalvador\/wp-json\/wp\/v2\/types\/post"}],"author":[{"embeddable":true,"href":"https:\/\/agora.xtec.cat\/ceipsantsalvador\/wp-json\/wp\/v2\/users\/1"}],"replies":[{"embeddable":true,"href":"https:\/\/agora.xtec.cat\/ceipsantsalvador\/wp-json\/wp\/v2\/comments?post=2282"}],"version-history":[{"count":3,"href":"https:\/\/agora.xtec.cat\/ceipsantsalvador\/wp-json\/wp\/v2\/posts\/2282\/revisions"}],"predecessor-version":[{"id":2289,"href":"https:\/\/agora.xtec.cat\/ceipsantsalvador\/wp-json\/wp\/v2\/posts\/2282\/revisions\/2289"}],"wp:attachment":[{"href":"https:\/\/agora.xtec.cat\/ceipsantsalvador\/wp-json\/wp\/v2\/media?parent=2282"}],"wp:term":[{"taxonomy":"category","embeddable":true,"href":"https:\/\/agora.xtec.cat\/ceipsantsalvador\/wp-json\/wp\/v2\/categories?post=2282"},{"taxonomy":"post_tag","embeddable":true,"href":"https:\/\/agora.xtec.cat\/ceipsantsalvador\/wp-json\/wp\/v2\/tags?post=2282"}],"curies":[{"name":"wp","href":"https:\/\/api.w.org\/{rel}","templated":true}]}}