{"id":2161,"date":"2024-04-18T11:55:36","date_gmt":"2024-04-18T09:55:36","guid":{"rendered":"https:\/\/agora.xtec.cat\/ceipsantsalvador\/?p=2161"},"modified":"2025-05-15T14:38:38","modified_gmt":"2025-05-15T12:38:38","slug":"mirada-jove","status":"publish","type":"post","link":"https:\/\/agora.xtec.cat\/ceipsantsalvador\/general\/mirada-jove\/","title":{"rendered":"MIRADA JOVE"},"content":{"rendered":"<p>L&#8217;alumnat de Cicle Mitj\u00e0 hem participat en el Concurs de Mirada Jove 2024 de PAULIG, aquest any el tema era &#8220;Qu\u00e8 li regalar\u00edem al Bergued\u00e0&#8221;.<\/p>\n<p>Nosaltres li hem volgut regalar:<\/p>\n<p><strong>&#8212; Una biblioteca a l&#8217;aire lliure.<\/strong><\/p>\n<p><iframe loading=\"lazy\" title=\"Una biblioteca a l&#039;aire lliure\" width=\"500\" height=\"281\" src=\"https:\/\/www.youtube.com\/embed\/8k5fHjbw2zA?feature=oembed\" frameborder=\"0\" allow=\"accelerometer; autoplay; clipboard-write; encrypted-media; gyroscope; picture-in-picture; web-share\" referrerpolicy=\"strict-origin-when-cross-origin\" allowfullscreen><\/iframe><\/p>\n<p>&#8212; <strong>Un tren sostenible.<\/strong><\/p>\n<p><iframe loading=\"lazy\" title=\"Un tren sostenible\" width=\"500\" height=\"281\" src=\"https:\/\/www.youtube.com\/embed\/dX6q8Cp_GQw?feature=oembed\" frameborder=\"0\" allow=\"accelerometer; autoplay; clipboard-write; encrypted-media; gyroscope; picture-in-picture; web-share\" referrerpolicy=\"strict-origin-when-cross-origin\" allowfullscreen><\/iframe><\/p>\n<p>&#8212; <strong>Aigua.<\/strong><\/p>\n<p><iframe loading=\"lazy\" title=\"Aigua\" width=\"500\" height=\"281\" src=\"https:\/\/www.youtube.com\/embed\/pxc8wHby4GU?feature=oembed\" frameborder=\"0\" allow=\"accelerometer; autoplay; clipboard-write; encrypted-media; gyroscope; picture-in-picture; web-share\" referrerpolicy=\"strict-origin-when-cross-origin\" allowfullscreen><\/iframe><\/p>\n<p>&#8212; <strong>Un parc natural d&#8217;animals.\u00a0<\/strong><\/p>\n<p><iframe loading=\"lazy\" title=\"Un parc natural d&#039;animals\" width=\"500\" height=\"281\" src=\"https:\/\/www.youtube.com\/embed\/KW5195VO9ZM?feature=oembed\" frameborder=\"0\" allow=\"accelerometer; autoplay; clipboard-write; encrypted-media; gyroscope; picture-in-picture; web-share\" referrerpolicy=\"strict-origin-when-cross-origin\" allowfullscreen><\/iframe><\/p>\n<p>Aquests s\u00f3n els nostres treballs presentats. Esperem que us agradin.<\/p>\n","protected":false},"excerpt":{"rendered":"<p>L&#8217;alumnat de Cicle Mitj\u00e0 hem participat en el Concurs de Mirada Jove 2024 de PAULIG, aquest any el tema era &#8220;Qu\u00e8 li regalar\u00edem al Bergued\u00e0&#8221;.<br \/>\nNosaltres li hem volgut regalar:<br \/>\n&#8212; Una biblioteca a l&#8217;aire lliure.<\/p>\n<p>&#8212; Un tren sostenible.<\/p>\n<p>&#8212; Aigua.<\/p>\n<p>&#8212; Un parc natural d&#8217;animals.\u00a0<\/p>\n<p>Aquests s\u00f3n els nostres&hellip;  <a href=\"https:\/\/agora.xtec.cat\/ceipsantsalvador\/general\/mirada-jove\/\" title=\"Read MIRADA JOVE\">Llegeix m\u00e9s\u00bb<\/a><\/p>\n","protected":false},"author":1,"featured_media":0,"comment_status":"open","ping_status":"closed","sticky":false,"template":"","format":"standard","meta":{"_bbp_topic_count":0,"_bbp_reply_count":0,"_bbp_total_topic_count":0,"_bbp_total_reply_count":0,"_bbp_voice_count":0,"_bbp_anonymous_reply_count":0,"_bbp_topic_count_hidden":0,"_bbp_reply_count_hidden":0,"_bbp_forum_subforum_count":0,"footnotes":""},"categories":[12,13,1,4,5],"tags":[86],"class_list":["post-2161","post","type-post","status-publish","format-standard","hentry","category-3r","category-4t","category-general","category-portada","category-primaria","tag-cicle-mitja"],"post_mailing_queue_ids":[],"_links":{"self":[{"href":"https:\/\/agora.xtec.cat\/ceipsantsalvador\/wp-json\/wp\/v2\/posts\/2161","targetHints":{"allow":["GET"]}}],"collection":[{"href":"https:\/\/agora.xtec.cat\/ceipsantsalvador\/wp-json\/wp\/v2\/posts"}],"about":[{"href":"https:\/\/agora.xtec.cat\/ceipsantsalvador\/wp-json\/wp\/v2\/types\/post"}],"author":[{"embeddable":true,"href":"https:\/\/agora.xtec.cat\/ceipsantsalvador\/wp-json\/wp\/v2\/users\/1"}],"replies":[{"embeddable":true,"href":"https:\/\/agora.xtec.cat\/ceipsantsalvador\/wp-json\/wp\/v2\/comments?post=2161"}],"version-history":[{"count":6,"href":"https:\/\/agora.xtec.cat\/ceipsantsalvador\/wp-json\/wp\/v2\/posts\/2161\/revisions"}],"predecessor-version":[{"id":2170,"href":"https:\/\/agora.xtec.cat\/ceipsantsalvador\/wp-json\/wp\/v2\/posts\/2161\/revisions\/2170"}],"wp:attachment":[{"href":"https:\/\/agora.xtec.cat\/ceipsantsalvador\/wp-json\/wp\/v2\/media?parent=2161"}],"wp:term":[{"taxonomy":"category","embeddable":true,"href":"https:\/\/agora.xtec.cat\/ceipsantsalvador\/wp-json\/wp\/v2\/categories?post=2161"},{"taxonomy":"post_tag","embeddable":true,"href":"https:\/\/agora.xtec.cat\/ceipsantsalvador\/wp-json\/wp\/v2\/tags?post=2161"}],"curies":[{"name":"wp","href":"https:\/\/api.w.org\/{rel}","templated":true}]}}