{"id":1995,"date":"2023-04-30T08:15:51","date_gmt":"2023-04-30T06:15:51","guid":{"rendered":"https:\/\/agora.xtec.cat\/ceipsantsalvador\/?p=1995"},"modified":"2025-05-30T12:06:58","modified_gmt":"2025-05-30T10:06:58","slug":"nou-projecte-a-la-vista","status":"publish","type":"post","link":"https:\/\/agora.xtec.cat\/ceipsantsalvador\/general\/nou-projecte-a-la-vista\/","title":{"rendered":"NOU PROJECTE A LA VISTA"},"content":{"rendered":"<p><a href=\"https:\/\/agora.xtec.cat\/ceipsantsalvador\/wp-content\/uploads\/usu1858\/2023\/04\/WhatsApp-Image-2023-04-29-at-09.18.32.jpeg\"><img loading=\"lazy\" decoding=\"async\" class=\"alignnone size-medium wp-image-2005\" src=\"https:\/\/agora.xtec.cat\/ceipsantsalvador\/wp-content\/uploads\/usu1858\/2023\/04\/WhatsApp-Image-2023-04-29-at-09.18.32-300x169.jpeg\" alt=\"\" width=\"300\" height=\"169\" srcset=\"https:\/\/agora.xtec.cat\/ceipsantsalvador\/wp-content\/uploads\/usu1858\/2023\/04\/WhatsApp-Image-2023-04-29-at-09.18.32-300x169.jpeg 300w, https:\/\/agora.xtec.cat\/ceipsantsalvador\/wp-content\/uploads\/usu1858\/2023\/04\/WhatsApp-Image-2023-04-29-at-09.18.32-1024x576.jpeg 1024w, https:\/\/agora.xtec.cat\/ceipsantsalvador\/wp-content\/uploads\/usu1858\/2023\/04\/WhatsApp-Image-2023-04-29-at-09.18.32-768x432.jpeg 768w, https:\/\/agora.xtec.cat\/ceipsantsalvador\/wp-content\/uploads\/usu1858\/2023\/04\/WhatsApp-Image-2023-04-29-at-09.18.32-1536x864.jpeg 1536w, https:\/\/agora.xtec.cat\/ceipsantsalvador\/wp-content\/uploads\/usu1858\/2023\/04\/WhatsApp-Image-2023-04-29-at-09.18.32.jpeg 2016w\" sizes=\"auto, (max-width: 300px) 100vw, 300px\" \/><\/a><a href=\"https:\/\/agora.xtec.cat\/ceipsantsalvador\/wp-content\/uploads\/usu1858\/2023\/04\/WhatsApp-Image-2023-04-29-at-09.18.32-2-1.jpeg\"><img loading=\"lazy\" decoding=\"async\" class=\"alignnone size-medium wp-image-2006\" src=\"https:\/\/agora.xtec.cat\/ceipsantsalvador\/wp-content\/uploads\/usu1858\/2023\/04\/WhatsApp-Image-2023-04-29-at-09.18.32-2-1-247x300.jpeg\" alt=\"\" width=\"247\" height=\"300\" srcset=\"https:\/\/agora.xtec.cat\/ceipsantsalvador\/wp-content\/uploads\/usu1858\/2023\/04\/WhatsApp-Image-2023-04-29-at-09.18.32-2-1-247x300.jpeg 247w, https:\/\/agora.xtec.cat\/ceipsantsalvador\/wp-content\/uploads\/usu1858\/2023\/04\/WhatsApp-Image-2023-04-29-at-09.18.32-2-1-843x1024.jpeg 843w, https:\/\/agora.xtec.cat\/ceipsantsalvador\/wp-content\/uploads\/usu1858\/2023\/04\/WhatsApp-Image-2023-04-29-at-09.18.32-2-1-768x933.jpeg 768w, https:\/\/agora.xtec.cat\/ceipsantsalvador\/wp-content\/uploads\/usu1858\/2023\/04\/WhatsApp-Image-2023-04-29-at-09.18.32-2-1.jpeg 1134w\" sizes=\"auto, (max-width: 247px) 100vw, 247px\" \/><\/a><a href=\"https:\/\/agora.xtec.cat\/ceipsantsalvador\/wp-content\/uploads\/usu1858\/2023\/04\/WhatsApp-Image-2023-04-29-at-09.18.32-1.jpeg\"><img loading=\"lazy\" decoding=\"async\" class=\"alignnone size-medium wp-image-2003\" src=\"https:\/\/agora.xtec.cat\/ceipsantsalvador\/wp-content\/uploads\/usu1858\/2023\/04\/WhatsApp-Image-2023-04-29-at-09.18.32-1-300x215.jpeg\" alt=\"\" width=\"300\" height=\"215\" srcset=\"https:\/\/agora.xtec.cat\/ceipsantsalvador\/wp-content\/uploads\/usu1858\/2023\/04\/WhatsApp-Image-2023-04-29-at-09.18.32-1-300x215.jpeg 300w, https:\/\/agora.xtec.cat\/ceipsantsalvador\/wp-content\/uploads\/usu1858\/2023\/04\/WhatsApp-Image-2023-04-29-at-09.18.32-1-1024x734.jpeg 1024w, https:\/\/agora.xtec.cat\/ceipsantsalvador\/wp-content\/uploads\/usu1858\/2023\/04\/WhatsApp-Image-2023-04-29-at-09.18.32-1-768x551.jpeg 768w, https:\/\/agora.xtec.cat\/ceipsantsalvador\/wp-content\/uploads\/usu1858\/2023\/04\/WhatsApp-Image-2023-04-29-at-09.18.32-1-1536x1101.jpeg 1536w, https:\/\/agora.xtec.cat\/ceipsantsalvador\/wp-content\/uploads\/usu1858\/2023\/04\/WhatsApp-Image-2023-04-29-at-09.18.32-1.jpeg 1582w\" sizes=\"auto, (max-width: 300px) 100vw, 300px\" \/><\/a><\/p>\n<p>Fa uns dies els alumnes de primer ens van portar a l&#8217;aula un terrari amb insectes Pal i ens en van explicar una pila de coses que havien apr\u00e8s.<\/p>\n<p>Els hem tingut uns dies dins l&#8217;aula, per\u00f2 ara els hem portat a l&#8217;espai de ci\u00e8ncies per poder observar molt atentament, fer recerca cient\u00edfica i les nostres investigacions.<\/p>\n<p>Al passad\u00eds del nostre edifici tenim un quadre conceptual per poder anar penjant la informaci\u00f3 que anem recollint sobre l&#8217;insecte pal.<\/p>\n<p>Als matins quan arribeu podeu entrar i mirar qu\u00e8 anem aprenent.<\/p>\n<p>&nbsp;<\/p>\n","protected":false},"excerpt":{"rendered":"<p><a href=\"https:\/\/agora.xtec.cat\/ceipsantsalvador\/wp-content\/uploads\/usu1858\/2023\/04\/WhatsApp-Image-2023-04-29-at-09.18.32.jpeg\"><\/a><a href=\"https:\/\/agora.xtec.cat\/ceipsantsalvador\/wp-content\/uploads\/usu1858\/2023\/04\/WhatsApp-Image-2023-04-29-at-09.18.32-2-1.jpeg\"><\/a><a href=\"https:\/\/agora.xtec.cat\/ceipsantsalvador\/wp-content\/uploads\/usu1858\/2023\/04\/WhatsApp-Image-2023-04-29-at-09.18.32-1.jpeg\"><\/a><br \/>\nFa uns dies els alumnes de primer ens van portar a l&#8217;aula un terrari amb insectes Pal i ens en van explicar una pila de coses que havien apr\u00e8s.<br \/>\nEls hem tingut uns dies dins l&#8217;aula, per\u00f2 ara els hem portat a l&#8217;espai&hellip;  <a href=\"https:\/\/agora.xtec.cat\/ceipsantsalvador\/general\/nou-projecte-a-la-vista\/\" title=\"Read NOU PROJECTE A LA VISTA\">Llegeix m\u00e9s\u00bb<\/a><\/p>\n","protected":false},"author":1,"featured_media":2005,"comment_status":"open","ping_status":"closed","sticky":false,"template":"","format":"standard","meta":{"_bbp_topic_count":0,"_bbp_reply_count":0,"_bbp_total_topic_count":0,"_bbp_total_reply_count":0,"_bbp_voice_count":0,"_bbp_anonymous_reply_count":0,"_bbp_topic_count_hidden":0,"_bbp_reply_count_hidden":0,"_bbp_forum_subforum_count":0,"footnotes":""},"categories":[2,1,4],"tags":[88],"class_list":["post-1995","post","type-post","status-publish","format-standard","has-post-thumbnail","hentry","category-infantil","category-general","category-portada","tag-educacio-infantil"],"post_mailing_queue_ids":[],"_links":{"self":[{"href":"https:\/\/agora.xtec.cat\/ceipsantsalvador\/wp-json\/wp\/v2\/posts\/1995","targetHints":{"allow":["GET"]}}],"collection":[{"href":"https:\/\/agora.xtec.cat\/ceipsantsalvador\/wp-json\/wp\/v2\/posts"}],"about":[{"href":"https:\/\/agora.xtec.cat\/ceipsantsalvador\/wp-json\/wp\/v2\/types\/post"}],"author":[{"embeddable":true,"href":"https:\/\/agora.xtec.cat\/ceipsantsalvador\/wp-json\/wp\/v2\/users\/1"}],"replies":[{"embeddable":true,"href":"https:\/\/agora.xtec.cat\/ceipsantsalvador\/wp-json\/wp\/v2\/comments?post=1995"}],"version-history":[{"count":2,"href":"https:\/\/agora.xtec.cat\/ceipsantsalvador\/wp-json\/wp\/v2\/posts\/1995\/revisions"}],"predecessor-version":[{"id":2007,"href":"https:\/\/agora.xtec.cat\/ceipsantsalvador\/wp-json\/wp\/v2\/posts\/1995\/revisions\/2007"}],"wp:featuredmedia":[{"embeddable":true,"href":"https:\/\/agora.xtec.cat\/ceipsantsalvador\/wp-json\/wp\/v2\/media\/2005"}],"wp:attachment":[{"href":"https:\/\/agora.xtec.cat\/ceipsantsalvador\/wp-json\/wp\/v2\/media?parent=1995"}],"wp:term":[{"taxonomy":"category","embeddable":true,"href":"https:\/\/agora.xtec.cat\/ceipsantsalvador\/wp-json\/wp\/v2\/categories?post=1995"},{"taxonomy":"post_tag","embeddable":true,"href":"https:\/\/agora.xtec.cat\/ceipsantsalvador\/wp-json\/wp\/v2\/tags?post=1995"}],"curies":[{"name":"wp","href":"https:\/\/api.w.org\/{rel}","templated":true}]}}