{"id":1984,"date":"2024-03-13T12:24:47","date_gmt":"2024-03-13T11:24:47","guid":{"rendered":"https:\/\/agora.xtec.cat\/ceipsantsalvador\/?p=1984"},"modified":"2024-03-15T13:16:58","modified_gmt":"2024-03-15T12:16:58","slug":"preinscripcio-i-matricula","status":"publish","type":"post","link":"https:\/\/agora.xtec.cat\/ceipsantsalvador\/portada\/preinscripcio-i-matricula\/","title":{"rendered":"PREINSCRIPCI\u00d3 I MATR\u00cdCULA"},"content":{"rendered":"<p>Benvolgudes fam\u00edlies,<\/p>\n<p>Del\u00a0<strong>6 al 20 de mar\u00e7<\/strong> s\u2019escau el per\u00edode de preinscripci\u00f3 del proper curs 2024\/2025. Tot el proc\u00e9s \u00e9s telem\u00e0tic, amb certificat digital o formulari electr\u00f2nic. A continuaci\u00f3 us indiquem de com podeu realitzar-la:<\/p>\n<table>\n<tbody>\n<tr>\n<td>EDUCACI\u00d3 INFANTIL<\/p>\n<p>3-6 anys<\/td>\n<td>EDUCACI\u00d3 PRIM\u00c0RIA<\/p>\n<p>6-12 anys<\/td>\n<\/tr>\n<tr>\n<td><a href=\"https:\/\/preinscripcio.gencat.cat\/ca\/estudis\/infantil-3-6\/inici\/\">Preinscripci\u00f3 i matr\u00edcula a\u00a0<strong>infantil<\/strong>\u00a0<\/a><\/td>\n<td><a href=\"https:\/\/preinscripcio.gencat.cat\/ca\/estudis\/primaria\/inici\/\">Preinscripci\u00f3 i matr\u00edcula a\u00a0<strong>prim\u00e0ria<\/strong><\/a><\/td>\n<\/tr>\n<\/tbody>\n<\/table>\n<ul>\n<li>Matr\u00edcula: del <strong>18<\/strong><strong> al 26\u200b de juny<\/strong><\/li>\n<\/ul>\n<p><strong>ALTRES RECOMANACIONS:<\/strong><\/p>\n<p>\u2022Cal tenir fotografiada o escanejada la documentaci\u00f3 en el mateix dispositiu des d\u2019on es fa la sol\u00b7licitud. El llibre de fam\u00edlia, si feu la sol\u00b7licitud electr\u00f2nica; el document d\u2019identitat del sol\u00b7licitant i de l\u2019alumne (si en t\u00e9) i el llibre de fam\u00edlia, si feu la sol\u00b7licitud en suport inform\u00e0tic.<\/p>\n<p>\u2022 El nostre\u00a0<strong>codi de centre<\/strong> \u00e9s: 08029015. El necessitareu per indicar que us voleu preinscriure a l\u2019<b>Escola Sant Salvador<\/b><br \/>\n\u2022 No es poden presentar dues sol\u00b7licituds en dos centres diferents pels mateixos estudis.<\/p>\n<p>\u2022 Un cop realitzada la sol\u00b7licitud correctament, rebreu un correu electr\u00f2nic amb el resguard definitiu que us indicar\u00e0 la informaci\u00f3 verificada i si s\u2019escau, la documentaci\u00f3 que heu d\u2019aportar a l\u2019apartat \u201cmodificaci\u00f3 de la sol\u00b7licitud\u201d.<\/p>\n<p>\u2022 Si est\u00e0 escolaritzat en un altre centre i voleu fer canvi de centre, la fam\u00edlia podeu consultar l\u2019identificador a:\u00a0<a href=\"http:\/\/educacio.gencat.cat\/ca\/tramits\/tramits-temes\/identificador-alumne\">http:\/\/educacio.gencat.cat\/ca\/tramits\/tramits-temes\/identificador-alumne<\/a><\/p>\n<p><strong>P\u00cdNDOLES MULTIM\u00c8DIA\u00a0\ud83d\udcbb<\/strong><\/p>\n<p>Podeu consulta aquestes p\u00edndoles multim\u00e8dia, amb v\u00eddeos i podcasts que us serviran per aclarir dubtes en els moments clau del proc\u00e9s:\u00a0<a href=\"https:\/\/preinscripcio.gencat.cat\/ca\/estudis\/infantil-3-6\/ajuda\/pindoles-multimedia\/\">https:\/\/preinscripcio.gencat.cat\/ca\/estudis\/infantil-3-6\/ajuda\/pindoles-multimedia\/<\/a><\/p>\n<p><strong>PUBLICACI\u00d3 DE L&#8217;OFERTA INICIAL DE PLACES<\/strong><\/p>\n<p><a href=\"https:\/\/agora.xtec.cat\/ceipsantsalvador\/wp-content\/uploads\/usu1858\/2023\/03\/INFORME_OFERTA_OME_INFORME_OFERTA.pdf\">Publicaci\u00f3 de l&#8217;oferta inicial de places<\/a><\/p>\n<p>&nbsp;<\/p>\n<p><img decoding=\"async\" src=\"https:\/\/preinscripcio.gencat.cat\/web\/.content\/estudis\/infantil-3-6\/inici\/carrusel\/infantil3-6-primaria-bola4.png_223078711.png\" \/><\/p>\n<p><strong>CONTACTE ESCOLA<\/strong><\/p>\n<ul>\n<li>Per qualsevol dubte o consulta no dubteu en posar-vos en contacte amb nosaltres a trav\u00e9s del 938248177 o del correu electr\u00f2nic a8029015@xtec.cat\n<ul>\n<li><strong>Horari d\u2019atenci\u00f3 administrativa<\/strong><br \/>\n<table>\n<tbody>\n<tr>\n<td>DILLUNS<\/td>\n<td>de 11:00 a 12:30<\/td>\n<\/tr>\n<tr>\n<td>DIMECRES<\/td>\n<td>de 14:30 a 16:00<\/td>\n<\/tr>\n<tr>\n<td>DIVENDRES<\/td>\n<td>de 9:00 a 13:30<\/td>\n<\/tr>\n<\/tbody>\n<\/table>\n<\/li>\n<\/ul>\n<\/li>\n<\/ul>\n","protected":false},"excerpt":{"rendered":"<p>Benvolgudes fam\u00edlies,<br \/>\nDel\u00a06 al 20 de mar\u00e7 s\u2019escau el per\u00edode de preinscripci\u00f3 del proper curs 2024\/2025. Tot el proc\u00e9s \u00e9s telem\u00e0tic, amb certificat digital o formulari electr\u00f2nic. A continuaci\u00f3 us indiquem de com podeu realitzar-la:<\/p>\n<p>EDUCACI\u00d3 INFANTIL<br \/>\n3-6 anys<br \/>\nEDUCACI\u00d3 PRIM\u00c0RIA<br \/>\n6-12 anys<\/p>\n<p><a href=\"https:\/\/preinscripcio.gencat.cat\/ca\/estudis\/infantil-3-6\/inici\/\">Preinscripci\u00f3 i matr\u00edcula a\u00a0infantil\u00a0<\/a><br \/>\n<a href=\"https:\/\/preinscripcio.gencat.cat\/ca\/estudis\/primaria\/inici\/\">Preinscripci\u00f3 i matr\u00edcula&hellip;  <a href=\"https:\/\/agora.xtec.cat\/ceipsantsalvador\/portada\/preinscripcio-i-matricula\/\" title=\"Read PREINSCRIPCI\u00d3 I MATR\u00cdCULA\">Llegeix m\u00e9s\u00bb<\/a><\/p>\n","protected":false},"author":1,"featured_media":0,"comment_status":"open","ping_status":"closed","sticky":false,"template":"","format":"standard","meta":{"_bbp_topic_count":0,"_bbp_reply_count":0,"_bbp_total_topic_count":0,"_bbp_total_reply_count":0,"_bbp_voice_count":0,"_bbp_anonymous_reply_count":0,"_bbp_topic_count_hidden":0,"_bbp_reply_count_hidden":0,"_bbp_forum_subforum_count":0,"footnotes":""},"categories":[4],"tags":[],"class_list":["post-1984","post","type-post","status-publish","format-standard","hentry","category-portada"],"post_mailing_queue_ids":[],"_links":{"self":[{"href":"https:\/\/agora.xtec.cat\/ceipsantsalvador\/wp-json\/wp\/v2\/posts\/1984","targetHints":{"allow":["GET"]}}],"collection":[{"href":"https:\/\/agora.xtec.cat\/ceipsantsalvador\/wp-json\/wp\/v2\/posts"}],"about":[{"href":"https:\/\/agora.xtec.cat\/ceipsantsalvador\/wp-json\/wp\/v2\/types\/post"}],"author":[{"embeddable":true,"href":"https:\/\/agora.xtec.cat\/ceipsantsalvador\/wp-json\/wp\/v2\/users\/1"}],"replies":[{"embeddable":true,"href":"https:\/\/agora.xtec.cat\/ceipsantsalvador\/wp-json\/wp\/v2\/comments?post=1984"}],"version-history":[{"count":6,"href":"https:\/\/agora.xtec.cat\/ceipsantsalvador\/wp-json\/wp\/v2\/posts\/1984\/revisions"}],"predecessor-version":[{"id":2150,"href":"https:\/\/agora.xtec.cat\/ceipsantsalvador\/wp-json\/wp\/v2\/posts\/1984\/revisions\/2150"}],"wp:attachment":[{"href":"https:\/\/agora.xtec.cat\/ceipsantsalvador\/wp-json\/wp\/v2\/media?parent=1984"}],"wp:term":[{"taxonomy":"category","embeddable":true,"href":"https:\/\/agora.xtec.cat\/ceipsantsalvador\/wp-json\/wp\/v2\/categories?post=1984"},{"taxonomy":"post_tag","embeddable":true,"href":"https:\/\/agora.xtec.cat\/ceipsantsalvador\/wp-json\/wp\/v2\/tags?post=1984"}],"curies":[{"name":"wp","href":"https:\/\/api.w.org\/{rel}","templated":true}]}}