{"id":1856,"date":"2022-10-14T15:32:42","date_gmt":"2022-10-14T13:32:42","guid":{"rendered":"https:\/\/agora.xtec.cat\/ceipsantsalvador\/?p=1856"},"modified":"2022-11-03T09:19:50","modified_gmt":"2022-11-03T08:19:50","slug":"setmana-de-la-mobilitat-sostenible-cicle-mitja","status":"publish","type":"post","link":"https:\/\/agora.xtec.cat\/ceipsantsalvador\/general\/setmana-de-la-mobilitat-sostenible-cicle-mitja\/","title":{"rendered":"SETMANA DE LA MOBILITAT SOSTENIBLE &#8211; CICLE MITJ\u00c0"},"content":{"rendered":"<p>&nbsp;<\/p>\n<p><strong><a href=\"https:\/\/agora.xtec.cat\/ceipsantsalvador\/wp-content\/uploads\/usu1858\/2022\/10\/20220922_1125041-scaled.jpg\"><img loading=\"lazy\" decoding=\"async\" class=\"wp-image-1858  aligncenter\" src=\"https:\/\/agora.xtec.cat\/ceipsantsalvador\/wp-content\/uploads\/usu1858\/2022\/10\/20220922_1125041-300x135.jpg\" alt=\"\" width=\"480\" height=\"216\" srcset=\"https:\/\/agora.xtec.cat\/ceipsantsalvador\/wp-content\/uploads\/usu1858\/2022\/10\/20220922_1125041-300x135.jpg 300w, https:\/\/agora.xtec.cat\/ceipsantsalvador\/wp-content\/uploads\/usu1858\/2022\/10\/20220922_1125041-1024x461.jpg 1024w, https:\/\/agora.xtec.cat\/ceipsantsalvador\/wp-content\/uploads\/usu1858\/2022\/10\/20220922_1125041-768x346.jpg 768w, https:\/\/agora.xtec.cat\/ceipsantsalvador\/wp-content\/uploads\/usu1858\/2022\/10\/20220922_1125041-1536x691.jpg 1536w, https:\/\/agora.xtec.cat\/ceipsantsalvador\/wp-content\/uploads\/usu1858\/2022\/10\/20220922_1125041-2048x922.jpg 2048w\" sizes=\"auto, (max-width: 480px) 100vw, 480px\" \/><\/a><\/strong><\/p>\n<p><strong>La setmana del 19 al 23 de setembre<\/strong> vam gaudir molt fent diferents activitats a la escola.\u00a0 Els\u00a0 de CS van muntar dos circuits per l\u2019hora del pati un per principiants i un per els avan\u00e7ats. Un era al camp de basquet i al camp de futbol. A l\u2019hora de educaci\u00f3 f\u00edsica vam fer mec\u00e0nica. A l\u2019altre hora de educaci\u00f3 f\u00edsica vam anar amb bicicleta, patinet a la Rodonella i els de CI van anar fins la Font del Rei.<\/p>\n<p>&nbsp;<\/p>\n<p>&nbsp;<\/p>\n<p>&nbsp;<\/p>\n<p>&nbsp;<\/p>\n","protected":false},"excerpt":{"rendered":"<p>&nbsp;<br \/>\n<a href=\"https:\/\/agora.xtec.cat\/ceipsantsalvador\/wp-content\/uploads\/usu1858\/2022\/10\/20220922_1125041-scaled.jpg\"><\/a><br \/>\nLa setmana del 19 al 23 de setembre vam gaudir molt fent diferents activitats a la escola.\u00a0 Els\u00a0 de CS van muntar dos circuits per l\u2019hora del pati un per principiants i un per els avan\u00e7ats. Un era al camp de basquet i al&hellip;  <a href=\"https:\/\/agora.xtec.cat\/ceipsantsalvador\/general\/setmana-de-la-mobilitat-sostenible-cicle-mitja\/\" title=\"Read SETMANA DE LA MOBILITAT SOSTENIBLE &#8211; CICLE MITJ\u00c0\">Llegeix m\u00e9s\u00bb<\/a><\/p>\n","protected":false},"author":1,"featured_media":1858,"comment_status":"open","ping_status":"closed","sticky":false,"template":"","format":"standard","meta":{"_bbp_topic_count":0,"_bbp_reply_count":0,"_bbp_total_topic_count":0,"_bbp_total_reply_count":0,"_bbp_voice_count":0,"_bbp_anonymous_reply_count":0,"_bbp_topic_count_hidden":0,"_bbp_reply_count_hidden":0,"_bbp_forum_subforum_count":0,"footnotes":""},"categories":[12,13,1,4,5],"tags":[72,74,73,70,71],"class_list":["post-1856","post","type-post","status-publish","format-standard","has-post-thumbnail","hentry","category-3r","category-4t","category-general","category-portada","category-primaria","tag-alumnes-cm","tag-llengua-catalana","tag-noticia","tag-setmana","tag-text-escrit"],"post_mailing_queue_ids":[],"_links":{"self":[{"href":"https:\/\/agora.xtec.cat\/ceipsantsalvador\/wp-json\/wp\/v2\/posts\/1856","targetHints":{"allow":["GET"]}}],"collection":[{"href":"https:\/\/agora.xtec.cat\/ceipsantsalvador\/wp-json\/wp\/v2\/posts"}],"about":[{"href":"https:\/\/agora.xtec.cat\/ceipsantsalvador\/wp-json\/wp\/v2\/types\/post"}],"author":[{"embeddable":true,"href":"https:\/\/agora.xtec.cat\/ceipsantsalvador\/wp-json\/wp\/v2\/users\/1"}],"replies":[{"embeddable":true,"href":"https:\/\/agora.xtec.cat\/ceipsantsalvador\/wp-json\/wp\/v2\/comments?post=1856"}],"version-history":[{"count":3,"href":"https:\/\/agora.xtec.cat\/ceipsantsalvador\/wp-json\/wp\/v2\/posts\/1856\/revisions"}],"predecessor-version":[{"id":1870,"href":"https:\/\/agora.xtec.cat\/ceipsantsalvador\/wp-json\/wp\/v2\/posts\/1856\/revisions\/1870"}],"wp:featuredmedia":[{"embeddable":true,"href":"https:\/\/agora.xtec.cat\/ceipsantsalvador\/wp-json\/wp\/v2\/media\/1858"}],"wp:attachment":[{"href":"https:\/\/agora.xtec.cat\/ceipsantsalvador\/wp-json\/wp\/v2\/media?parent=1856"}],"wp:term":[{"taxonomy":"category","embeddable":true,"href":"https:\/\/agora.xtec.cat\/ceipsantsalvador\/wp-json\/wp\/v2\/categories?post=1856"},{"taxonomy":"post_tag","embeddable":true,"href":"https:\/\/agora.xtec.cat\/ceipsantsalvador\/wp-json\/wp\/v2\/tags?post=1856"}],"curies":[{"name":"wp","href":"https:\/\/api.w.org\/{rel}","templated":true}]}}