{"id":1348,"date":"2020-12-04T09:32:39","date_gmt":"2020-12-04T08:32:39","guid":{"rendered":"http:\/\/agora.xtec.cat\/ceipsantsalvador\/?p=1348"},"modified":"2020-12-06T17:30:06","modified_gmt":"2020-12-06T16:30:06","slug":"assemblea-ampa-2020","status":"publish","type":"post","link":"https:\/\/agora.xtec.cat\/ceipsantsalvador\/afa\/assemblea-ampa-2020\/","title":{"rendered":"ASSEMBLEA AMPA 2020"},"content":{"rendered":"<p>Benvolguts socis<\/p>\n<p>Diumenge 6 de desembre a les 18:30 cel.lebrarem l&#8217;assemblea anual de socis AMPA 2020. Enguany ho farem de manera virtual. (Plataforma Google Meet)<\/p>\n<h2 style=\"text-align: center;\"><a href=\"https:\/\/meet.google.com\/jdm-ksxj-rcy\">ENTRAR A LA REUNI\u00d3<\/a><\/h2>\n<p>&nbsp;<\/p>\n<p>L&#8217;odre del dia ser\u00e0 el seg\u00fcent:\u00a0 <b>Ordre del dia de l\u2019Assemblea AMPA 2020<\/b><\/p>\n<p>-Aprovaci\u00f3 nova junta AMPA 2020-2021<\/p>\n<p>-Aprovaci\u00f3 modificaci\u00f3 estatuts (Canvi AMPA &#8211;&gt; AFA)<\/p>\n<p>-Aprovaci\u00f3 comptes curs 2019-2020<\/p>\n<p>-Aprovaci\u00f3 pressupost curs 2020-2021<\/p>\n<p>-Rep\u00e0s activitats AMPA<\/p>\n<p>-Activitats (Extraescolars, esqu\u00ed,&#8230;)<\/p>\n<p>-Actes i festes<\/p>\n<p>-Precs i preguntes<\/p>\n<p>&nbsp;<\/p>\n<p><strong>En aquesta p\u00e0gina diumenge migdia publicarem l&#8217;enlla\u00e7 perqu\u00e8 pogueu seguir-la!<\/strong><\/p>\n<p><strong>US HI ESPEREM A TOTS<\/strong><\/p>\n<p><a href=\"https:\/\/agora.xtec.cat\/ceipsantsalvador\/wp-content\/uploads\/usu1858\/2020\/12\/logoAMPAnou-2.jpg\"><img loading=\"lazy\" decoding=\"async\" class=\"size-medium wp-image-1351 aligncenter\" src=\"https:\/\/agora.xtec.cat\/ceipsantsalvador\/wp-content\/uploads\/usu1858\/2020\/12\/logoAMPAnou-2-288x300.jpg\" alt=\"\" width=\"288\" height=\"300\" srcset=\"https:\/\/agora.xtec.cat\/ceipsantsalvador\/wp-content\/uploads\/usu1858\/2020\/12\/logoAMPAnou-2-288x300.jpg 288w, https:\/\/agora.xtec.cat\/ceipsantsalvador\/wp-content\/uploads\/usu1858\/2020\/12\/logoAMPAnou-2-768x799.jpg 768w, https:\/\/agora.xtec.cat\/ceipsantsalvador\/wp-content\/uploads\/usu1858\/2020\/12\/logoAMPAnou-2-985x1024.jpg 985w, https:\/\/agora.xtec.cat\/ceipsantsalvador\/wp-content\/uploads\/usu1858\/2020\/12\/logoAMPAnou-2.jpg 1772w\" sizes=\"auto, (max-width: 288px) 100vw, 288px\" \/><\/a><\/p>\n","protected":false},"excerpt":{"rendered":"<p>Benvolguts socis<br \/>\nDiumenge 6 de desembre a les 18:30 cel.lebrarem l&#8217;assemblea anual de socis AMPA 2020. Enguany ho farem de manera virtual. (Plataforma Google Meet)<br \/>\n<a href=\"https:\/\/meet.google.com\/jdm-ksxj-rcy\">ENTRAR A LA REUNI\u00d3<\/a><br \/>\n&nbsp;<br \/>\nL&#8217;odre del dia ser\u00e0 el seg\u00fcent:\u00a0 Ordre del dia de l\u2019Assemblea AMPA 2020<br \/>\n-Aprovaci\u00f3 nova junta AMPA 2020-2021<br \/>\n-Aprovaci\u00f3 modificaci\u00f3&hellip;  <a href=\"https:\/\/agora.xtec.cat\/ceipsantsalvador\/afa\/assemblea-ampa-2020\/\" title=\"Read ASSEMBLEA AMPA 2020\">Llegeix m\u00e9s\u00bb<\/a><\/p>\n","protected":false},"author":1,"featured_media":1351,"comment_status":"open","ping_status":"closed","sticky":false,"template":"","format":"standard","meta":{"_bbp_topic_count":0,"_bbp_reply_count":0,"_bbp_total_topic_count":0,"_bbp_total_reply_count":0,"_bbp_voice_count":0,"_bbp_anonymous_reply_count":0,"_bbp_topic_count_hidden":0,"_bbp_reply_count_hidden":0,"_bbp_forum_subforum_count":0,"footnotes":""},"categories":[7],"tags":[],"class_list":["post-1348","post","type-post","status-publish","format-standard","has-post-thumbnail","hentry","category-afa"],"post_mailing_queue_ids":[],"_links":{"self":[{"href":"https:\/\/agora.xtec.cat\/ceipsantsalvador\/wp-json\/wp\/v2\/posts\/1348","targetHints":{"allow":["GET"]}}],"collection":[{"href":"https:\/\/agora.xtec.cat\/ceipsantsalvador\/wp-json\/wp\/v2\/posts"}],"about":[{"href":"https:\/\/agora.xtec.cat\/ceipsantsalvador\/wp-json\/wp\/v2\/types\/post"}],"author":[{"embeddable":true,"href":"https:\/\/agora.xtec.cat\/ceipsantsalvador\/wp-json\/wp\/v2\/users\/1"}],"replies":[{"embeddable":true,"href":"https:\/\/agora.xtec.cat\/ceipsantsalvador\/wp-json\/wp\/v2\/comments?post=1348"}],"version-history":[{"count":3,"href":"https:\/\/agora.xtec.cat\/ceipsantsalvador\/wp-json\/wp\/v2\/posts\/1348\/revisions"}],"predecessor-version":[{"id":1355,"href":"https:\/\/agora.xtec.cat\/ceipsantsalvador\/wp-json\/wp\/v2\/posts\/1348\/revisions\/1355"}],"wp:featuredmedia":[{"embeddable":true,"href":"https:\/\/agora.xtec.cat\/ceipsantsalvador\/wp-json\/wp\/v2\/media\/1351"}],"wp:attachment":[{"href":"https:\/\/agora.xtec.cat\/ceipsantsalvador\/wp-json\/wp\/v2\/media?parent=1348"}],"wp:term":[{"taxonomy":"category","embeddable":true,"href":"https:\/\/agora.xtec.cat\/ceipsantsalvador\/wp-json\/wp\/v2\/categories?post=1348"},{"taxonomy":"post_tag","embeddable":true,"href":"https:\/\/agora.xtec.cat\/ceipsantsalvador\/wp-json\/wp\/v2\/tags?post=1348"}],"curies":[{"name":"wp","href":"https:\/\/api.w.org\/{rel}","templated":true}]}}