{"id":8882,"date":"2020-11-09T10:19:09","date_gmt":"2020-11-09T09:19:09","guid":{"rendered":"http:\/\/agora.xtec.cat\/ceipsantpere\/?p=8882"},"modified":"2021-09-15T13:25:07","modified_gmt":"2021-09-15T11:25:07","slug":"ajornament-de-les-eleccions-al-consell-escolar","status":"publish","type":"post","link":"https:\/\/agora.xtec.cat\/ceipsantpere\/curs-2020-2021\/ajornament-de-les-eleccions-al-consell-escolar\/","title":{"rendered":"AJORNAMENT DE LES ELECCIONS AL CONSELL ESCOLAR"},"content":{"rendered":"<p><a href=\"https:\/\/agora.xtec.cat\/ceipsantpere\/wp-content\/uploads\/usu1286\/2020\/11\/Consell-Escolar.jpg\"><img loading=\"lazy\" decoding=\"async\" class=\"aligncenter wp-image-8883\" src=\"https:\/\/agora.xtec.cat\/ceipsantpere\/wp-content\/uploads\/usu1286\/2020\/11\/Consell-Escolar.jpg\" alt=\"\" width=\"464\" height=\"201\" srcset=\"https:\/\/agora.xtec.cat\/ceipsantpere\/wp-content\/uploads\/usu1286\/2020\/11\/Consell-Escolar.jpg 512w, https:\/\/agora.xtec.cat\/ceipsantpere\/wp-content\/uploads\/usu1286\/2020\/11\/Consell-Escolar-300x130.jpg 300w\" sizes=\"auto, (max-width: 464px) 100vw, 464px\" \/><\/a><\/p>\n<p style=\"text-align: justify;\">Durant el mes de novembre dels anys parells es duen a terme en els centres educatius les eleccions per a la renovaci\u00f3 dels consells escolars, acci\u00f3 que comporta l\u2019acc\u00e9s de moltes persones de la comunitat educativa als recintes dels centres educatius.<\/p>\n<p style=\"text-align: justify;\">Enguany el Departament d\u2019Educaci\u00f3, atesa la situaci\u00f3 de la pand\u00e8mia a Catalunya, ha pres la resoluci\u00f3 d\u2019ajornar per un any la convocat\u00f2ria d\u2019eleccions per a la renovaci\u00f3 parcial dels consells escolars, a fi de minimitzar el risc de contagi entre la poblaci\u00f3 i preservar l\u2019escola com un entorn segur. Aix\u00ed,\u00a0<strong>els i les representants dels diferents sectors que havien de ser objecte de renovaci\u00f3, se\u2019ls prorrogar\u00e0 el mandat fins a la celebraci\u00f3 de les eleccions<\/strong>.<\/p>\n","protected":false},"excerpt":{"rendered":"<p>Durant el mes de novembre dels anys parells es duen a terme en els centres educatius les eleccions per a la renovaci\u00f3 dels consells escolars, acci\u00f3 que comporta l\u2019acc\u00e9s de moltes persones de la comunitat educativa als recintes dels centres educatius. Enguany el Departament d\u2019Educaci\u00f3, atesa la situaci\u00f3 de la pand\u00e8mia a Catalunya, ha pres [&hellip;]<\/p>\n","protected":false},"author":1,"featured_media":0,"comment_status":"open","ping_status":"closed","sticky":false,"template":"","format":"standard","meta":{"_bbp_topic_count":0,"_bbp_reply_count":0,"_bbp_total_topic_count":0,"_bbp_total_reply_count":0,"_bbp_voice_count":0,"_bbp_anonymous_reply_count":0,"_bbp_topic_count_hidden":0,"_bbp_reply_count_hidden":0,"_bbp_forum_subforum_count":0,"site-sidebar-layout":"default","site-content-layout":"","ast-site-content-layout":"","site-content-style":"default","site-sidebar-style":"default","ast-global-header-display":"","ast-banner-title-visibility":"","ast-main-header-display":"","ast-hfb-above-header-display":"","ast-hfb-below-header-display":"","ast-hfb-mobile-header-display":"","site-post-title":"","ast-breadcrumbs-content":"","ast-featured-img":"","footer-sml-layout":"","theme-transparent-header-meta":"","adv-header-id-meta":"","stick-header-meta":"","header-above-stick-meta":"","header-main-stick-meta":"","header-below-stick-meta":"","astra-migrate-meta-layouts":"default","ast-page-background-enabled":"default","ast-page-background-meta":{"desktop":{"background-color":"var(--ast-global-color-4)","background-image":"","background-repeat":"repeat","background-position":"center center","background-size":"auto","background-attachment":"scroll","background-type":"","background-media":"","overlay-type":"","overlay-color":"","overlay-opacity":"","overlay-gradient":""},"tablet":{"background-color":"","background-image":"","background-repeat":"repeat","background-position":"center center","background-size":"auto","background-attachment":"scroll","background-type":"","background-media":"","overlay-type":"","overlay-color":"","overlay-opacity":"","overlay-gradient":""},"mobile":{"background-color":"","background-image":"","background-repeat":"repeat","background-position":"center center","background-size":"auto","background-attachment":"scroll","background-type":"","background-media":"","overlay-type":"","overlay-color":"","overlay-opacity":"","overlay-gradient":""}},"ast-content-background-meta":{"desktop":{"background-color":"var(--ast-global-color-5)","background-image":"","background-repeat":"repeat","background-position":"center center","background-size":"auto","background-attachment":"scroll","background-type":"","background-media":"","overlay-type":"","overlay-color":"","overlay-opacity":"","overlay-gradient":""},"tablet":{"background-color":"var(--ast-global-color-5)","background-image":"","background-repeat":"repeat","background-position":"center center","background-size":"auto","background-attachment":"scroll","background-type":"","background-media":"","overlay-type":"","overlay-color":"","overlay-opacity":"","overlay-gradient":""},"mobile":{"background-color":"var(--ast-global-color-5)","background-image":"","background-repeat":"repeat","background-position":"center center","background-size":"auto","background-attachment":"scroll","background-type":"","background-media":"","overlay-type":"","overlay-color":"","overlay-opacity":"","overlay-gradient":""}},"footnotes":""},"categories":[458],"tags":[258],"class_list":["post-8882","post","type-post","status-publish","format-standard","hentry","category-curs-2020-2021","tag-eleccions-consell-escolar"],"post_mailing_queue_ids":[],"_links":{"self":[{"href":"https:\/\/agora.xtec.cat\/ceipsantpere\/wp-json\/wp\/v2\/posts\/8882","targetHints":{"allow":["GET"]}}],"collection":[{"href":"https:\/\/agora.xtec.cat\/ceipsantpere\/wp-json\/wp\/v2\/posts"}],"about":[{"href":"https:\/\/agora.xtec.cat\/ceipsantpere\/wp-json\/wp\/v2\/types\/post"}],"author":[{"embeddable":true,"href":"https:\/\/agora.xtec.cat\/ceipsantpere\/wp-json\/wp\/v2\/users\/1"}],"replies":[{"embeddable":true,"href":"https:\/\/agora.xtec.cat\/ceipsantpere\/wp-json\/wp\/v2\/comments?post=8882"}],"version-history":[{"count":1,"href":"https:\/\/agora.xtec.cat\/ceipsantpere\/wp-json\/wp\/v2\/posts\/8882\/revisions"}],"predecessor-version":[{"id":8884,"href":"https:\/\/agora.xtec.cat\/ceipsantpere\/wp-json\/wp\/v2\/posts\/8882\/revisions\/8884"}],"wp:attachment":[{"href":"https:\/\/agora.xtec.cat\/ceipsantpere\/wp-json\/wp\/v2\/media?parent=8882"}],"wp:term":[{"taxonomy":"category","embeddable":true,"href":"https:\/\/agora.xtec.cat\/ceipsantpere\/wp-json\/wp\/v2\/categories?post=8882"},{"taxonomy":"post_tag","embeddable":true,"href":"https:\/\/agora.xtec.cat\/ceipsantpere\/wp-json\/wp\/v2\/tags?post=8882"}],"curies":[{"name":"wp","href":"https:\/\/api.w.org\/{rel}","templated":true}]}}