{"id":4681,"date":"2018-11-20T16:31:50","date_gmt":"2018-11-20T15:31:50","guid":{"rendered":"http:\/\/agora.xtec.cat\/ceipsantpere\/?p=4681"},"modified":"2019-09-26T15:41:15","modified_gmt":"2019-09-26T13:41:15","slug":"candidats-per-la-renovacio-del-consell-escolar","status":"publish","type":"post","link":"https:\/\/agora.xtec.cat\/ceipsantpere\/curs-2018-2019\/candidats-per-la-renovacio-del-consell-escolar\/","title":{"rendered":"CANDIDATS PER LA RENOVACI\u00d3 DEL CONSELL ESCOLAR"},"content":{"rendered":"<p>Els candidats per la renovaci\u00f3 del Consell Escolar sector pares\/mares s\u00f3n els seg\u00fcents:<\/p>\n<ul>\n<li>NURIA BANQU\u00c9 VILLAR mare dels alumnes Aleix i Armand Sabio Banqu\u00e9<\/li>\n<li>DAVINIA G\u00d3MEZ GARCIA mare de l&#8217;alumna Alexia Vi\u00f1as G\u00f3mez<\/li>\n<li>ANNA ESCOL\u00c0 ESTATUET\u00a0 mare de l&#8217;alumna Jana Grau Escol\u00e0<\/li>\n<li>LINA S\u00c1NCHEZ GRIMA mare de la Bruna i l&#8217;Ot Rus S\u00e1nchez<\/li>\n<\/ul>\n<p><a href=\"https:\/\/agora.xtec.cat\/ceipsantpere\/wp-content\/uploads\/usu1286\/2018\/11\/Eleccions-al-Consell-Escolar.png\"> <img loading=\"lazy\" decoding=\"async\" class=\"aligncenter size-full wp-image-4682\" src=\"https:\/\/agora.xtec.cat\/ceipsantpere\/wp-content\/uploads\/usu1286\/2018\/11\/Eleccions-al-Consell-Escolar.png\" alt=\"\" width=\"298\" height=\"196\" \/><\/a><\/p>\n<p>Seran 3 els pares\/mares\u00a0 representants que renoven en la present convocat\u00f2ria, l&#8217;altre\/a pare\/mare quedar\u00e0 com a suplent.<\/p>\n<p><strong>Les Eleccions seran el 28 de novembre a la sala de mestres: <\/strong><\/p>\n<p>D<span style=\"font-family: inherit; font-size: 1em;\">e 9 a 9.30h, de 12.30 a 13 i de 16.30h a 17h<\/span><\/p>\n<p><strong>VOTEU EL VOSTRE REPRESENTANT!!!\u00a0<\/strong> \u00a0 \u00a0 \u00a0 \u00a0 \u00a0 \u00a0 \u00a0 \u00a0 \u00a0 \u00a0 \u00a0 \u00a0 \u00a0<strong>PARTICIPEU-HI!!!!&#8221;<\/strong><\/p>\n","protected":false},"excerpt":{"rendered":"<p>Els candidats per la renovaci\u00f3 del Consell Escolar sector pares\/mares s\u00f3n els seg\u00fcents: NURIA BANQU\u00c9 VILLAR mare dels alumnes Aleix i Armand Sabio Banqu\u00e9 DAVINIA G\u00d3MEZ GARCIA mare de l&#8217;alumna Alexia Vi\u00f1as G\u00f3mez ANNA ESCOL\u00c0 ESTATUET\u00a0 mare de l&#8217;alumna Jana Grau Escol\u00e0 LINA S\u00c1NCHEZ GRIMA mare de la Bruna i l&#8217;Ot Rus S\u00e1nchez Seran 3 [&hellip;]<\/p>\n","protected":false},"author":1,"featured_media":0,"comment_status":"open","ping_status":"closed","sticky":false,"template":"","format":"standard","meta":{"_bbp_topic_count":0,"_bbp_reply_count":0,"_bbp_total_topic_count":0,"_bbp_total_reply_count":0,"_bbp_voice_count":0,"_bbp_anonymous_reply_count":0,"_bbp_topic_count_hidden":0,"_bbp_reply_count_hidden":0,"_bbp_forum_subforum_count":0,"site-sidebar-layout":"default","site-content-layout":"","ast-site-content-layout":"","site-content-style":"default","site-sidebar-style":"default","ast-global-header-display":"","ast-banner-title-visibility":"","ast-main-header-display":"","ast-hfb-above-header-display":"","ast-hfb-below-header-display":"","ast-hfb-mobile-header-display":"","site-post-title":"","ast-breadcrumbs-content":"","ast-featured-img":"","footer-sml-layout":"","theme-transparent-header-meta":"","adv-header-id-meta":"","stick-header-meta":"","header-above-stick-meta":"","header-main-stick-meta":"","header-below-stick-meta":"","astra-migrate-meta-layouts":"default","ast-page-background-enabled":"default","ast-page-background-meta":{"desktop":{"background-color":"var(--ast-global-color-4)","background-image":"","background-repeat":"repeat","background-position":"center center","background-size":"auto","background-attachment":"scroll","background-type":"","background-media":"","overlay-type":"","overlay-color":"","overlay-opacity":"","overlay-gradient":""},"tablet":{"background-color":"","background-image":"","background-repeat":"repeat","background-position":"center center","background-size":"auto","background-attachment":"scroll","background-type":"","background-media":"","overlay-type":"","overlay-color":"","overlay-opacity":"","overlay-gradient":""},"mobile":{"background-color":"","background-image":"","background-repeat":"repeat","background-position":"center center","background-size":"auto","background-attachment":"scroll","background-type":"","background-media":"","overlay-type":"","overlay-color":"","overlay-opacity":"","overlay-gradient":""}},"ast-content-background-meta":{"desktop":{"background-color":"var(--ast-global-color-5)","background-image":"","background-repeat":"repeat","background-position":"center center","background-size":"auto","background-attachment":"scroll","background-type":"","background-media":"","overlay-type":"","overlay-color":"","overlay-opacity":"","overlay-gradient":""},"tablet":{"background-color":"var(--ast-global-color-5)","background-image":"","background-repeat":"repeat","background-position":"center center","background-size":"auto","background-attachment":"scroll","background-type":"","background-media":"","overlay-type":"","overlay-color":"","overlay-opacity":"","overlay-gradient":""},"mobile":{"background-color":"var(--ast-global-color-5)","background-image":"","background-repeat":"repeat","background-position":"center center","background-size":"auto","background-attachment":"scroll","background-type":"","background-media":"","overlay-type":"","overlay-color":"","overlay-opacity":"","overlay-gradient":""}},"footnotes":""},"categories":[302],"tags":[258],"class_list":["post-4681","post","type-post","status-publish","format-standard","hentry","category-curs-2018-2019","tag-eleccions-consell-escolar"],"post_mailing_queue_ids":[],"_links":{"self":[{"href":"https:\/\/agora.xtec.cat\/ceipsantpere\/wp-json\/wp\/v2\/posts\/4681","targetHints":{"allow":["GET"]}}],"collection":[{"href":"https:\/\/agora.xtec.cat\/ceipsantpere\/wp-json\/wp\/v2\/posts"}],"about":[{"href":"https:\/\/agora.xtec.cat\/ceipsantpere\/wp-json\/wp\/v2\/types\/post"}],"author":[{"embeddable":true,"href":"https:\/\/agora.xtec.cat\/ceipsantpere\/wp-json\/wp\/v2\/users\/1"}],"replies":[{"embeddable":true,"href":"https:\/\/agora.xtec.cat\/ceipsantpere\/wp-json\/wp\/v2\/comments?post=4681"}],"version-history":[{"count":3,"href":"https:\/\/agora.xtec.cat\/ceipsantpere\/wp-json\/wp\/v2\/posts\/4681\/revisions"}],"predecessor-version":[{"id":4686,"href":"https:\/\/agora.xtec.cat\/ceipsantpere\/wp-json\/wp\/v2\/posts\/4681\/revisions\/4686"}],"wp:attachment":[{"href":"https:\/\/agora.xtec.cat\/ceipsantpere\/wp-json\/wp\/v2\/media?parent=4681"}],"wp:term":[{"taxonomy":"category","embeddable":true,"href":"https:\/\/agora.xtec.cat\/ceipsantpere\/wp-json\/wp\/v2\/categories?post=4681"},{"taxonomy":"post_tag","embeddable":true,"href":"https:\/\/agora.xtec.cat\/ceipsantpere\/wp-json\/wp\/v2\/tags?post=4681"}],"curies":[{"name":"wp","href":"https:\/\/api.w.org\/{rel}","templated":true}]}}