{"id":18018,"date":"2026-04-27T14:27:08","date_gmt":"2026-04-27T12:27:08","guid":{"rendered":"https:\/\/agora.xtec.cat\/ceipsantpere\/?p=18018"},"modified":"2026-04-27T14:29:23","modified_gmt":"2026-04-27T12:29:23","slug":"fira-medieval","status":"publish","type":"post","link":"https:\/\/agora.xtec.cat\/ceipsantpere\/primaria\/6e\/fira-medieval\/","title":{"rendered":"FIRA MEDIEVAL"},"content":{"rendered":"<p style=\"text-align: center;\" data-start=\"0\" data-end=\"283\"><a href=\"https:\/\/agora.xtec.cat\/ceipsantpere\/wp-content\/uploads\/usu1286\/2026\/04\/FIRA-MEDIEVAL-1.jpg\"><img loading=\"lazy\" decoding=\"async\" class=\"alignnone size-medium wp-image-18036\" src=\"https:\/\/agora.xtec.cat\/ceipsantpere\/wp-content\/uploads\/usu1286\/2026\/04\/FIRA-MEDIEVAL-1-300x300.jpg\" alt=\"\" width=\"300\" height=\"300\" srcset=\"https:\/\/agora.xtec.cat\/ceipsantpere\/wp-content\/uploads\/usu1286\/2026\/04\/FIRA-MEDIEVAL-1-300x300.jpg 300w, https:\/\/agora.xtec.cat\/ceipsantpere\/wp-content\/uploads\/usu1286\/2026\/04\/FIRA-MEDIEVAL-1-150x150.jpg 150w, https:\/\/agora.xtec.cat\/ceipsantpere\/wp-content\/uploads\/usu1286\/2026\/04\/FIRA-MEDIEVAL-1-768x768.jpg 768w, https:\/\/agora.xtec.cat\/ceipsantpere\/wp-content\/uploads\/usu1286\/2026\/04\/FIRA-MEDIEVAL-1.jpg 800w\" sizes=\"auto, (max-width: 300px) 100vw, 300px\" \/><\/a><\/p>\n<p data-start=\"0\" data-end=\"283\">L\u2019alumnat de sis\u00e8, el divendres 24, ha celebrat una fira medieval com a cloenda del projecte sobre l\u2019edat mitjana que han treballat durant el segon trimestre. Aquesta activitat ha perm\u00e8s posar en pr\u00e0ctica, d\u2019una manera vivencial i participativa, tots els continguts apresos a l\u2019aula.<\/p>\n<p data-start=\"285\" data-end=\"684\">Al llarg de la jornada, els alumnes han preparat diferents estands i representacions per explicar aspectes diversos de la vida medieval, com ara els oficis, l\u2019organitzaci\u00f3 social, els castells, la vida quotidiana o les tradicions de l\u2019\u00e8poca. Les explicacions han combinat elements te\u00f2rics amb activitats pr\u00e0ctiques i demostracions, fet que ha ajudat a fer l\u2019aprenentatge m\u00e9s significatiu i atractiu.<\/p>\n<p data-start=\"686\" data-end=\"940\">La fira ha estat oberta a tot l\u2019alumnat de l\u2019escola, des dels m\u00e9s petits fins als m\u00e9s grans, que han pogut visitar els espais i participar en les activitats proposades.<\/p>\n<p data-start=\"942\" data-end=\"1106\" data-is-last-node=\"\" data-is-only-node=\"\">Ha estat una jornada intensa, per\u00f2 alhora molt enriquidora, que ha perm\u00e8s a l\u2019alumnat consolidar els aprenentatges d\u2019una manera din\u00e0mica, creativa i col\u00b7laborativa.<\/p>\n<p data-start=\"942\" data-end=\"1106\" data-is-last-node=\"\" data-is-only-node=\"\">Si voleu veure m\u00e9s imatges del proc\u00e9s cliqueu <a href=\"https:\/\/agora.xtec.cat\/ceipsantpere\/primaria\/fotos-de-la-promocio-7\/\">aqu\u00ed<\/a>.<\/p>\n","protected":false},"excerpt":{"rendered":"<p>L\u2019alumnat de sis\u00e8, el divendres 24, ha celebrat una fira medieval com a cloenda del projecte sobre l\u2019edat mitjana que han treballat durant el segon trimestre. Aquesta activitat ha perm\u00e8s posar en pr\u00e0ctica, d\u2019una manera vivencial i participativa, tots els continguts apresos a l\u2019aula. Al llarg de la jornada, els alumnes han preparat diferents estands [&hellip;]<\/p>\n","protected":false},"author":55,"featured_media":18022,"comment_status":"open","ping_status":"open","sticky":false,"template":"","format":"standard","meta":{"_bbp_topic_count":0,"_bbp_reply_count":0,"_bbp_total_topic_count":0,"_bbp_total_reply_count":0,"_bbp_voice_count":0,"_bbp_anonymous_reply_count":0,"_bbp_topic_count_hidden":0,"_bbp_reply_count_hidden":0,"_bbp_forum_subforum_count":0,"site-sidebar-layout":"default","site-content-layout":"","ast-site-content-layout":"default","site-content-style":"default","site-sidebar-style":"default","ast-global-header-display":"","ast-banner-title-visibility":"","ast-main-header-display":"","ast-hfb-above-header-display":"","ast-hfb-below-header-display":"","ast-hfb-mobile-header-display":"","site-post-title":"","ast-breadcrumbs-content":"","ast-featured-img":"","footer-sml-layout":"","theme-transparent-header-meta":"default","adv-header-id-meta":"","stick-header-meta":"","header-above-stick-meta":"","header-main-stick-meta":"","header-below-stick-meta":"","astra-migrate-meta-layouts":"set","ast-page-background-enabled":"default","ast-page-background-meta":{"desktop":{"background-color":"var(--ast-global-color-4)","background-image":"","background-repeat":"repeat","background-position":"center center","background-size":"auto","background-attachment":"scroll","background-type":"","background-media":"","overlay-type":"","overlay-color":"","overlay-opacity":"","overlay-gradient":""},"tablet":{"background-color":"","background-image":"","background-repeat":"repeat","background-position":"center center","background-size":"auto","background-attachment":"scroll","background-type":"","background-media":"","overlay-type":"","overlay-color":"","overlay-opacity":"","overlay-gradient":""},"mobile":{"background-color":"","background-image":"","background-repeat":"repeat","background-position":"center center","background-size":"auto","background-attachment":"scroll","background-type":"","background-media":"","overlay-type":"","overlay-color":"","overlay-opacity":"","overlay-gradient":""}},"ast-content-background-meta":{"desktop":{"background-color":"var(--ast-global-color-5)","background-image":"","background-repeat":"repeat","background-position":"center center","background-size":"auto","background-attachment":"scroll","background-type":"","background-media":"","overlay-type":"","overlay-color":"","overlay-opacity":"","overlay-gradient":""},"tablet":{"background-color":"var(--ast-global-color-5)","background-image":"","background-repeat":"repeat","background-position":"center center","background-size":"auto","background-attachment":"scroll","background-type":"","background-media":"","overlay-type":"","overlay-color":"","overlay-opacity":"","overlay-gradient":""},"mobile":{"background-color":"var(--ast-global-color-5)","background-image":"","background-repeat":"repeat","background-position":"center center","background-size":"auto","background-attachment":"scroll","background-type":"","background-media":"","overlay-type":"","overlay-color":"","overlay-opacity":"","overlay-gradient":""}},"footnotes":""},"categories":[15],"tags":[88,576],"class_list":["post-18018","post","type-post","status-publish","format-standard","has-post-thumbnail","hentry","category-6e","tag-coneixement-del-medi","tag-projecte"],"post_mailing_queue_ids":[],"_links":{"self":[{"href":"https:\/\/agora.xtec.cat\/ceipsantpere\/wp-json\/wp\/v2\/posts\/18018","targetHints":{"allow":["GET"]}}],"collection":[{"href":"https:\/\/agora.xtec.cat\/ceipsantpere\/wp-json\/wp\/v2\/posts"}],"about":[{"href":"https:\/\/agora.xtec.cat\/ceipsantpere\/wp-json\/wp\/v2\/types\/post"}],"author":[{"embeddable":true,"href":"https:\/\/agora.xtec.cat\/ceipsantpere\/wp-json\/wp\/v2\/users\/55"}],"replies":[{"embeddable":true,"href":"https:\/\/agora.xtec.cat\/ceipsantpere\/wp-json\/wp\/v2\/comments?post=18018"}],"version-history":[{"count":4,"href":"https:\/\/agora.xtec.cat\/ceipsantpere\/wp-json\/wp\/v2\/posts\/18018\/revisions"}],"predecessor-version":[{"id":18037,"href":"https:\/\/agora.xtec.cat\/ceipsantpere\/wp-json\/wp\/v2\/posts\/18018\/revisions\/18037"}],"wp:featuredmedia":[{"embeddable":true,"href":"https:\/\/agora.xtec.cat\/ceipsantpere\/wp-json\/wp\/v2\/media\/18022"}],"wp:attachment":[{"href":"https:\/\/agora.xtec.cat\/ceipsantpere\/wp-json\/wp\/v2\/media?parent=18018"}],"wp:term":[{"taxonomy":"category","embeddable":true,"href":"https:\/\/agora.xtec.cat\/ceipsantpere\/wp-json\/wp\/v2\/categories?post=18018"},{"taxonomy":"post_tag","embeddable":true,"href":"https:\/\/agora.xtec.cat\/ceipsantpere\/wp-json\/wp\/v2\/tags?post=18018"}],"curies":[{"name":"wp","href":"https:\/\/api.w.org\/{rel}","templated":true}]}}