{"id":13339,"date":"2023-04-20T16:20:43","date_gmt":"2023-04-20T14:20:43","guid":{"rendered":"https:\/\/agora.xtec.cat\/ceipsantpere\/?p=13339"},"modified":"2023-07-03T19:42:17","modified_gmt":"2023-07-03T17:42:17","slug":"tallers-setmana-de-sant-jordi","status":"publish","type":"post","link":"https:\/\/agora.xtec.cat\/ceipsantpere\/curs-2022-2023\/tallers-setmana-de-sant-jordi\/","title":{"rendered":"TALLERS SETMANA DE SANT JORDI"},"content":{"rendered":"<p><a href=\"https:\/\/drive.google.com\/file\/d\/1DH_13CaxyDdVbxUQdZQ3UJmwVHrUl3ET\/view?usp=sharing\"><img loading=\"lazy\" decoding=\"async\" class=\"aligncenter wp-image-13340\" src=\"https:\/\/agora.xtec.cat\/ceipsantpere\/wp-content\/uploads\/usu1286\/2023\/04\/Captura-de-pantalla-2023-04-20-125137.png\" alt=\"\" width=\"476\" height=\"218\" srcset=\"https:\/\/agora.xtec.cat\/ceipsantpere\/wp-content\/uploads\/usu1286\/2023\/04\/Captura-de-pantalla-2023-04-20-125137.png 885w, https:\/\/agora.xtec.cat\/ceipsantpere\/wp-content\/uploads\/usu1286\/2023\/04\/Captura-de-pantalla-2023-04-20-125137-300x137.png 300w, https:\/\/agora.xtec.cat\/ceipsantpere\/wp-content\/uploads\/usu1286\/2023\/04\/Captura-de-pantalla-2023-04-20-125137-768x351.png 768w\" sizes=\"auto, (max-width: 476px) 100vw, 476px\" \/><\/a><\/p>\n<p style=\"text-align: justify\">Hola fam\u00edlies,<\/p>\n<p style=\"text-align: justify\">Aquesta setmana hem aprofitat que el diumenge \u00e9s Sant Jordi per a muntar tallers sobre aquesta tem\u00e0tica.<\/p>\n<p style=\"text-align: justify\">Dimarts, dimecres i dijous a la tarda ens hem barrejat tots els infants d&#8217;Infantil i hem anat rotant per diferents propostes. Ja sabeu que ens encanta barrejar-nos, ens ho hem passat genial!<\/p>\n<p style=\"text-align: justify\">Hem muntat un v\u00eddeo per a qu\u00e8 veieu qu\u00e8 hem estat fent. El podeu veure clicant la imatge.<\/p>\n<p style=\"text-align: right\">Mestres d&#8217;Infantil<\/p>\n","protected":false},"excerpt":{"rendered":"<p>Hola fam\u00edlies, Aquesta setmana hem aprofitat que el diumenge \u00e9s Sant Jordi per a muntar tallers sobre aquesta tem\u00e0tica. Dimarts, dimecres i dijous a la tarda ens hem barrejat tots els infants d&#8217;Infantil i hem anat rotant per diferents propostes. Ja sabeu que ens encanta barrejar-nos, ens ho hem passat genial! Hem muntat un v\u00eddeo [&hellip;]<\/p>\n","protected":false},"author":1,"featured_media":0,"comment_status":"open","ping_status":"closed","sticky":false,"template":"","format":"standard","meta":{"_bbp_topic_count":0,"_bbp_reply_count":0,"_bbp_total_topic_count":0,"_bbp_total_reply_count":0,"_bbp_voice_count":0,"_bbp_anonymous_reply_count":0,"_bbp_topic_count_hidden":0,"_bbp_reply_count_hidden":0,"_bbp_forum_subforum_count":0,"site-sidebar-layout":"default","site-content-layout":"","ast-site-content-layout":"","site-content-style":"default","site-sidebar-style":"default","ast-global-header-display":"","ast-banner-title-visibility":"","ast-main-header-display":"","ast-hfb-above-header-display":"","ast-hfb-below-header-display":"","ast-hfb-mobile-header-display":"","site-post-title":"","ast-breadcrumbs-content":"","ast-featured-img":"","footer-sml-layout":"","theme-transparent-header-meta":"","adv-header-id-meta":"","stick-header-meta":"","header-above-stick-meta":"","header-main-stick-meta":"","header-below-stick-meta":"","astra-migrate-meta-layouts":"default","ast-page-background-enabled":"default","ast-page-background-meta":{"desktop":{"background-color":"var(--ast-global-color-4)","background-image":"","background-repeat":"repeat","background-position":"center center","background-size":"auto","background-attachment":"scroll","background-type":"","background-media":"","overlay-type":"","overlay-color":"","overlay-opacity":"","overlay-gradient":""},"tablet":{"background-color":"","background-image":"","background-repeat":"repeat","background-position":"center center","background-size":"auto","background-attachment":"scroll","background-type":"","background-media":"","overlay-type":"","overlay-color":"","overlay-opacity":"","overlay-gradient":""},"mobile":{"background-color":"","background-image":"","background-repeat":"repeat","background-position":"center center","background-size":"auto","background-attachment":"scroll","background-type":"","background-media":"","overlay-type":"","overlay-color":"","overlay-opacity":"","overlay-gradient":""}},"ast-content-background-meta":{"desktop":{"background-color":"var(--ast-global-color-5)","background-image":"","background-repeat":"repeat","background-position":"center center","background-size":"auto","background-attachment":"scroll","background-type":"","background-media":"","overlay-type":"","overlay-color":"","overlay-opacity":"","overlay-gradient":""},"tablet":{"background-color":"var(--ast-global-color-5)","background-image":"","background-repeat":"repeat","background-position":"center center","background-size":"auto","background-attachment":"scroll","background-type":"","background-media":"","overlay-type":"","overlay-color":"","overlay-opacity":"","overlay-gradient":""},"mobile":{"background-color":"var(--ast-global-color-5)","background-image":"","background-repeat":"repeat","background-position":"center center","background-size":"auto","background-attachment":"scroll","background-type":"","background-media":"","overlay-type":"","overlay-color":"","overlay-opacity":"","overlay-gradient":""}},"footnotes":""},"categories":[641],"tags":[558,80],"class_list":["post-13339","post","type-post","status-publish","format-standard","hentry","category-curs-2022-2023","tag-curs-22-23","tag-sant-jordi"],"post_mailing_queue_ids":[],"_links":{"self":[{"href":"https:\/\/agora.xtec.cat\/ceipsantpere\/wp-json\/wp\/v2\/posts\/13339","targetHints":{"allow":["GET"]}}],"collection":[{"href":"https:\/\/agora.xtec.cat\/ceipsantpere\/wp-json\/wp\/v2\/posts"}],"about":[{"href":"https:\/\/agora.xtec.cat\/ceipsantpere\/wp-json\/wp\/v2\/types\/post"}],"author":[{"embeddable":true,"href":"https:\/\/agora.xtec.cat\/ceipsantpere\/wp-json\/wp\/v2\/users\/1"}],"replies":[{"embeddable":true,"href":"https:\/\/agora.xtec.cat\/ceipsantpere\/wp-json\/wp\/v2\/comments?post=13339"}],"version-history":[{"count":3,"href":"https:\/\/agora.xtec.cat\/ceipsantpere\/wp-json\/wp\/v2\/posts\/13339\/revisions"}],"predecessor-version":[{"id":13358,"href":"https:\/\/agora.xtec.cat\/ceipsantpere\/wp-json\/wp\/v2\/posts\/13339\/revisions\/13358"}],"wp:attachment":[{"href":"https:\/\/agora.xtec.cat\/ceipsantpere\/wp-json\/wp\/v2\/media?parent=13339"}],"wp:term":[{"taxonomy":"category","embeddable":true,"href":"https:\/\/agora.xtec.cat\/ceipsantpere\/wp-json\/wp\/v2\/categories?post=13339"},{"taxonomy":"post_tag","embeddable":true,"href":"https:\/\/agora.xtec.cat\/ceipsantpere\/wp-json\/wp\/v2\/tags?post=13339"}],"curies":[{"name":"wp","href":"https:\/\/api.w.org\/{rel}","templated":true}]}}