{"id":12719,"date":"2022-12-13T09:58:48","date_gmt":"2022-12-13T08:58:48","guid":{"rendered":"https:\/\/agora.xtec.cat\/ceipsantpere\/?p=12719"},"modified":"2023-07-03T19:41:22","modified_gmt":"2023-07-03T17:41:22","slug":"sortida-al-teatre-conservatori-de-manresa","status":"publish","type":"post","link":"https:\/\/agora.xtec.cat\/ceipsantpere\/curs-2022-2023\/sortida-al-teatre-conservatori-de-manresa\/","title":{"rendered":"SORTIDA AL TEATRE CONSERVATORI DE MANRESA"},"content":{"rendered":"<p><a href=\"https:\/\/agora.xtec.cat\/ceipsantpere\/wp-content\/uploads\/usu1286\/2022\/12\/alma.jpg\"><img loading=\"lazy\" decoding=\"async\" class=\"wp-image-12720 aligncenter\" src=\"https:\/\/agora.xtec.cat\/ceipsantpere\/wp-content\/uploads\/usu1286\/2022\/12\/alma.jpg\" alt=\"\" width=\"405\" height=\"456\" srcset=\"https:\/\/agora.xtec.cat\/ceipsantpere\/wp-content\/uploads\/usu1286\/2022\/12\/alma.jpg 565w, https:\/\/agora.xtec.cat\/ceipsantpere\/wp-content\/uploads\/usu1286\/2022\/12\/alma-267x300.jpg 267w\" sizes=\"auto, (max-width: 405px) 100vw, 405px\" \/><\/a><\/p>\n<p style=\"text-align: justify;\">Bon dia,<\/p>\n<p style=\"text-align: justify;\">Durant el mat\u00ed d&#8217;ahir els infants d&#8217;I3, I4 i I5 v\u00e0rem poder gaudir d&#8217;un espectacle &#8220;MERAVELL\u00d3S&#8221; que porta per nom &#8220;ALMA&#8221;.<\/p>\n<p style=\"text-align: justify;\"><b>Alma<\/b><span style=\"font-weight: 400;\"> \u00e9s un viatge po\u00e8tic i sensorial a trav\u00e9s de les quatre estacions de l\u2019any, cada una amb una \u00e0nima pr\u00f2pia que prendr\u00e0 forma a trav\u00e9s dels objectes i materials que s\u2019anir\u00e0 trobant la protagonista.<\/span><\/p>\n<p style=\"text-align: justify;\"><span style=\"font-weight: 400;\">Aquesta obra de teatre es basa en el teatre d\u2019objectes i el moviment. Els m\u00e9s petits gaudiran d\u2019una proposta amb materials naturals, divertida i alhora po\u00e8tica, que parla del pas del temps.<\/span><\/p>\n<p style=\"text-align: justify;\">Aqu\u00ed us deixem algunes<a href=\"https:\/\/drive.google.com\/drive\/folders\/1-JJwhj017p-FrlJiYPK44fI7LHfT-UUZ?usp=sharing\"> imatges .<\/a><\/p>\n<p style=\"text-align: justify;\">Gr\u00e0cies<\/p>\n","protected":false},"excerpt":{"rendered":"<p>Bon dia, Durant el mat\u00ed d&#8217;ahir els infants d&#8217;I3, I4 i I5 v\u00e0rem poder gaudir d&#8217;un espectacle &#8220;MERAVELL\u00d3S&#8221; que porta per nom &#8220;ALMA&#8221;. Alma \u00e9s un viatge po\u00e8tic i sensorial a trav\u00e9s de les quatre estacions de l\u2019any, cada una amb una \u00e0nima pr\u00f2pia que prendr\u00e0 forma a trav\u00e9s dels objectes i materials que s\u2019anir\u00e0 [&hellip;]<\/p>\n","protected":false},"author":1,"featured_media":0,"comment_status":"open","ping_status":"closed","sticky":false,"template":"","format":"standard","meta":{"_bbp_topic_count":0,"_bbp_reply_count":0,"_bbp_total_topic_count":0,"_bbp_total_reply_count":0,"_bbp_voice_count":0,"_bbp_anonymous_reply_count":0,"_bbp_topic_count_hidden":0,"_bbp_reply_count_hidden":0,"_bbp_forum_subforum_count":0,"site-sidebar-layout":"default","site-content-layout":"","ast-site-content-layout":"","site-content-style":"default","site-sidebar-style":"default","ast-global-header-display":"","ast-banner-title-visibility":"","ast-main-header-display":"","ast-hfb-above-header-display":"","ast-hfb-below-header-display":"","ast-hfb-mobile-header-display":"","site-post-title":"","ast-breadcrumbs-content":"","ast-featured-img":"","footer-sml-layout":"","theme-transparent-header-meta":"","adv-header-id-meta":"","stick-header-meta":"","header-above-stick-meta":"","header-main-stick-meta":"","header-below-stick-meta":"","astra-migrate-meta-layouts":"default","ast-page-background-enabled":"default","ast-page-background-meta":{"desktop":{"background-color":"var(--ast-global-color-4)","background-image":"","background-repeat":"repeat","background-position":"center center","background-size":"auto","background-attachment":"scroll","background-type":"","background-media":"","overlay-type":"","overlay-color":"","overlay-opacity":"","overlay-gradient":""},"tablet":{"background-color":"","background-image":"","background-repeat":"repeat","background-position":"center center","background-size":"auto","background-attachment":"scroll","background-type":"","background-media":"","overlay-type":"","overlay-color":"","overlay-opacity":"","overlay-gradient":""},"mobile":{"background-color":"","background-image":"","background-repeat":"repeat","background-position":"center center","background-size":"auto","background-attachment":"scroll","background-type":"","background-media":"","overlay-type":"","overlay-color":"","overlay-opacity":"","overlay-gradient":""}},"ast-content-background-meta":{"desktop":{"background-color":"var(--ast-global-color-5)","background-image":"","background-repeat":"repeat","background-position":"center center","background-size":"auto","background-attachment":"scroll","background-type":"","background-media":"","overlay-type":"","overlay-color":"","overlay-opacity":"","overlay-gradient":""},"tablet":{"background-color":"var(--ast-global-color-5)","background-image":"","background-repeat":"repeat","background-position":"center center","background-size":"auto","background-attachment":"scroll","background-type":"","background-media":"","overlay-type":"","overlay-color":"","overlay-opacity":"","overlay-gradient":""},"mobile":{"background-color":"var(--ast-global-color-5)","background-image":"","background-repeat":"repeat","background-position":"center center","background-size":"auto","background-attachment":"scroll","background-type":"","background-media":"","overlay-type":"","overlay-color":"","overlay-opacity":"","overlay-gradient":""}},"footnotes":""},"categories":[641],"tags":[558,235,506],"class_list":["post-12719","post","type-post","status-publish","format-standard","hentry","category-curs-2022-2023","tag-curs-22-23","tag-educacio-infantil","tag-sortida-al-teatre"],"post_mailing_queue_ids":[],"_links":{"self":[{"href":"https:\/\/agora.xtec.cat\/ceipsantpere\/wp-json\/wp\/v2\/posts\/12719","targetHints":{"allow":["GET"]}}],"collection":[{"href":"https:\/\/agora.xtec.cat\/ceipsantpere\/wp-json\/wp\/v2\/posts"}],"about":[{"href":"https:\/\/agora.xtec.cat\/ceipsantpere\/wp-json\/wp\/v2\/types\/post"}],"author":[{"embeddable":true,"href":"https:\/\/agora.xtec.cat\/ceipsantpere\/wp-json\/wp\/v2\/users\/1"}],"replies":[{"embeddable":true,"href":"https:\/\/agora.xtec.cat\/ceipsantpere\/wp-json\/wp\/v2\/comments?post=12719"}],"version-history":[{"count":3,"href":"https:\/\/agora.xtec.cat\/ceipsantpere\/wp-json\/wp\/v2\/posts\/12719\/revisions"}],"predecessor-version":[{"id":13033,"href":"https:\/\/agora.xtec.cat\/ceipsantpere\/wp-json\/wp\/v2\/posts\/12719\/revisions\/13033"}],"wp:attachment":[{"href":"https:\/\/agora.xtec.cat\/ceipsantpere\/wp-json\/wp\/v2\/media?parent=12719"}],"wp:term":[{"taxonomy":"category","embeddable":true,"href":"https:\/\/agora.xtec.cat\/ceipsantpere\/wp-json\/wp\/v2\/categories?post=12719"},{"taxonomy":"post_tag","embeddable":true,"href":"https:\/\/agora.xtec.cat\/ceipsantpere\/wp-json\/wp\/v2\/tags?post=12719"}],"curies":[{"name":"wp","href":"https:\/\/api.w.org\/{rel}","templated":true}]}}