{"id":12556,"date":"2022-11-16T13:52:33","date_gmt":"2022-11-16T12:52:33","guid":{"rendered":"https:\/\/agora.xtec.cat\/ceipsantpere\/?p=12556"},"modified":"2022-11-16T21:37:10","modified_gmt":"2022-11-16T20:37:10","slug":"ens-visita-la-deixalleria-mobil","status":"publish","type":"post","link":"https:\/\/agora.xtec.cat\/ceipsantpere\/general\/ens-visita-la-deixalleria-mobil\/","title":{"rendered":"ENS VISITA LA DEIXALLERIA M\u00d2BIL"},"content":{"rendered":"<p><a href=\"https:\/\/agora.xtec.cat\/ceipsantpere\/wp-content\/uploads\/usu1286\/2022\/11\/IMG_5034.jpg\"><img loading=\"lazy\" decoding=\"async\" class=\"wp-image-12555 aligncenter\" src=\"https:\/\/agora.xtec.cat\/ceipsantpere\/wp-content\/uploads\/usu1286\/2022\/11\/IMG_5034-1024x662.jpg\" alt=\"\" width=\"400\" height=\"259\" srcset=\"https:\/\/agora.xtec.cat\/ceipsantpere\/wp-content\/uploads\/usu1286\/2022\/11\/IMG_5034-1024x662.jpg 1024w, https:\/\/agora.xtec.cat\/ceipsantpere\/wp-content\/uploads\/usu1286\/2022\/11\/IMG_5034-300x194.jpg 300w, https:\/\/agora.xtec.cat\/ceipsantpere\/wp-content\/uploads\/usu1286\/2022\/11\/IMG_5034-768x496.jpg 768w, https:\/\/agora.xtec.cat\/ceipsantpere\/wp-content\/uploads\/usu1286\/2022\/11\/IMG_5034-1536x992.jpg 1536w, https:\/\/agora.xtec.cat\/ceipsantpere\/wp-content\/uploads\/usu1286\/2022\/11\/IMG_5034.jpg 1698w\" sizes=\"auto, (max-width: 400px) 100vw, 400px\" \/><\/a><\/p>\n<p><span style=\"font-weight: 400;\">Bona tarda fam\u00edlies!<\/span><\/p>\n<p style=\"text-align: justify;\"><span style=\"font-weight: 400;\">Fa unes setmanes, tota l&#8217;escola va rebre la visita de la Deixalleria M\u00f2bil. Cada curs va fer una activitat diferent on es mostrava la import\u00e0ncia de les 3R (Reciclar, Reduir i Reutilitzar). En el nostre dia a dia, utilitzem molts elements que s\u00f3n perjudicials per a la terra. Per aquest motiu, \u00e9s important reciclar el m\u00e0xim possible, ja sigui a casa com a l&#8217;escola.<\/span><\/p>\n<p style=\"text-align: justify;\"><span style=\"font-weight: 400;\">Un cop acabada l&#8217;activitat, van poder veure com \u00e9s una Deixalleria M\u00f2bil per dins i van reciclar tots els elements portats de casa, al seu <\/span><span style=\"font-weight: 400;\">contenidor.\u00a0<\/span><\/p>\n<p style=\"text-align: justify;\"><span style=\"font-weight: 400;\">Gr\u00e0cies per participar!<\/span><\/p>\n","protected":false},"excerpt":{"rendered":"<p>Bona tarda fam\u00edlies! Fa unes setmanes, tota l&#8217;escola va rebre la visita de la Deixalleria M\u00f2bil. Cada curs va fer una activitat diferent on es mostrava la import\u00e0ncia de les 3R (Reciclar, Reduir i Reutilitzar). En el nostre dia a dia, utilitzem molts elements que s\u00f3n perjudicials per a la terra. Per aquest motiu, \u00e9s [&hellip;]<\/p>\n","protected":false},"author":1,"featured_media":0,"comment_status":"open","ping_status":"closed","sticky":false,"template":"","format":"standard","meta":{"_bbp_topic_count":0,"_bbp_reply_count":0,"_bbp_total_topic_count":0,"_bbp_total_reply_count":0,"_bbp_voice_count":0,"_bbp_anonymous_reply_count":0,"_bbp_topic_count_hidden":0,"_bbp_reply_count_hidden":0,"_bbp_forum_subforum_count":0,"site-sidebar-layout":"default","site-content-layout":"","ast-site-content-layout":"","site-content-style":"default","site-sidebar-style":"default","ast-global-header-display":"","ast-banner-title-visibility":"","ast-main-header-display":"","ast-hfb-above-header-display":"","ast-hfb-below-header-display":"","ast-hfb-mobile-header-display":"","site-post-title":"","ast-breadcrumbs-content":"","ast-featured-img":"","footer-sml-layout":"","theme-transparent-header-meta":"","adv-header-id-meta":"","stick-header-meta":"","header-above-stick-meta":"","header-main-stick-meta":"","header-below-stick-meta":"","astra-migrate-meta-layouts":"default","ast-page-background-enabled":"default","ast-page-background-meta":{"desktop":{"background-color":"var(--ast-global-color-4)","background-image":"","background-repeat":"repeat","background-position":"center center","background-size":"auto","background-attachment":"scroll","background-type":"","background-media":"","overlay-type":"","overlay-color":"","overlay-opacity":"","overlay-gradient":""},"tablet":{"background-color":"","background-image":"","background-repeat":"repeat","background-position":"center center","background-size":"auto","background-attachment":"scroll","background-type":"","background-media":"","overlay-type":"","overlay-color":"","overlay-opacity":"","overlay-gradient":""},"mobile":{"background-color":"","background-image":"","background-repeat":"repeat","background-position":"center center","background-size":"auto","background-attachment":"scroll","background-type":"","background-media":"","overlay-type":"","overlay-color":"","overlay-opacity":"","overlay-gradient":""}},"ast-content-background-meta":{"desktop":{"background-color":"var(--ast-global-color-5)","background-image":"","background-repeat":"repeat","background-position":"center center","background-size":"auto","background-attachment":"scroll","background-type":"","background-media":"","overlay-type":"","overlay-color":"","overlay-opacity":"","overlay-gradient":""},"tablet":{"background-color":"var(--ast-global-color-5)","background-image":"","background-repeat":"repeat","background-position":"center center","background-size":"auto","background-attachment":"scroll","background-type":"","background-media":"","overlay-type":"","overlay-color":"","overlay-opacity":"","overlay-gradient":""},"mobile":{"background-color":"var(--ast-global-color-5)","background-image":"","background-repeat":"repeat","background-position":"center center","background-size":"auto","background-attachment":"scroll","background-type":"","background-media":"","overlay-type":"","overlay-color":"","overlay-opacity":"","overlay-gradient":""}},"footnotes":""},"categories":[55,1,4],"tags":[558,568,169],"class_list":["post-12556","post","type-post","status-publish","format-standard","hentry","category-escola-verda","category-general","category-portada","tag-curs-22-23","tag-deixalleria-mobil","tag-escola-verda"],"post_mailing_queue_ids":[],"_links":{"self":[{"href":"https:\/\/agora.xtec.cat\/ceipsantpere\/wp-json\/wp\/v2\/posts\/12556","targetHints":{"allow":["GET"]}}],"collection":[{"href":"https:\/\/agora.xtec.cat\/ceipsantpere\/wp-json\/wp\/v2\/posts"}],"about":[{"href":"https:\/\/agora.xtec.cat\/ceipsantpere\/wp-json\/wp\/v2\/types\/post"}],"author":[{"embeddable":true,"href":"https:\/\/agora.xtec.cat\/ceipsantpere\/wp-json\/wp\/v2\/users\/1"}],"replies":[{"embeddable":true,"href":"https:\/\/agora.xtec.cat\/ceipsantpere\/wp-json\/wp\/v2\/comments?post=12556"}],"version-history":[{"count":3,"href":"https:\/\/agora.xtec.cat\/ceipsantpere\/wp-json\/wp\/v2\/posts\/12556\/revisions"}],"predecessor-version":[{"id":12560,"href":"https:\/\/agora.xtec.cat\/ceipsantpere\/wp-json\/wp\/v2\/posts\/12556\/revisions\/12560"}],"wp:attachment":[{"href":"https:\/\/agora.xtec.cat\/ceipsantpere\/wp-json\/wp\/v2\/media?parent=12556"}],"wp:term":[{"taxonomy":"category","embeddable":true,"href":"https:\/\/agora.xtec.cat\/ceipsantpere\/wp-json\/wp\/v2\/categories?post=12556"},{"taxonomy":"post_tag","embeddable":true,"href":"https:\/\/agora.xtec.cat\/ceipsantpere\/wp-json\/wp\/v2\/tags?post=12556"}],"curies":[{"name":"wp","href":"https:\/\/api.w.org\/{rel}","templated":true}]}}