{"id":11508,"date":"2022-04-08T16:28:06","date_gmt":"2022-04-08T14:28:06","guid":{"rendered":"https:\/\/agora.xtec.cat\/ceipsantpere\/?p=11508"},"modified":"2022-09-05T14:37:37","modified_gmt":"2022-09-05T12:37:37","slug":"activitats-jornades-culturals","status":"publish","type":"post","link":"https:\/\/agora.xtec.cat\/ceipsantpere\/curs-2021-2022\/activitats-jornades-culturals\/","title":{"rendered":"ACTIVITATS JORNADES CULTURALS"},"content":{"rendered":"<p><a href=\"https:\/\/agora.xtec.cat\/ceipsantpere\/wp-content\/uploads\/usu1286\/2022\/04\/Disseny-sense-titol.jpg\"><img loading=\"lazy\" decoding=\"async\" class=\"aligncenter wp-image-11509\" src=\"https:\/\/agora.xtec.cat\/ceipsantpere\/wp-content\/uploads\/usu1286\/2022\/04\/Disseny-sense-titol.jpg\" alt=\"\" width=\"486\" height=\"389\" srcset=\"https:\/\/agora.xtec.cat\/ceipsantpere\/wp-content\/uploads\/usu1286\/2022\/04\/Disseny-sense-titol.jpg 2000w, https:\/\/agora.xtec.cat\/ceipsantpere\/wp-content\/uploads\/usu1286\/2022\/04\/Disseny-sense-titol-300x240.jpg 300w, https:\/\/agora.xtec.cat\/ceipsantpere\/wp-content\/uploads\/usu1286\/2022\/04\/Disseny-sense-titol-1024x819.jpg 1024w, https:\/\/agora.xtec.cat\/ceipsantpere\/wp-content\/uploads\/usu1286\/2022\/04\/Disseny-sense-titol-768x614.jpg 768w, https:\/\/agora.xtec.cat\/ceipsantpere\/wp-content\/uploads\/usu1286\/2022\/04\/Disseny-sense-titol-1536x1229.jpg 1536w\" sizes=\"auto, (max-width: 486px) 100vw, 486px\" \/><\/a><\/p>\n<p style=\"text-align: justify;\">Benvolgudes fam\u00edlies!<\/p>\n<p style=\"text-align: justify;\">Donem per finalitzada la setmana de les Jornades Culturals dedicades a Joan Carles Amat. Aquestes han estat altres activitats que hem estat fent a part dels tallers. Cada tarda l&#8217;hem dedicada a un monogr\u00e0fic.<\/p>\n<ul style=\"text-align: justify;\">\n<li>Gincama QR. Hem conegut l&#8217;entorn del poble i els edificis m\u00e9s emblem\u00e0tics de l&#8217;\u00e8poca del nostre protagonista.<\/li>\n<li>Taller de danses. Hem pogut ballar les danses renaixentistes que vam preparar per cursos durant la setmana de Carnestoltes perqu\u00e8 l&#8217;alumnat de l&#8217;escola les pogu\u00e9s aprendre totes.<\/li>\n<li>Entrevista amb l&#8217;Alcalde. Ens va venir a visitar en Joan Miguel, l&#8217;alcalde del nostre poble, per parlar de la figura i les funcions que fa un alcalde actualment i en l&#8217;\u00e8poca del Joan Carles.<\/li>\n<li>Concert de guitarra. Com a activitat de cloenda de la setmana hem anat a escoltar un concert educatiu de guitarra de part d&#8217;en Carles Blanch i la Paula Caminals.<\/li>\n<\/ul>\n<p style=\"text-align: justify;\">Hem gaudit i apr\u00e8s moltes coses!<\/p>\n<p style=\"text-align: justify;\">A reveure.<\/p>\n","protected":false},"excerpt":{"rendered":"<p>Benvolgudes fam\u00edlies! Donem per finalitzada la setmana de les Jornades Culturals dedicades a Joan Carles Amat. Aquestes han estat altres activitats que hem estat fent a part dels tallers. Cada tarda l&#8217;hem dedicada a un monogr\u00e0fic. Gincama QR. Hem conegut l&#8217;entorn del poble i els edificis m\u00e9s emblem\u00e0tics de l&#8217;\u00e8poca del nostre protagonista. Taller de [&hellip;]<\/p>\n","protected":false},"author":35,"featured_media":11509,"comment_status":"open","ping_status":"closed","sticky":false,"template":"","format":"standard","meta":{"_bbp_topic_count":0,"_bbp_reply_count":0,"_bbp_total_topic_count":0,"_bbp_total_reply_count":0,"_bbp_voice_count":0,"_bbp_anonymous_reply_count":0,"_bbp_topic_count_hidden":0,"_bbp_reply_count_hidden":0,"_bbp_forum_subforum_count":0,"site-sidebar-layout":"default","site-content-layout":"","ast-site-content-layout":"","site-content-style":"default","site-sidebar-style":"default","ast-global-header-display":"","ast-banner-title-visibility":"","ast-main-header-display":"","ast-hfb-above-header-display":"","ast-hfb-below-header-display":"","ast-hfb-mobile-header-display":"","site-post-title":"","ast-breadcrumbs-content":"","ast-featured-img":"","footer-sml-layout":"","theme-transparent-header-meta":"","adv-header-id-meta":"","stick-header-meta":"","header-above-stick-meta":"","header-main-stick-meta":"","header-below-stick-meta":"","astra-migrate-meta-layouts":"default","ast-page-background-enabled":"default","ast-page-background-meta":{"desktop":{"background-color":"var(--ast-global-color-4)","background-image":"","background-repeat":"repeat","background-position":"center center","background-size":"auto","background-attachment":"scroll","background-type":"","background-media":"","overlay-type":"","overlay-color":"","overlay-opacity":"","overlay-gradient":""},"tablet":{"background-color":"","background-image":"","background-repeat":"repeat","background-position":"center center","background-size":"auto","background-attachment":"scroll","background-type":"","background-media":"","overlay-type":"","overlay-color":"","overlay-opacity":"","overlay-gradient":""},"mobile":{"background-color":"","background-image":"","background-repeat":"repeat","background-position":"center center","background-size":"auto","background-attachment":"scroll","background-type":"","background-media":"","overlay-type":"","overlay-color":"","overlay-opacity":"","overlay-gradient":""}},"ast-content-background-meta":{"desktop":{"background-color":"var(--ast-global-color-5)","background-image":"","background-repeat":"repeat","background-position":"center center","background-size":"auto","background-attachment":"scroll","background-type":"","background-media":"","overlay-type":"","overlay-color":"","overlay-opacity":"","overlay-gradient":""},"tablet":{"background-color":"var(--ast-global-color-5)","background-image":"","background-repeat":"repeat","background-position":"center center","background-size":"auto","background-attachment":"scroll","background-type":"","background-media":"","overlay-type":"","overlay-color":"","overlay-opacity":"","overlay-gradient":""},"mobile":{"background-color":"var(--ast-global-color-5)","background-image":"","background-repeat":"repeat","background-position":"center center","background-size":"auto","background-attachment":"scroll","background-type":"","background-media":"","overlay-type":"","overlay-color":"","overlay-opacity":"","overlay-gradient":""}},"footnotes":""},"categories":[548],"tags":[124,439,489,216,521],"class_list":["post-11508","post","type-post","status-publish","format-standard","has-post-thumbnail","hentry","category-curs-2021-2022","tag-activitats-musicals","tag-dansa","tag-joan-carles-amat","tag-jornades-culturals","tag-mitjans"],"post_mailing_queue_ids":[],"_links":{"self":[{"href":"https:\/\/agora.xtec.cat\/ceipsantpere\/wp-json\/wp\/v2\/posts\/11508","targetHints":{"allow":["GET"]}}],"collection":[{"href":"https:\/\/agora.xtec.cat\/ceipsantpere\/wp-json\/wp\/v2\/posts"}],"about":[{"href":"https:\/\/agora.xtec.cat\/ceipsantpere\/wp-json\/wp\/v2\/types\/post"}],"author":[{"embeddable":true,"href":"https:\/\/agora.xtec.cat\/ceipsantpere\/wp-json\/wp\/v2\/users\/35"}],"replies":[{"embeddable":true,"href":"https:\/\/agora.xtec.cat\/ceipsantpere\/wp-json\/wp\/v2\/comments?post=11508"}],"version-history":[{"count":2,"href":"https:\/\/agora.xtec.cat\/ceipsantpere\/wp-json\/wp\/v2\/posts\/11508\/revisions"}],"predecessor-version":[{"id":11525,"href":"https:\/\/agora.xtec.cat\/ceipsantpere\/wp-json\/wp\/v2\/posts\/11508\/revisions\/11525"}],"wp:featuredmedia":[{"embeddable":true,"href":"https:\/\/agora.xtec.cat\/ceipsantpere\/wp-json\/wp\/v2\/media\/11509"}],"wp:attachment":[{"href":"https:\/\/agora.xtec.cat\/ceipsantpere\/wp-json\/wp\/v2\/media?parent=11508"}],"wp:term":[{"taxonomy":"category","embeddable":true,"href":"https:\/\/agora.xtec.cat\/ceipsantpere\/wp-json\/wp\/v2\/categories?post=11508"},{"taxonomy":"post_tag","embeddable":true,"href":"https:\/\/agora.xtec.cat\/ceipsantpere\/wp-json\/wp\/v2\/tags?post=11508"}],"curies":[{"name":"wp","href":"https:\/\/api.w.org\/{rel}","templated":true}]}}