{"id":11205,"date":"2022-02-12T18:52:35","date_gmt":"2022-02-12T17:52:35","guid":{"rendered":"https:\/\/agora.xtec.cat\/ceipsantpere\/?p=11205"},"modified":"2022-09-05T14:29:12","modified_gmt":"2022-09-05T12:29:12","slug":"consciencia-fonologica","status":"publish","type":"post","link":"https:\/\/agora.xtec.cat\/ceipsantpere\/curs-2021-2022\/consciencia-fonologica\/","title":{"rendered":"CONSCI\u00c8NCIA FONOL\u00d2GICA"},"content":{"rendered":"<p><a href=\"https:\/\/agora.xtec.cat\/ceipsantpere\/wp-content\/uploads\/usu1286\/2022\/02\/Captura-de-pantalla-2022-02-12-183909.png\"><img loading=\"lazy\" decoding=\"async\" class=\"size-full wp-image-11206 aligncenter\" src=\"https:\/\/agora.xtec.cat\/ceipsantpere\/wp-content\/uploads\/usu1286\/2022\/02\/Captura-de-pantalla-2022-02-12-183909.png\" alt=\"\" width=\"571\" height=\"570\" srcset=\"https:\/\/agora.xtec.cat\/ceipsantpere\/wp-content\/uploads\/usu1286\/2022\/02\/Captura-de-pantalla-2022-02-12-183909.png 571w, https:\/\/agora.xtec.cat\/ceipsantpere\/wp-content\/uploads\/usu1286\/2022\/02\/Captura-de-pantalla-2022-02-12-183909-300x300.png 300w, https:\/\/agora.xtec.cat\/ceipsantpere\/wp-content\/uploads\/usu1286\/2022\/02\/Captura-de-pantalla-2022-02-12-183909-150x150.png 150w\" sizes=\"auto, (max-width: 571px) 100vw, 571px\" \/><\/a><\/p>\n<p style=\"text-align: justify\">Les nenes i els nens de la classe de La Paret del Diable els divendres fem exercicis i activitats per a treballar la consci\u00e8ncia fonol\u00f2gica. Ens van molt b\u00e9 per a despertar i agafar for\u00e7a en els m\u00fasculs de la cara, aprendre a fer els sons de les lletres i vocalitzar per\u00f2 el millor \u00e9s que ens ho passem molt b\u00e9. Juguem bufant amb canyetes, hem d&#8217;inflar gl\u00f2bus, portar pilotes a sobre d&#8217;una cullera i tamb\u00e9 treballem vocabulari!<\/p>\n<p>&nbsp;<\/p>\n","protected":false},"excerpt":{"rendered":"<p>Les nenes i els nens de la classe de La Paret del Diable els divendres fem exercicis i activitats per a treballar la consci\u00e8ncia fonol\u00f2gica. Ens van molt b\u00e9 per a despertar i agafar for\u00e7a en els m\u00fasculs de la cara, aprendre a fer els sons de les lletres i vocalitzar per\u00f2 el millor \u00e9s [&hellip;]<\/p>\n","protected":false},"author":1,"featured_media":0,"comment_status":"open","ping_status":"closed","sticky":false,"template":"","format":"standard","meta":{"_bbp_topic_count":0,"_bbp_reply_count":0,"_bbp_total_topic_count":0,"_bbp_total_reply_count":0,"_bbp_voice_count":0,"_bbp_anonymous_reply_count":0,"_bbp_topic_count_hidden":0,"_bbp_reply_count_hidden":0,"_bbp_forum_subforum_count":0,"site-sidebar-layout":"default","site-content-layout":"","ast-site-content-layout":"","site-content-style":"default","site-sidebar-style":"default","ast-global-header-display":"","ast-banner-title-visibility":"","ast-main-header-display":"","ast-hfb-above-header-display":"","ast-hfb-below-header-display":"","ast-hfb-mobile-header-display":"","site-post-title":"","ast-breadcrumbs-content":"","ast-featured-img":"","footer-sml-layout":"","theme-transparent-header-meta":"","adv-header-id-meta":"","stick-header-meta":"","header-above-stick-meta":"","header-main-stick-meta":"","header-below-stick-meta":"","astra-migrate-meta-layouts":"default","ast-page-background-enabled":"default","ast-page-background-meta":{"desktop":{"background-color":"var(--ast-global-color-4)","background-image":"","background-repeat":"repeat","background-position":"center center","background-size":"auto","background-attachment":"scroll","background-type":"","background-media":"","overlay-type":"","overlay-color":"","overlay-opacity":"","overlay-gradient":""},"tablet":{"background-color":"","background-image":"","background-repeat":"repeat","background-position":"center center","background-size":"auto","background-attachment":"scroll","background-type":"","background-media":"","overlay-type":"","overlay-color":"","overlay-opacity":"","overlay-gradient":""},"mobile":{"background-color":"","background-image":"","background-repeat":"repeat","background-position":"center center","background-size":"auto","background-attachment":"scroll","background-type":"","background-media":"","overlay-type":"","overlay-color":"","overlay-opacity":"","overlay-gradient":""}},"ast-content-background-meta":{"desktop":{"background-color":"var(--ast-global-color-5)","background-image":"","background-repeat":"repeat","background-position":"center center","background-size":"auto","background-attachment":"scroll","background-type":"","background-media":"","overlay-type":"","overlay-color":"","overlay-opacity":"","overlay-gradient":""},"tablet":{"background-color":"var(--ast-global-color-5)","background-image":"","background-repeat":"repeat","background-position":"center center","background-size":"auto","background-attachment":"scroll","background-type":"","background-media":"","overlay-type":"","overlay-color":"","overlay-opacity":"","overlay-gradient":""},"mobile":{"background-color":"var(--ast-global-color-5)","background-image":"","background-repeat":"repeat","background-position":"center center","background-size":"auto","background-attachment":"scroll","background-type":"","background-media":"","overlay-type":"","overlay-color":"","overlay-opacity":"","overlay-gradient":""}},"footnotes":""},"categories":[548],"tags":[],"class_list":["post-11205","post","type-post","status-publish","format-standard","hentry","category-curs-2021-2022"],"post_mailing_queue_ids":[],"_links":{"self":[{"href":"https:\/\/agora.xtec.cat\/ceipsantpere\/wp-json\/wp\/v2\/posts\/11205","targetHints":{"allow":["GET"]}}],"collection":[{"href":"https:\/\/agora.xtec.cat\/ceipsantpere\/wp-json\/wp\/v2\/posts"}],"about":[{"href":"https:\/\/agora.xtec.cat\/ceipsantpere\/wp-json\/wp\/v2\/types\/post"}],"author":[{"embeddable":true,"href":"https:\/\/agora.xtec.cat\/ceipsantpere\/wp-json\/wp\/v2\/users\/1"}],"replies":[{"embeddable":true,"href":"https:\/\/agora.xtec.cat\/ceipsantpere\/wp-json\/wp\/v2\/comments?post=11205"}],"version-history":[{"count":1,"href":"https:\/\/agora.xtec.cat\/ceipsantpere\/wp-json\/wp\/v2\/posts\/11205\/revisions"}],"predecessor-version":[{"id":11207,"href":"https:\/\/agora.xtec.cat\/ceipsantpere\/wp-json\/wp\/v2\/posts\/11205\/revisions\/11207"}],"wp:attachment":[{"href":"https:\/\/agora.xtec.cat\/ceipsantpere\/wp-json\/wp\/v2\/media?parent=11205"}],"wp:term":[{"taxonomy":"category","embeddable":true,"href":"https:\/\/agora.xtec.cat\/ceipsantpere\/wp-json\/wp\/v2\/categories?post=11205"},{"taxonomy":"post_tag","embeddable":true,"href":"https:\/\/agora.xtec.cat\/ceipsantpere\/wp-json\/wp\/v2\/tags?post=11205"}],"curies":[{"name":"wp","href":"https:\/\/api.w.org\/{rel}","templated":true}]}}