{"id":10953,"date":"2021-12-14T15:50:15","date_gmt":"2021-12-14T14:50:15","guid":{"rendered":"https:\/\/agora.xtec.cat\/ceipsantpere\/?p=10953"},"modified":"2022-09-05T14:52:14","modified_gmt":"2022-09-05T12:52:14","slug":"lectura-daforismes-de-joan-carles-amat","status":"publish","type":"post","link":"https:\/\/agora.xtec.cat\/ceipsantpere\/curs-2021-2022\/lectura-daforismes-de-joan-carles-amat\/","title":{"rendered":"LECTURA D&#8217;AFORISMES DE JOAN CARLES AMAT"},"content":{"rendered":"<div style=\"width: 640px;\" class=\"wp-video\"><!--[if lt IE 9]><script>document.createElement('video');<\/script><![endif]-->\n<video class=\"wp-video-shortcode\" id=\"video-10953-1\" width=\"640\" height=\"352\" preload=\"metadata\" controls=\"controls\"><source type=\"video\/mp4\" src=\"https:\/\/agora.xtec.cat\/ceipsantpere\/wp-content\/uploads\/usu1286\/2021\/12\/VID-20211213-WA0001.mp4?_=1\" \/><a href=\"https:\/\/agora.xtec.cat\/ceipsantpere\/wp-content\/uploads\/usu1286\/2021\/12\/VID-20211213-WA0001.mp4\">https:\/\/agora.xtec.cat\/ceipsantpere\/wp-content\/uploads\/usu1286\/2021\/12\/VID-20211213-WA0001.mp4<\/a><\/video><\/div>\n<p>&nbsp;<\/p>\n<p style=\"text-align: justify;\">Aquest diumenge, tot aprofitant la fira de Nadal, l&#8217;associaci\u00f3 Joan Carles Amat va inaugurar l&#8217;any de celebraci\u00f3 del 450 anys del seu naixement. Acceptant la invitaci\u00f3, una representaci\u00f3 dels alumnes de 5\u00e8 de l&#8217;escola van participar en la lectura d&#8217;algun dels aforismes del seu fam\u00f3s recull <em>Quatre-cents aforismes catalans<\/em>. Vam gaudir d&#8217;una matinal musical, acompanyats del grup de guitarres de l&#8217;Escola de m\u00fasica de Sant Vicen\u00e7, que donaven a con\u00e8ixer l&#8217;instrument pel que l&#8217;autor monistrolenc, Amat, va composar el primer tractat.<\/p>\n","protected":false},"excerpt":{"rendered":"<p>&nbsp; Aquest diumenge, tot aprofitant la fira de Nadal, l&#8217;associaci\u00f3 Joan Carles Amat va inaugurar l&#8217;any de celebraci\u00f3 del 450 anys del seu naixement. Acceptant la invitaci\u00f3, una representaci\u00f3 dels alumnes de 5\u00e8 de l&#8217;escola van participar en la lectura d&#8217;algun dels aforismes del seu fam\u00f3s recull Quatre-cents aforismes catalans. Vam gaudir d&#8217;una matinal musical, [&hellip;]<\/p>\n","protected":false},"author":4,"featured_media":0,"comment_status":"open","ping_status":"closed","sticky":false,"template":"","format":"standard","meta":{"_bbp_topic_count":0,"_bbp_reply_count":0,"_bbp_total_topic_count":0,"_bbp_total_reply_count":0,"_bbp_voice_count":0,"_bbp_anonymous_reply_count":0,"_bbp_topic_count_hidden":0,"_bbp_reply_count_hidden":0,"_bbp_forum_subforum_count":0,"site-sidebar-layout":"default","site-content-layout":"","ast-site-content-layout":"","site-content-style":"default","site-sidebar-style":"default","ast-global-header-display":"","ast-banner-title-visibility":"","ast-main-header-display":"","ast-hfb-above-header-display":"","ast-hfb-below-header-display":"","ast-hfb-mobile-header-display":"","site-post-title":"","ast-breadcrumbs-content":"","ast-featured-img":"","footer-sml-layout":"","theme-transparent-header-meta":"","adv-header-id-meta":"","stick-header-meta":"","header-above-stick-meta":"","header-main-stick-meta":"","header-below-stick-meta":"","astra-migrate-meta-layouts":"default","ast-page-background-enabled":"default","ast-page-background-meta":{"desktop":{"background-color":"var(--ast-global-color-4)","background-image":"","background-repeat":"repeat","background-position":"center center","background-size":"auto","background-attachment":"scroll","background-type":"","background-media":"","overlay-type":"","overlay-color":"","overlay-opacity":"","overlay-gradient":""},"tablet":{"background-color":"","background-image":"","background-repeat":"repeat","background-position":"center center","background-size":"auto","background-attachment":"scroll","background-type":"","background-media":"","overlay-type":"","overlay-color":"","overlay-opacity":"","overlay-gradient":""},"mobile":{"background-color":"","background-image":"","background-repeat":"repeat","background-position":"center center","background-size":"auto","background-attachment":"scroll","background-type":"","background-media":"","overlay-type":"","overlay-color":"","overlay-opacity":"","overlay-gradient":""}},"ast-content-background-meta":{"desktop":{"background-color":"var(--ast-global-color-5)","background-image":"","background-repeat":"repeat","background-position":"center center","background-size":"auto","background-attachment":"scroll","background-type":"","background-media":"","overlay-type":"","overlay-color":"","overlay-opacity":"","overlay-gradient":""},"tablet":{"background-color":"var(--ast-global-color-5)","background-image":"","background-repeat":"repeat","background-position":"center center","background-size":"auto","background-attachment":"scroll","background-type":"","background-media":"","overlay-type":"","overlay-color":"","overlay-opacity":"","overlay-gradient":""},"mobile":{"background-color":"var(--ast-global-color-5)","background-image":"","background-repeat":"repeat","background-position":"center center","background-size":"auto","background-attachment":"scroll","background-type":"","background-media":"","overlay-type":"","overlay-color":"","overlay-opacity":"","overlay-gradient":""}},"footnotes":""},"categories":[548],"tags":[488,489],"class_list":["post-10953","post","type-post","status-publish","format-standard","hentry","category-curs-2021-2022","tag-fira-de-nadal","tag-joan-carles-amat"],"post_mailing_queue_ids":[],"_links":{"self":[{"href":"https:\/\/agora.xtec.cat\/ceipsantpere\/wp-json\/wp\/v2\/posts\/10953","targetHints":{"allow":["GET"]}}],"collection":[{"href":"https:\/\/agora.xtec.cat\/ceipsantpere\/wp-json\/wp\/v2\/posts"}],"about":[{"href":"https:\/\/agora.xtec.cat\/ceipsantpere\/wp-json\/wp\/v2\/types\/post"}],"author":[{"embeddable":true,"href":"https:\/\/agora.xtec.cat\/ceipsantpere\/wp-json\/wp\/v2\/users\/4"}],"replies":[{"embeddable":true,"href":"https:\/\/agora.xtec.cat\/ceipsantpere\/wp-json\/wp\/v2\/comments?post=10953"}],"version-history":[{"count":3,"href":"https:\/\/agora.xtec.cat\/ceipsantpere\/wp-json\/wp\/v2\/posts\/10953\/revisions"}],"predecessor-version":[{"id":10959,"href":"https:\/\/agora.xtec.cat\/ceipsantpere\/wp-json\/wp\/v2\/posts\/10953\/revisions\/10959"}],"wp:attachment":[{"href":"https:\/\/agora.xtec.cat\/ceipsantpere\/wp-json\/wp\/v2\/media?parent=10953"}],"wp:term":[{"taxonomy":"category","embeddable":true,"href":"https:\/\/agora.xtec.cat\/ceipsantpere\/wp-json\/wp\/v2\/categories?post=10953"},{"taxonomy":"post_tag","embeddable":true,"href":"https:\/\/agora.xtec.cat\/ceipsantpere\/wp-json\/wp\/v2\/tags?post=10953"}],"curies":[{"name":"wp","href":"https:\/\/api.w.org\/{rel}","templated":true}]}}