{"id":6388,"date":"2026-01-30T20:40:12","date_gmt":"2026-01-30T19:40:12","guid":{"rendered":"https:\/\/agora.xtec.cat\/ceipsantmiquel\/?p=6388"},"modified":"2026-01-30T20:40:28","modified_gmt":"2026-01-30T19:40:28","slug":"dia-escolar-de-la-no-violencia-i-la-pau-3","status":"publish","type":"post","link":"https:\/\/agora.xtec.cat\/ceipsantmiquel\/general\/dia-escolar-de-la-no-violencia-i-la-pau-3\/","title":{"rendered":"Dia Escolar de la No-viol\u00e8ncia i la Pau"},"content":{"rendered":"<p>Avui, 30 de gener, hem celebrat el <strong>Dia Escolar de la No-viol\u00e8ncia i la Pau<\/strong> (<strong>DENIP<\/strong>).<\/p>\n<p>Al llarg del mat\u00ed, l\u2019alumnat ha participat en diverses activitats de reflexi\u00f3 sobre el respecte, la conviv\u00e8ncia, la solidaritat i la pau. Continuem educant per sembrar valors que ajudin a construir un m\u00f3n m\u00e9s just.<\/p>\n<p>Vegeu un \u00e0lbum de fotografies de les diverses activitats clicant <a href=\"https:\/\/photos.google.com\/share\/AF1QipNst9DaISi3Wgr1IWyHPvPjDHkr2yYrJfWg0EqailiZY2L-glzDn0nk6_SoftiyJw?key=LXhJSVRVWG5mNktaRWp3T0VNQWJGQ0pJc1NrdnNB\"><strong>aqu\u00ed<\/strong><\/a>.<\/p>\n<p><a href=\"https:\/\/agora.xtec.cat\/ceipsantmiquel\/wp-content\/uploads\/usu2020\/2026\/01\/WhatsApp-Image-2026-01-30-at-18.42.36.jpeg\"><img loading=\"lazy\" decoding=\"async\" class=\"aligncenter wp-image-6390\" src=\"https:\/\/agora.xtec.cat\/ceipsantmiquel\/wp-content\/uploads\/usu2020\/2026\/01\/WhatsApp-Image-2026-01-30-at-18.42.36-1024x768.jpeg\" alt=\"\" width=\"771\" height=\"578\" srcset=\"https:\/\/agora.xtec.cat\/ceipsantmiquel\/wp-content\/uploads\/usu2020\/2026\/01\/WhatsApp-Image-2026-01-30-at-18.42.36-1024x768.jpeg 1024w, https:\/\/agora.xtec.cat\/ceipsantmiquel\/wp-content\/uploads\/usu2020\/2026\/01\/WhatsApp-Image-2026-01-30-at-18.42.36-300x225.jpeg 300w, https:\/\/agora.xtec.cat\/ceipsantmiquel\/wp-content\/uploads\/usu2020\/2026\/01\/WhatsApp-Image-2026-01-30-at-18.42.36-768x576.jpeg 768w, https:\/\/agora.xtec.cat\/ceipsantmiquel\/wp-content\/uploads\/usu2020\/2026\/01\/WhatsApp-Image-2026-01-30-at-18.42.36-1536x1152.jpeg 1536w, https:\/\/agora.xtec.cat\/ceipsantmiquel\/wp-content\/uploads\/usu2020\/2026\/01\/WhatsApp-Image-2026-01-30-at-18.42.36.jpeg 1600w\" sizes=\"auto, (max-width: 771px) 100vw, 771px\" \/><\/a><\/p>\n","protected":false},"excerpt":{"rendered":"<p>Avui, 30 de gener, hem celebrat el Dia Escolar de la No-viol\u00e8ncia i la Pau (DENIP). Al llarg del mat\u00ed, l\u2019alumnat ha participat en diverses activitats de reflexi\u00f3 sobre el respecte, la conviv\u00e8ncia, la solidaritat i la pau. Continuem educant per sembrar valors que ajudin a construir un m\u00f3n m\u00e9s just. Vegeu un \u00e0lbum de [&hellip;]<\/p>\n","protected":false},"author":1,"featured_media":6389,"comment_status":"closed","ping_status":"closed","sticky":false,"template":"","format":"standard","meta":{"_bbp_topic_count":0,"_bbp_reply_count":0,"_bbp_total_topic_count":0,"_bbp_total_reply_count":0,"_bbp_voice_count":0,"_bbp_anonymous_reply_count":0,"_bbp_topic_count_hidden":0,"_bbp_reply_count_hidden":0,"_bbp_forum_subforum_count":0,"site-sidebar-layout":"default","site-content-layout":"","ast-site-content-layout":"default","site-content-style":"default","site-sidebar-style":"default","ast-global-header-display":"","ast-banner-title-visibility":"","ast-main-header-display":"","ast-hfb-above-header-display":"","ast-hfb-below-header-display":"","ast-hfb-mobile-header-display":"","site-post-title":"","ast-breadcrumbs-content":"","ast-featured-img":"","footer-sml-layout":"","theme-transparent-header-meta":"default","adv-header-id-meta":"","stick-header-meta":"","header-above-stick-meta":"","header-main-stick-meta":"","header-below-stick-meta":"","astra-migrate-meta-layouts":"set","ast-page-background-enabled":"default","ast-page-background-meta":{"desktop":{"background-color":"var(--ast-global-color-4)","background-image":"","background-repeat":"repeat","background-position":"center center","background-size":"auto","background-attachment":"scroll","background-type":"","background-media":"","overlay-type":"","overlay-color":"","overlay-opacity":"","overlay-gradient":""},"tablet":{"background-color":"","background-image":"","background-repeat":"repeat","background-position":"center center","background-size":"auto","background-attachment":"scroll","background-type":"","background-media":"","overlay-type":"","overlay-color":"","overlay-opacity":"","overlay-gradient":""},"mobile":{"background-color":"","background-image":"","background-repeat":"repeat","background-position":"center center","background-size":"auto","background-attachment":"scroll","background-type":"","background-media":"","overlay-type":"","overlay-color":"","overlay-opacity":"","overlay-gradient":""}},"ast-content-background-meta":{"desktop":{"background-color":"var(--ast-global-color-5)","background-image":"","background-repeat":"repeat","background-position":"center center","background-size":"auto","background-attachment":"scroll","background-type":"","background-media":"","overlay-type":"","overlay-color":"","overlay-opacity":"","overlay-gradient":""},"tablet":{"background-color":"var(--ast-global-color-5)","background-image":"","background-repeat":"repeat","background-position":"center center","background-size":"auto","background-attachment":"scroll","background-type":"","background-media":"","overlay-type":"","overlay-color":"","overlay-opacity":"","overlay-gradient":""},"mobile":{"background-color":"var(--ast-global-color-5)","background-image":"","background-repeat":"repeat","background-position":"center center","background-size":"auto","background-attachment":"scroll","background-type":"","background-media":"","overlay-type":"","overlay-color":"","overlay-opacity":"","overlay-gradient":""}},"footnotes":""},"categories":[69,70,71,1,2,4,5],"tags":[389,131,272],"class_list":["post-6388","post","type-post","status-publish","format-standard","has-post-thumbnail","hentry","category-ci","category-cm","category-cs","category-general","category-infantil","category-portada","category-primaria","tag-curs-2025-26","tag-denip","tag-dia-de-la-pau"],"post_mailing_queue_ids":[],"_links":{"self":[{"href":"https:\/\/agora.xtec.cat\/ceipsantmiquel\/wp-json\/wp\/v2\/posts\/6388","targetHints":{"allow":["GET"]}}],"collection":[{"href":"https:\/\/agora.xtec.cat\/ceipsantmiquel\/wp-json\/wp\/v2\/posts"}],"about":[{"href":"https:\/\/agora.xtec.cat\/ceipsantmiquel\/wp-json\/wp\/v2\/types\/post"}],"author":[{"embeddable":true,"href":"https:\/\/agora.xtec.cat\/ceipsantmiquel\/wp-json\/wp\/v2\/users\/1"}],"replies":[{"embeddable":true,"href":"https:\/\/agora.xtec.cat\/ceipsantmiquel\/wp-json\/wp\/v2\/comments?post=6388"}],"version-history":[{"count":3,"href":"https:\/\/agora.xtec.cat\/ceipsantmiquel\/wp-json\/wp\/v2\/posts\/6388\/revisions"}],"predecessor-version":[{"id":6393,"href":"https:\/\/agora.xtec.cat\/ceipsantmiquel\/wp-json\/wp\/v2\/posts\/6388\/revisions\/6393"}],"wp:featuredmedia":[{"embeddable":true,"href":"https:\/\/agora.xtec.cat\/ceipsantmiquel\/wp-json\/wp\/v2\/media\/6389"}],"wp:attachment":[{"href":"https:\/\/agora.xtec.cat\/ceipsantmiquel\/wp-json\/wp\/v2\/media?parent=6388"}],"wp:term":[{"taxonomy":"category","embeddable":true,"href":"https:\/\/agora.xtec.cat\/ceipsantmiquel\/wp-json\/wp\/v2\/categories?post=6388"},{"taxonomy":"post_tag","embeddable":true,"href":"https:\/\/agora.xtec.cat\/ceipsantmiquel\/wp-json\/wp\/v2\/tags?post=6388"}],"curies":[{"name":"wp","href":"https:\/\/api.w.org\/{rel}","templated":true}]}}